{"id":19097,"date":"2014-08-27T09:48:18","date_gmt":"2014-08-27T12:48:18","guid":{"rendered":"https:\/\/portalv1.com.br\/?p=19097"},"modified":"2014-08-27T09:48:18","modified_gmt":"2014-08-27T12:48:18","slug":"prefeitos-do-vale-do-sambito-se-reunem-nesta-sexta-em-pimenteiras","status":"publish","type":"post","link":"https:\/\/portalv1.com.br\/prefeitos-do-vale-do-sambito-se-reunem-nesta-sexta-em-pimenteiras\/","title":{"rendered":"Prefeitos do Vale do Sambito se re\u00fanem nesta sexta em Pimenteiras"},"content":{"rendered":"<figure id=\"attachment_16840\" aria-describedby=\"caption-attachment-16840\" style=\"width: 300px\" class=\"wp-caption alignright\"><a href=\"https:\/\/portalv1.com.br\/app\/wp-content\/uploads\/2013\/10\/prefeitos.jpg\"><img loading=\"lazy\" decoding=\"async\" class=\"size-full wp-image-16840\" src=\"https:\/\/portalv1.com.br\/app\/wp-content\/uploads\/2013\/10\/prefeitos.jpg\" alt=\"Prefeitos de V\u00e1rzea Grande, Aroazes, Inhuma e Lagoa do Sitio \" width=\"300\" height=\"225\" \/><\/a><figcaption id=\"caption-attachment-16840\" class=\"wp-caption-text\">Prefeitos de V\u00e1rzea Grande, Aroazes, Inhuma e Lagoa do Sitio<\/figcaption><\/figure>\n<p>Nesta sexta-feira (29) os prefeitos que integram o Territ\u00f3rio de Desenvolvimento do Vale do Sambito estar\u00e3o reunidos no plen\u00e1rio da c\u00e2mara municipal de Pimenteiras para discutir projetos e informes do referido territ\u00f3rio.<\/p>\n<p>A reuni\u00e3o contar\u00e1 com a participa\u00e7\u00e3o de t\u00e9cnicos do Minist\u00e9rio da Agricultura que ir\u00e3o falar sobre a implanta\u00e7\u00e3o do selo da agricultura familiar nos produtos, produzidos nos munic\u00edpios que comp\u00f5em o territ\u00f3rio.<\/p>\n<p>A reuni\u00e3o est\u00e1 marcada para as 08h da manha. o prefeito Venicio do \u00d3 afirmou que o encontro \u00e9 importante para o territ\u00f3rio uma vez que s\u00e3o nessas reuni\u00f5es que s\u00e3o apresentadas propostas e projetos para a melhoria da regi\u00e3o instalada no semi\u00e1rido piauiense.<\/p>\n","protected":false},"excerpt":{"rendered":"<p>Nesta sexta-feira (29) os prefeitos que integram o Territ\u00f3rio de Desenvolvimento do Vale do Sambito estar\u00e3o reunidos no plen\u00e1rio da c\u00e2mara municipal de Pimenteiras para discutir projetos e informes do&#8230;<\/p>\n","protected":false},"author":1,"featured_media":0,"comment_status":"open","ping_status":"open","sticky":false,"template":"","format":"standard","meta":{"ngg_post_thumbnail":0,"footnotes":""},"categories":[12],"tags":[1217,1218,1219,18],"class_list":["post-19097","post","type-post","status-publish","format-standard","hentry","category-valenca-news","tag-prefeitos","tag-territorio","tag-vale-do-sambito","tag-valenca"],"views":310,"meta_data":{"thumb":"https:\/\/portalv1.com.br\/app\/wp-content\/uploads\/2013\/10\/prefeitos.jpg","data":{"simple":"27\/08\/2014","date_time":"27\/08\/2014 06:48:18","date":"h\u00e1 12 anos"},"chapeu":"F\u00f3rum regional ","source":"slide"},"_links":{"self":[{"href":"https:\/\/portalv1.com.br\/api\/wp\/v2\/posts\/19097","targetHints":{"allow":["GET"]}}],"collection":[{"href":"https:\/\/portalv1.com.br\/api\/wp\/v2\/posts"}],"about":[{"href":"https:\/\/portalv1.com.br\/api\/wp\/v2\/types\/post"}],"author":[{"embeddable":true,"href":"https:\/\/portalv1.com.br\/api\/wp\/v2\/users\/1"}],"replies":[{"embeddable":true,"href":"https:\/\/portalv1.com.br\/api\/wp\/v2\/comments?post=19097"}],"version-history":[{"count":0,"href":"https:\/\/portalv1.com.br\/api\/wp\/v2\/posts\/19097\/revisions"}],"wp:attachment":[{"href":"https:\/\/portalv1.com.br\/api\/wp\/v2\/media?parent=19097"}],"wp:term":[{"taxonomy":"category","embeddable":true,"href":"https:\/\/portalv1.com.br\/api\/wp\/v2\/categories?post=19097"},{"taxonomy":"post_tag","embeddable":true,"href":"https:\/\/portalv1.com.br\/api\/wp\/v2\/tags?post=19097"}],"curies":[{"name":"wp","href":"https:\/\/api.w.org\/{rel}","templated":true}]}}