{"id":191084,"date":"2024-02-29T09:53:36","date_gmt":"2024-02-29T12:53:36","guid":{"rendered":"https:\/\/portalv1.com.br\/?p=191084"},"modified":"2024-02-29T09:57:23","modified_gmt":"2024-02-29T12:57:23","slug":"governo-do-estado-anuncia-pagamento-da-3a-parcela-do-fundef","status":"publish","type":"post","link":"https:\/\/portalv1.com.br\/governo-do-estado-anuncia-pagamento-da-3a-parcela-do-fundef\/","title":{"rendered":"Governo do Estado anuncia pagamento da 3\u00aa parcela do Fundef"},"content":{"rendered":"<p>O governador Rafael Fonteles anunciou nesta quinta-feira (29) que a terceira parcela do pagamento do rateio do Fundo de Manuten\u00e7\u00e3o e Desenvolvimento do Ensino Fundamental e de Valoriza\u00e7\u00e3o do Magist\u00e9rio (Fundef) ser\u00e1 paga em mar\u00e7o.<\/p>\n<p>Desta vez, ser\u00e3o R$ 90 milh\u00f5es que v\u00e3o ser distribu\u00eddos para cerca de 35 mil professores da rede estadual que trabalharam entre 1997 e 2006. A informa\u00e7\u00e3o foi divulgada nesta manh\u00e3 pelas redes sociais do governador.<\/p>\n<p>&#8220;Mais uma \u00f3tima not\u00edcia para os Profissionais da Educa\u00e7\u00e3o! A terceira parcela do precat\u00f3rio do FUNDEF ser\u00e1 paga nesse m\u00eas de mar\u00e7o. Ser\u00e3o mais de R$ 90 milh\u00f5es distribu\u00eddos para mais de 35 mil profissionais que atuaram no magist\u00e9rio entre 1997 e 2006&#8221;, anunciou Rafael Fonteles.<\/p>\n<p><strong>Quem tem direito<\/strong><\/p>\n<p>Professores &#8220;seletistas&#8221;, bolsistas, tempor\u00e1rios, aposentados, pensionistas e herdeiros.<\/p>\n<p><strong>Per\u00edodo trabalhado<\/strong><\/p>\n<p>Que estavam na rede de janeiro de 1997 a dezembro de 2006.<\/p>\n<p>Como ser\u00e1 pago<\/p>\n<p>Os profissionais ativos (que atuam na rede) v\u00e3o receber direto na conta sal\u00e1rio, j\u00e1 os que j\u00e1 est\u00e3o fora da rede precisam atualizar os dados cadastrais, atrav\u00e9s de um link disponibilizado no site da Seduc.<\/p>\n<p>A primeira parcela dos recursos do Fundef foi paga em fevereiro do ano passado e a segunda em julho. Esta terceira e \u00faltima parcela deve ser paga neste m\u00eas de mar\u00e7o.<\/p>\n","protected":false},"excerpt":{"rendered":"<p>O governador Rafael Fonteles anunciou nesta quinta-feira (29) que a terceira parcela do pagamento do rateio do Fundo de Manuten\u00e7\u00e3o e Desenvolvimento do Ensino Fundamental e de Valoriza\u00e7\u00e3o do Magist\u00e9rio&#8230;<\/p>\n","protected":false},"author":1,"featured_media":87339,"comment_status":"open","ping_status":"open","sticky":false,"template":"","format":"standard","meta":{"ngg_post_thumbnail":0,"footnotes":""},"categories":[243],"tags":[],"class_list":["post-191084","post","type-post","status-publish","format-standard","has-post-thumbnail","hentry","category-geral"],"views":43049,"meta_data":{"thumb":"https:\/\/portalv1.com.br\/app\/wp-content\/uploads\/2020\/08\/karnak2.jpg","imagem":{"fullsize":{"url":"https:\/\/portalv1.com.br\/app\/wp-content\/uploads\/2020\/08\/karnak2.jpg","width":984,"height":571},"medium":{"url":"https:\/\/portalv1.com.br\/app\/wp-content\/uploads\/2020\/08\/karnak2-300x174.jpg","width":300,"height":174},"large":{"url":"https:\/\/portalv1.com.br\/app\/wp-content\/uploads\/2020\/08\/karnak2-640x371.jpg","width":640,"height":371},"thumbnail":{"url":"https:\/\/portalv1.com.br\/app\/wp-content\/uploads\/2020\/08\/karnak2-100x100.jpg","width":100,"height":100},"medium_large":{"url":"https:\/\/portalv1.com.br\/app\/wp-content\/uploads\/2020\/08\/karnak2-768x446.jpg","width":768,"height":446}},"data":{"simple":"29\/02\/2024","date_time":"29\/02\/2024 06:53:36","date":"h\u00e1 2 anos"},"chapeu":"Veja detalhes ","source":"slide"},"_links":{"self":[{"href":"https:\/\/portalv1.com.br\/api\/wp\/v2\/posts\/191084","targetHints":{"allow":["GET"]}}],"collection":[{"href":"https:\/\/portalv1.com.br\/api\/wp\/v2\/posts"}],"about":[{"href":"https:\/\/portalv1.com.br\/api\/wp\/v2\/types\/post"}],"author":[{"embeddable":true,"href":"https:\/\/portalv1.com.br\/api\/wp\/v2\/users\/1"}],"replies":[{"embeddable":true,"href":"https:\/\/portalv1.com.br\/api\/wp\/v2\/comments?post=191084"}],"version-history":[{"count":0,"href":"https:\/\/portalv1.com.br\/api\/wp\/v2\/posts\/191084\/revisions"}],"wp:featuredmedia":[{"embeddable":true,"href":"https:\/\/portalv1.com.br\/api\/wp\/v2\/media\/87339"}],"wp:attachment":[{"href":"https:\/\/portalv1.com.br\/api\/wp\/v2\/media?parent=191084"}],"wp:term":[{"taxonomy":"category","embeddable":true,"href":"https:\/\/portalv1.com.br\/api\/wp\/v2\/categories?post=191084"},{"taxonomy":"post_tag","embeddable":true,"href":"https:\/\/portalv1.com.br\/api\/wp\/v2\/tags?post=191084"}],"curies":[{"name":"wp","href":"https:\/\/api.w.org\/{rel}","templated":true}]}}