{"id":19130,"date":"2014-09-02T09:00:44","date_gmt":"2014-09-02T12:00:44","guid":{"rendered":"https:\/\/portalv1.com.br\/?p=19130"},"modified":"2014-09-02T08:53:27","modified_gmt":"2014-09-02T11:53:27","slug":"moradores-da-lagoa-do-roque-estao-sem-agua-ha-tres-meses","status":"publish","type":"post","link":"https:\/\/portalv1.com.br\/moradores-da-lagoa-do-roque-estao-sem-agua-ha-tres-meses\/","title":{"rendered":"Moradores da Lagoa do Roque est\u00e3o sem \u00e1gua h\u00e1 tr\u00eas meses"},"content":{"rendered":"<figure id=\"attachment_19131\" aria-describedby=\"caption-attachment-19131\" style=\"width: 300px\" class=\"wp-caption alignright\"><a href=\"https:\/\/portalv1.com.br\/app\/wp-content\/uploads\/2014\/09\/agua.jpg\"><img loading=\"lazy\" decoding=\"async\" class=\"wp-image-19131 size-full\" src=\"https:\/\/portalv1.com.br\/app\/wp-content\/uploads\/2014\/09\/agua.jpg\" alt=\"a comunidade est\u00e1 a tr\u00eas meses sem \u00e1gua. \" width=\"300\" height=\"200\" \/><\/a><figcaption id=\"caption-attachment-19131\" class=\"wp-caption-text\">a comunidade est\u00e1 a tr\u00eas meses sem \u00e1gua.<\/figcaption><\/figure>\n<p>Os moradores da Localidade Lagoa do Roque na Serra do Batista est\u00e3o h\u00e1 tr\u00eas meses com o po\u00e7o quebrado. A reclama\u00e7\u00e3o \u00e9 da moradora Lidiane Veloso presidenta do Conselho do Territ\u00f3rio do Vale do Sambito. De acordo com Lidiane Veloso v\u00e1rios pleitos j\u00e1 foram realizados no sentido de sensibilizar o prefeito Walfredo Filho para a dificuldade vivida pelos moradores, sobre tudo pelas m\u00e3es com filhos pequenos, mais at\u00e9 agora n\u00e3o obtiveram nenhuma posi\u00e7\u00e3o. \u201cA bomba e a instala\u00e7\u00e3o el\u00e9trica queimaram e as 16 fam\u00edlias da localidade, incluindo as crian\u00e7as est\u00e3o passando sede\u201d denunciou \u00e0 moradora.<\/p>\n","protected":false},"excerpt":{"rendered":"<p>Os moradores da Localidade Lagoa do Roque na Serra do Batista est\u00e3o h\u00e1 tr\u00eas meses com o po\u00e7o quebrado. A reclama\u00e7\u00e3o \u00e9 da moradora Lidiane Veloso presidenta do Conselho do&#8230;<\/p>\n","protected":false},"author":1,"featured_media":0,"comment_status":"open","ping_status":"open","sticky":false,"template":"","format":"standard","meta":{"ngg_post_thumbnail":0,"footnotes":""},"categories":[12],"tags":[],"class_list":["post-19130","post","type-post","status-publish","format-standard","hentry","category-valenca-news"],"views":663,"meta_data":{"thumb":"https:\/\/portalv1.com.br\/app\/wp-content\/uploads\/2014\/09\/agua.jpg","data":{"simple":"02\/09\/2014","date_time":"02\/09\/2014 06:00:44","date":"h\u00e1 12 anos"},"chapeu":"Absurdo","source":"slide"},"_links":{"self":[{"href":"https:\/\/portalv1.com.br\/api\/wp\/v2\/posts\/19130","targetHints":{"allow":["GET"]}}],"collection":[{"href":"https:\/\/portalv1.com.br\/api\/wp\/v2\/posts"}],"about":[{"href":"https:\/\/portalv1.com.br\/api\/wp\/v2\/types\/post"}],"author":[{"embeddable":true,"href":"https:\/\/portalv1.com.br\/api\/wp\/v2\/users\/1"}],"replies":[{"embeddable":true,"href":"https:\/\/portalv1.com.br\/api\/wp\/v2\/comments?post=19130"}],"version-history":[{"count":0,"href":"https:\/\/portalv1.com.br\/api\/wp\/v2\/posts\/19130\/revisions"}],"wp:attachment":[{"href":"https:\/\/portalv1.com.br\/api\/wp\/v2\/media?parent=19130"}],"wp:term":[{"taxonomy":"category","embeddable":true,"href":"https:\/\/portalv1.com.br\/api\/wp\/v2\/categories?post=19130"},{"taxonomy":"post_tag","embeddable":true,"href":"https:\/\/portalv1.com.br\/api\/wp\/v2\/tags?post=19130"}],"curies":[{"name":"wp","href":"https:\/\/api.w.org\/{rel}","templated":true}]}}