{"id":19160,"date":"2014-09-05T17:21:01","date_gmt":"2014-09-05T20:21:01","guid":{"rendered":"https:\/\/portalv1.com.br\/?p=19160"},"modified":"2014-09-10T11:30:38","modified_gmt":"2014-09-10T14:30:38","slug":"rubens-alencar-fala-de-corrupcao-enganacao-compra-de-votos-e-eleicoes","status":"publish","type":"post","link":"https:\/\/portalv1.com.br\/rubens-alencar-fala-de-corrupcao-enganacao-compra-de-votos-e-eleicoes\/","title":{"rendered":"Rubens Alencar fala de corrup\u00e7\u00e3o, cassa\u00e7\u00e3o, compra de votos e elei\u00e7\u00f5es"},"content":{"rendered":"<figure id=\"attachment_7604\" aria-describedby=\"caption-attachment-7604\" style=\"width: 300px\" class=\"wp-caption alignright\"><a href=\"https:\/\/portalv1.com.br\/app\/wp-content\/uploads\/2011\/03\/Rubens-Allencar.jpg\"><img loading=\"lazy\" decoding=\"async\" class=\"size-full wp-image-7604\" src=\"https:\/\/portalv1.com.br\/app\/wp-content\/uploads\/2011\/03\/Rubens-Allencar.jpg\" alt=\"Rubens Alencar\" width=\"300\" height=\"183\" \/><\/a><figcaption id=\"caption-attachment-7604\" class=\"wp-caption-text\">Rubens Alencar<\/figcaption><\/figure>\n<p>O presidente do diret\u00f3rio municipal do PMDB Rubens Alencar disse em entrevista ao Portalv1 (ou\u00e7a abaixo), que a popula\u00e7\u00e3o est\u00e1 desmotivada para o pleito de 05 de outubro. Segundo Rubens Alencar, a situa\u00e7\u00e3o em que vive a cidade de Valen\u00e7a, onde o prefeito e a vice-prefeita est\u00e3o cassados pela Justi\u00e7a Eleitoral contribuiu para essa desmotiva\u00e7\u00e3o do eleitorado que segundo o mesmo ainda n\u00e3o assimilou a decep\u00e7\u00e3o.<\/p>\n<p>De acordo com Rubens Alencar, a popula\u00e7\u00e3o precisa reagir e mais do que isso, ela precisa saber escolher seus representantes para n\u00e3o se decepcionar novamente elegendo pessoas corruptas e descompromissadas com a popula\u00e7\u00e3o.<\/p>\n<p>Rubens Alencar afirmou que a decis\u00e3o de votar no senador Wellington Dias veio ap\u00f3s o comprometimento do senador em caso de sua elei\u00e7\u00e3o dedicar uma aten\u00e7\u00e3o especial a Valen\u00e7a na \u00e1rea da sa\u00fade e \u00a0infraestrutura. O fato de seus opositores estarem no palanque do governador Z\u00e9 Filho tamb\u00e9m foi determinante para a sua decis\u00e3o. Na entrevista Rubens Alencar falou de sua trajet\u00f3ria pol\u00edtica do convite que recebeu para ser candidato a deputado nessas elei\u00e7\u00f5es e da uni\u00e3o da oposi\u00e7\u00e3o.<\/p>\n<p>O comportamento da Justi\u00e7a Eleitoral nas elei\u00e7\u00f5es passadas em Valen\u00e7a tamb\u00e9m foi lembrado pelo presidente do PMDB municipal que afirmou que foi surpreendido nessa semana com uma decis\u00e3o do Tribunal Superior Eleitoral que mandou arquivar uma a\u00e7\u00e3o contra a cassa\u00e7\u00e3o de seu diploma nas elei\u00e7\u00f5es de 2008.<\/p>\n<p>\u201cEssa a\u00e7\u00e3o foi entrada fora do prazo, no entanto, a Justi\u00e7a de Valen\u00e7a fechou os olhos virou de costa e aceitou essa denuncia, o TSE mandou arquivar o processo e ainda mandou repreender a Justi\u00e7a que agiu com essa displic\u00eancia\u201d disse.<\/p>\n<p>Sobre a sua situa\u00e7\u00e3o eleitoral Rubens Alencar afirmou que o que existiu era um debito apresentado em ultima hora pela Justi\u00e7a Eleitoral debito esse que est\u00e1 sendo pago. Ele criticou as pessoas que o acusaram de ter enganado a popula\u00e7\u00e3o nas ultimas elei\u00e7\u00f5es. Segundo Rubens Alencar ele n\u00e3o poderia ter enganado seus eleitores, uma vez, que ele era o primeiro prejudicado. Ou\u00e7a a entrevista e as declara\u00e7\u00f5es fortes do presidente do PMDB.<\/p>\n<p>&nbsp;<\/p>\n<p><div class=\"content-iframe\" data-content-width=\"600\"><iframe loading=\"lazy\" src=\"\/\/www.youtube.com\/embed\/TmNAKJ1Q_oI\" width=\"560\" height=\"315\" frameborder=\"0\" allowfullscreen=\"allowfullscreen\"><\/iframe><\/div><\/p>\n","protected":false},"excerpt":{"rendered":"<p>O presidente do diret\u00f3rio municipal do PMDB Rubens Alencar disse em entrevista ao Portalv1 (ou\u00e7a abaixo), que a popula\u00e7\u00e3o est\u00e1 desmotivada para o pleito de 05 de outubro. Segundo Rubens&#8230;<\/p>\n","protected":false},"author":1,"featured_media":0,"comment_status":"open","ping_status":"open","sticky":false,"template":"","format":"standard","meta":{"ngg_post_thumbnail":0,"footnotes":""},"categories":[243,12],"tags":[],"class_list":["post-19160","post","type-post","status-publish","format-standard","hentry","category-geral","category-valenca-news"],"views":1327,"meta_data":{"thumb":"https:\/\/portalv1.com.br\/app\/wp-content\/uploads\/2011\/03\/Rubens-Allencar.jpg","data":{"simple":"05\/09\/2014","date_time":"05\/09\/2014 14:21:01","date":"h\u00e1 12 anos"},"chapeu":"Ou\u00e7a a entrevista ","source":"retirar"},"_links":{"self":[{"href":"https:\/\/portalv1.com.br\/api\/wp\/v2\/posts\/19160","targetHints":{"allow":["GET"]}}],"collection":[{"href":"https:\/\/portalv1.com.br\/api\/wp\/v2\/posts"}],"about":[{"href":"https:\/\/portalv1.com.br\/api\/wp\/v2\/types\/post"}],"author":[{"embeddable":true,"href":"https:\/\/portalv1.com.br\/api\/wp\/v2\/users\/1"}],"replies":[{"embeddable":true,"href":"https:\/\/portalv1.com.br\/api\/wp\/v2\/comments?post=19160"}],"version-history":[{"count":0,"href":"https:\/\/portalv1.com.br\/api\/wp\/v2\/posts\/19160\/revisions"}],"wp:attachment":[{"href":"https:\/\/portalv1.com.br\/api\/wp\/v2\/media?parent=19160"}],"wp:term":[{"taxonomy":"category","embeddable":true,"href":"https:\/\/portalv1.com.br\/api\/wp\/v2\/categories?post=19160"},{"taxonomy":"post_tag","embeddable":true,"href":"https:\/\/portalv1.com.br\/api\/wp\/v2\/tags?post=19160"}],"curies":[{"name":"wp","href":"https:\/\/api.w.org\/{rel}","templated":true}]}}