{"id":191780,"date":"2024-03-04T14:57:24","date_gmt":"2024-03-04T17:57:24","guid":{"rendered":"https:\/\/portalv1.com.br\/?p=191780"},"modified":"2024-03-04T14:57:24","modified_gmt":"2024-03-04T17:57:24","slug":"26a-semana-da-justica-pela-paz-em-casa-acontece-de-4-a-8-de-marco","status":"publish","type":"post","link":"https:\/\/portalv1.com.br\/26a-semana-da-justica-pela-paz-em-casa-acontece-de-4-a-8-de-marco\/","title":{"rendered":"26\u00aa Semana da Justi\u00e7a pela Paz em Casa acontece de 4 a 8 de mar\u00e7o"},"content":{"rendered":"<p>A Coordenadoria Estadual da Mulher em Situa\u00e7\u00e3o de Viol\u00eancia Dom\u00e9stica e Familiar (CEVID) do Poder Judici\u00e1rio do Piau\u00ed realiza, entre os dias 4 e 8 de mar\u00e7o, a 26\u00aa edi\u00e7\u00e3o da Semana da Justi\u00e7a pela Paz em Casa, um esfor\u00e7o concentrado para agilizar o julgamento de processos de viol\u00eancia dom\u00e9stica e familiar no Estado. H\u00e1 previs\u00e3o de audi\u00eancias em 26 comarcas piauienses, com maior concentra\u00e7\u00e3o em Parna\u00edba (240), Teresina (133) e Manoel Em\u00eddio (35). Ao todo, s\u00e3o estimadas cerca de 564 audi\u00eancias.<\/p>\n<p>Com o objetivo de ampliar a efetividade da Lei Maria da Penha (Lei 11.340\/06) e agilizar os julgamentos de processos voltados \u00e0 viol\u00eancia de g\u00eanero, a iniciativa foi idealizada pelo Conselho Nacional de Justi\u00e7a (CNJ) e conta com parcerias diversas.<\/p>\n<p>A atual edi\u00e7\u00e3o do evento, a primeira realizada em 2024, \u00e9 promovida no m\u00eas de mar\u00e7o em alus\u00e3o ao Dia Internacional da Mulher (08), data oficializada pela Organiza\u00e7\u00e3o das Na\u00e7\u00f5es Unidas (ONU) na d\u00e9cada de 1970 e que simboliza a luta hist\u00f3rica das mulheres contra a desigualdade salarial, o machismo e a viol\u00eancia.<\/p>\n<p>A ju\u00edza Keylla Ranyere, coordenadora da CEVID, ressalta que a 26\u00aa Semana da Justi\u00e7a pela Paz em Casa inclui, al\u00e9m de a\u00e7\u00f5es jurisdicionais, outros eventos. \u201cEsta semana tem como objetivo n\u00e3o somente intensificar o julgamento de demandas relacionadas \u00e0 viol\u00eancia contra a mulher, como tamb\u00e9m dar visibilidade social para o tema, para que se possa tratar e discutir com a sociedade essa quest\u00e3o t\u00e3o sens\u00edvel. Al\u00e9m das a\u00e7\u00f5es jurisdicionais, a Semana conta com o Bazar da Mulher, realizado no F\u00f3rum; rodas de conversa, e a inaugura\u00e7\u00e3o da Casa da Mulher Brasileira, no dia 8\u201d, pontua.<\/p>\n<p>O que diz a Lei<br \/>\nDe acordo com a Lei Maria da Penha, artigo 5\u00ba, viol\u00eancia dom\u00e9stica \u00e9 \u201cqualquer a\u00e7\u00e3o ou omiss\u00e3o baseada no g\u00eanero que lhe cause morte, les\u00e3o, sofrimento f\u00edsico, sexual ou psicol\u00f3gico e dano moral ou patrimonial\u201d.<\/p>\n<p>A express\u00e3o m\u00e1xima da viol\u00eancia contra a mulher \u00e9 o \u00f3bito. As mortes de mulheres ocasionadas por conflitos de g\u00eanero, ou seja, pelo fato de serem mulheres, s\u00e3o denominadas \u201cfeminic\u00eddios\u201d. Estes crimes s\u00e3o geralmente perpetrados por homens, principalmente parceiros ou ex-parceiros, e decorrem de situa\u00e7\u00f5es de abusos no domic\u00edlio, amea\u00e7as ou intimida\u00e7\u00e3o, viol\u00eancia sexual, ou situa\u00e7\u00f5es nas quais a mulher tem menos poder ou menos recursos do que o homem.<\/p>\n<p>Locais das audi\u00eancias em Teresina<\/p>\n<p>Sala 01 \u2013 Juiz Jo\u00e3o de Castro Silva*<br \/>\nI Juizado de Viol\u00eancia Dom\u00e9stica \u2013 4\u00ba andar do F\u00f3rum C\u00edvel e Criminal Desembargador Joaquim de Souza Neto<\/p>\n<p>Sala 02 \u2013 Ju\u00edza Lucyane Martins Brito*<br \/>\nSala anexa do I Juizado de Viol\u00eancia Dom\u00e9stica \u2013 1\u00ba andar do F\u00f3rum<\/p>\n<p>Sala 03 \u2013 Juiz Lirton Santos*<br \/>\n1\u00aa Vara da Fazenda P\u00fablica \u2013 1\u00ba andar do pr\u00e9dio hist\u00f3rico do TJ-PI<\/p>\n<p>Sala 04 \u2013 Juiz Eduardo Couto*<br \/>\nII Juizado de viol\u00eancia dom\u00e9stica \u2013 4\u00ba andar do F\u00f3rum<\/p>\n","protected":false},"excerpt":{"rendered":"<p>A Coordenadoria Estadual da Mulher em Situa\u00e7\u00e3o de Viol\u00eancia Dom\u00e9stica e Familiar (CEVID) do Poder Judici\u00e1rio do Piau\u00ed realiza, entre os dias 4 e 8 de mar\u00e7o, a 26\u00aa edi\u00e7\u00e3o&#8230;<\/p>\n","protected":false},"author":1,"featured_media":24962,"comment_status":"open","ping_status":"open","sticky":false,"template":"","format":"standard","meta":{"ngg_post_thumbnail":0,"footnotes":""},"categories":[243],"tags":[],"class_list":["post-191780","post","type-post","status-publish","format-standard","has-post-thumbnail","hentry","category-geral"],"views":127,"meta_data":{"thumb":"https:\/\/portalv1.com.br\/app\/wp-content\/uploads\/2016\/11\/dsc_0781.jpg","imagem":{"fullsize":{"url":"https:\/\/portalv1.com.br\/app\/wp-content\/uploads\/2016\/11\/dsc_0781.jpg","width":640,"height":427},"thumbnail":{"url":"https:\/\/portalv1.com.br\/app\/wp-content\/uploads\/2016\/11\/dsc_0781-100x100.jpg","width":100,"height":100},"medium":{"url":"https:\/\/portalv1.com.br\/app\/wp-content\/uploads\/2016\/11\/dsc_0781-300x200.jpg","width":300,"height":200},"large":{"url":"https:\/\/portalv1.com.br\/app\/wp-content\/uploads\/2016\/11\/dsc_0781-640x427.jpg","width":640,"height":427}},"data":{"simple":"04\/03\/2024","date_time":"04\/03\/2024 11:57:24","date":"h\u00e1 2 anos"},"chapeu":"Veja como ser\u00e1 ","source":"m_destacada"},"_links":{"self":[{"href":"https:\/\/portalv1.com.br\/api\/wp\/v2\/posts\/191780","targetHints":{"allow":["GET"]}}],"collection":[{"href":"https:\/\/portalv1.com.br\/api\/wp\/v2\/posts"}],"about":[{"href":"https:\/\/portalv1.com.br\/api\/wp\/v2\/types\/post"}],"author":[{"embeddable":true,"href":"https:\/\/portalv1.com.br\/api\/wp\/v2\/users\/1"}],"replies":[{"embeddable":true,"href":"https:\/\/portalv1.com.br\/api\/wp\/v2\/comments?post=191780"}],"version-history":[{"count":0,"href":"https:\/\/portalv1.com.br\/api\/wp\/v2\/posts\/191780\/revisions"}],"wp:featuredmedia":[{"embeddable":true,"href":"https:\/\/portalv1.com.br\/api\/wp\/v2\/media\/24962"}],"wp:attachment":[{"href":"https:\/\/portalv1.com.br\/api\/wp\/v2\/media?parent=191780"}],"wp:term":[{"taxonomy":"category","embeddable":true,"href":"https:\/\/portalv1.com.br\/api\/wp\/v2\/categories?post=191780"},{"taxonomy":"post_tag","embeddable":true,"href":"https:\/\/portalv1.com.br\/api\/wp\/v2\/tags?post=191780"}],"curies":[{"name":"wp","href":"https:\/\/api.w.org\/{rel}","templated":true}]}}