{"id":19196,"date":"2014-09-12T10:38:39","date_gmt":"2014-09-12T13:38:39","guid":{"rendered":"https:\/\/portalv1.com.br\/?p=19196"},"modified":"2014-09-12T10:38:39","modified_gmt":"2014-09-12T13:38:39","slug":"joaquim-filho-pede-redutores-de-velocidade-em-frente-ao-caic","status":"publish","type":"post","link":"https:\/\/portalv1.com.br\/joaquim-filho-pede-redutores-de-velocidade-em-frente-ao-caic\/","title":{"rendered":"Joaquim Filho pede redutores de velocidade em frente ao CAIC"},"content":{"rendered":"<figure id=\"attachment_19197\" aria-describedby=\"caption-attachment-19197\" style=\"width: 300px\" class=\"wp-caption alignright\"><a href=\"https:\/\/portalv1.com.br\/app\/wp-content\/uploads\/2014\/09\/caic.jpg\"><img loading=\"lazy\" decoding=\"async\" class=\"size-medium wp-image-19197\" src=\"https:\/\/portalv1.com.br\/app\/wp-content\/uploads\/2014\/09\/caic-300x168.jpg\" alt=\"V\u00e1rios acidentes j\u00e1 foram registrados na via \" width=\"300\" height=\"168\" srcset=\"https:\/\/portalv1.com.br\/app\/wp-content\/uploads\/2014\/09\/caic-300x168.jpg 300w, https:\/\/portalv1.com.br\/app\/wp-content\/uploads\/2014\/09\/caic.jpg 640w\" sizes=\"auto, (max-width: 300px) 100vw, 300px\" \/><\/a><figcaption id=\"caption-attachment-19197\" class=\"wp-caption-text\">V\u00e1rios acidentes j\u00e1 foram registrados na via<\/figcaption><\/figure>\n<p>Preocupado com a velocidade desenvolvida pelas motos e carros na Rua Deputado Jos\u00e9 Nunes em frente ao CAIC e Pra\u00e7a Norberto Dino Barbosa o vereador Joaquim Filho (PTB) aprovou requerimento na c\u00e2mara de vereadores solicitando que a secretaria de obras providencie a constru\u00e7\u00e3o de redutores de velocidade na via que \u00e9 palco de v\u00e1rios registros de acidentes.<\/p>\n<p>O vereador afirmou que a solicita\u00e7\u00e3o foi feita por moradores e comerciantes que se dispuseram at\u00e9 em financiar a constru\u00e7\u00e3o dos redutores caso seja necess\u00e1rio.<\/p>\n<p>Joaquim Lembrou que o trefego na rua \u00e9 intenso por isso a necessidade da instala\u00e7\u00e3o dos redutores. A solicita\u00e7\u00e3o foi aprovada por unanimidade.<\/p>\n","protected":false},"excerpt":{"rendered":"<p>Preocupado com a velocidade desenvolvida pelas motos e carros na Rua Deputado Jos\u00e9 Nunes em frente ao CAIC e Pra\u00e7a Norberto Dino Barbosa o vereador Joaquim Filho (PTB) aprovou requerimento&#8230;<\/p>\n","protected":false},"author":1,"featured_media":0,"comment_status":"open","ping_status":"open","sticky":false,"template":"","format":"standard","meta":{"ngg_post_thumbnail":0,"footnotes":""},"categories":[12],"tags":[],"class_list":["post-19196","post","type-post","status-publish","format-standard","hentry","category-valenca-news"],"views":395,"meta_data":{"thumb":"https:\/\/portalv1.com.br\/app\/wp-content\/uploads\/2014\/09\/caic.jpg","data":{"simple":"12\/09\/2014","date_time":"12\/09\/2014 07:38:39","date":"h\u00e1 12 anos"},"chapeu":"Preven\u00e7\u00e3o ","source":"slide"},"_links":{"self":[{"href":"https:\/\/portalv1.com.br\/api\/wp\/v2\/posts\/19196","targetHints":{"allow":["GET"]}}],"collection":[{"href":"https:\/\/portalv1.com.br\/api\/wp\/v2\/posts"}],"about":[{"href":"https:\/\/portalv1.com.br\/api\/wp\/v2\/types\/post"}],"author":[{"embeddable":true,"href":"https:\/\/portalv1.com.br\/api\/wp\/v2\/users\/1"}],"replies":[{"embeddable":true,"href":"https:\/\/portalv1.com.br\/api\/wp\/v2\/comments?post=19196"}],"version-history":[{"count":0,"href":"https:\/\/portalv1.com.br\/api\/wp\/v2\/posts\/19196\/revisions"}],"wp:attachment":[{"href":"https:\/\/portalv1.com.br\/api\/wp\/v2\/media?parent=19196"}],"wp:term":[{"taxonomy":"category","embeddable":true,"href":"https:\/\/portalv1.com.br\/api\/wp\/v2\/categories?post=19196"},{"taxonomy":"post_tag","embeddable":true,"href":"https:\/\/portalv1.com.br\/api\/wp\/v2\/tags?post=19196"}],"curies":[{"name":"wp","href":"https:\/\/api.w.org\/{rel}","templated":true}]}}