{"id":1921,"date":"2009-12-18T00:05:11","date_gmt":"2009-12-18T03:05:11","guid":{"rendered":"https:\/\/portalv1.com.br\/?p=1921"},"modified":"2009-12-18T00:05:11","modified_gmt":"2009-12-18T03:05:11","slug":"um-homem-morre-e-outro-e-esfaqueado-apos-cassacao-do-prefeito-de-barras-no-piaui","status":"publish","type":"post","link":"https:\/\/portalv1.com.br\/um-homem-morre-e-outro-e-esfaqueado-apos-cassacao-do-prefeito-de-barras-no-piaui\/","title":{"rendered":"Um homem morre e outro \u00e9 esfaqueado ap\u00f3s cassa\u00e7\u00e3o do prefeito de Barras no Piau\u00ed"},"content":{"rendered":"<figure id=\"attachment_1922\" aria-describedby=\"caption-attachment-1922\" style=\"width: 300px\" class=\"wp-caption alignright\"><a href=\"https:\/\/portalv1.com.br\/app\/wp-content\/uploads\/2009\/12\/eulalia1.jpg\"><img loading=\"lazy\" decoding=\"async\" class=\"size-full wp-image-1922\" title=\"eulalia\" src=\"https:\/\/portalv1.com.br\/app\/wp-content\/uploads\/2009\/12\/eulalia1.jpg\" alt=\"Presidenta do TRE Desembargadora Eulalia\" width=\"300\" height=\"183\" \/><\/a><figcaption id=\"caption-attachment-1922\" class=\"wp-caption-text\">Presidenta do TRE Desembargadora Eulalia<\/figcaption><\/figure>\n<p>O clima tenso no munic\u00edpio de Barras depois da cassa\u00e7\u00e3o do prefeito Manin Rego provocou na tarde de quinta feira (17) o esfaqueamento de homem intensificado por Amauri que foi atingido a facadas por Alcides Rosa Neto, que \u00e9 ligado ao prefeito cassado Manin Rego. Segundo o escriv\u00e3o da delegacia de Barras, Raimundo Marques, o caso aconteceu na pra\u00e7a p\u00fablica ap\u00f3s uma discuss\u00e3o entre Amauri que \u00e9 partid\u00e1rio do candidato a prefeito Joaquim Lucas e Alcides Rosa que na ocasi\u00e3o defendia o prefeito cassado Manin Rego. O escriv\u00e3o Raimundo Marques informou ao Portal <strong>GP1<\/strong> que o acusado Alcides Rosa fugiu e est\u00e1 sendo procurado pela pol\u00edcia.<\/p>\n<p><strong>Morte<\/strong><\/p>\n<p>Um homem conhecido por Raimundo da Iracema tamb\u00e9m morreu hoje a tarde na cidade de Barras quando se encontrava no mercado central daquele munic\u00edpio. A policia n\u00e3o sabe informar se a morte de Raimundo da Iracema ocorreu em decorr\u00eancia da cassa\u00e7\u00e3o do prefeito Manin Rego. O corpo foi levado para o hospital regional de Barras para descobrir as causas da morte.<\/p>\n<p>Logo ap\u00f3s a cassa\u00e7\u00e3o de Manin Rego na tarde de hoje o pr\u00e9dio da prefeitura foi cercado por populares. O escriv\u00e3o Raimundo Marques acrescentou que o delegado La\u00e9rcio e sua equipe est\u00e3o atentos para conter os \u00e2nimos dos partid\u00e1rios do prefeito cassado Manin Rego e do candidato Joaquim Lucas.<\/p>\n","protected":false},"excerpt":{"rendered":"<p>O clima tenso no munic\u00edpio de Barras depois da cassa\u00e7\u00e3o do prefeito Manin Rego provocou na tarde de quinta feira (17) o esfaqueamento de homem intensificado por Amauri que foi&#8230;<\/p>\n","protected":false},"author":1,"featured_media":0,"comment_status":"open","ping_status":"open","sticky":false,"template":"","format":"standard","meta":{"ngg_post_thumbnail":0,"footnotes":""},"categories":[12],"tags":[146,413],"class_list":["post-1921","post","type-post","status-publish","format-standard","hentry","category-valenca-news","tag-cassacao","tag-tre"],"views":480,"meta_data":{"thumb":"https:\/\/portalv1.com.br\/app\/wp-content\/uploads\/2009\/12\/eulalia1.jpg","data":{"simple":"17\/12\/2009","date_time":"17\/12\/2009 21:05:11","date":"h\u00e1 16 anos"},"chapeu":"","source":""},"_links":{"self":[{"href":"https:\/\/portalv1.com.br\/api\/wp\/v2\/posts\/1921","targetHints":{"allow":["GET"]}}],"collection":[{"href":"https:\/\/portalv1.com.br\/api\/wp\/v2\/posts"}],"about":[{"href":"https:\/\/portalv1.com.br\/api\/wp\/v2\/types\/post"}],"author":[{"embeddable":true,"href":"https:\/\/portalv1.com.br\/api\/wp\/v2\/users\/1"}],"replies":[{"embeddable":true,"href":"https:\/\/portalv1.com.br\/api\/wp\/v2\/comments?post=1921"}],"version-history":[{"count":0,"href":"https:\/\/portalv1.com.br\/api\/wp\/v2\/posts\/1921\/revisions"}],"wp:attachment":[{"href":"https:\/\/portalv1.com.br\/api\/wp\/v2\/media?parent=1921"}],"wp:term":[{"taxonomy":"category","embeddable":true,"href":"https:\/\/portalv1.com.br\/api\/wp\/v2\/categories?post=1921"},{"taxonomy":"post_tag","embeddable":true,"href":"https:\/\/portalv1.com.br\/api\/wp\/v2\/tags?post=1921"}],"curies":[{"name":"wp","href":"https:\/\/api.w.org\/{rel}","templated":true}]}}