{"id":192345,"date":"2024-03-08T23:43:47","date_gmt":"2024-03-09T02:43:47","guid":{"rendered":"https:\/\/portalv1.com.br\/?p=192345"},"modified":"2024-03-08T23:49:25","modified_gmt":"2024-03-09T02:49:25","slug":"municipio-de-valenca-comemora-dia-internacional-da-mulher-com-acoes-servicos-e-inauguracao-da-sala-lilas","status":"publish","type":"post","link":"https:\/\/portalv1.com.br\/municipio-de-valenca-comemora-dia-internacional-da-mulher-com-acoes-servicos-e-inauguracao-da-sala-lilas\/","title":{"rendered":"Munic\u00edpio de Valen\u00e7a comemora Dia Internacional da Mulher com a\u00e7\u00f5es, servi\u00e7os e inaugura\u00e7\u00e3o da Sala Lil\u00e1s"},"content":{"rendered":"<p>A Prefeitura Municipal de Valen\u00e7a do Piau\u00ed realizou nesta sexta-feira (08), diversas a\u00e7\u00f5es e servi\u00e7os em celebra\u00e7\u00e3o ao Dia Internacional da Mulher no Centro Social Urbano. Na ocasi\u00e3o, tamb\u00e9m foi inaugurado na Sala Lil\u00e1s no Posto de Sa\u00fade do Centro, onde ser\u00e1 feito atendimento a mulheres v\u00edtimas de viol\u00eancia.<\/p>\n<p>No espa\u00e7o CSU, a popula\u00e7\u00e3o feminina teve acesso a Workshop de automaquiagem, atendimento com psic\u00f3loga, ginecologista, fisioterapeuta e advogada. As mulheres tamb\u00e9m receberam servi\u00e7os de beleza, como escova de cabelo, manicure e maquiagem.<\/p>\n<p>Contudo, ainda foi promovido uma palestra &#8220;Mulher Empreendedora&#8221;, ministrado pelo Sebrae, al\u00e9m da realiza\u00e7\u00e3o de exposi\u00e7\u00e3o e venda de produtos artesanais e sorteio de brindes.<\/p>\n<p>A Instrutora e Consultora do Sebrae, Naice Bezerra, conta que o Dia da Mulher \u00e9 oportuno para se falar de empreendedorismo feminino. \u201cPara o Sebrae \u00e9 uma satisfa\u00e7\u00e3o enorme est\u00e1 presente nesse momento de valorizar o empreendedorismo feminino e hoje eu vim juntamente falar sobre isso, sobre essa caracter\u00edstica que o empreendedorismo tem, que \u00e9 de alavancar, incentivar outras mulheres, ent\u00e3o quando uma mulher faz sucesso ela inspira outras\u201d, explicou a Naice Bezerra.<\/p>\n<p>A frente da Secretaria de Assist\u00eancia Social, Ielva Mel\u00e3o refor\u00e7a o trabalho feito junto as mulheres do munic\u00edpio, dando uma assist\u00eancia especial a esse grupo. Ela tamb\u00e9m enalteceu o funcionamento da Coordenadoria dos Direitos da Mulher de sua autoria que foi implementada na gest\u00e3o do prefeito Marcelo e veio para somar com os demais \u00f3rg\u00e3os de prote\u00e7\u00e3o a mulher.<\/p>\n<p>O vice-prefeito Rubens Alencar afirmou que \u201cReconhecer a import\u00e2ncia da mulher, a import\u00e2ncia primeira, a import\u00e2ncia absoluto para humanidade, como eu tenho falado para alimentar e manter o amor que \u00e9 imprescind\u00edvel no ser humano\u201d, enalteceu Rubens a figura da mulher como necess\u00e1ria e importante na sociedade.<\/p>\n<p>A vereadora Walmarya Moura, esteve presente e falou da relev\u00e2ncia de ter esse servi\u00e7o de atendimento dispon\u00edvel para as mulheres do munic\u00edpio. \u201c\u00c9 muito importante uma sala dessa, pois \u00e9 uma sala de acolhimento, como foi relatado aqui em v\u00e1rios momentos Valen\u00e7a registra in\u00fameros casos de viol\u00eancia contra mulher, ent\u00e3o essa sala vai servir de apoio, de amparo a essas mulheres que por um motivo ou outro sofram alguma viol\u00eancia\u201d, frisou a parlamentar.<\/p>\n<p>Feliz com a inaugura\u00e7\u00e3o da Sala Lil\u00e1s, a secret\u00e1ria Ilana Caetano, refor\u00e7a a import\u00e2ncia dessa a\u00e7\u00e3o da gest\u00e3o do prefeito Marcelo Costa. \u201cN\u00f3s estamos incumbidos de cumprimos com nossas responsabilidades em rela\u00e7\u00e3o a pol\u00edticas p\u00fablicas que tratem sobre o direito das mulheres, nesse caso aqui contra a viol\u00eancia dom\u00e9stica seja de qualquer forma, sexual, corporal, ps\u00edquica n\u00f3s estamos dando a abertura a esse grande servi\u00e7o\u201d, destacou a secret\u00e1ria Ilana.<\/p>\n<p><div class=\"content-iframe\" data-content-width=\"600\"><iframe loading=\"lazy\" title=\"YouTube video player\" src=\"https:\/\/www.youtube.com\/embed\/uUZdTZLfbUM?si=yLeyqFDxrZr_COzG\" width=\"560\" height=\"315\" frameborder=\"0\" allowfullscreen=\"allowfullscreen\"><\/iframe><\/div>&nbsp;<\/p>\n<div class=\"ngg-galleryoverview\" id=\"1\">\n                    <div data-widget=\"Galeria\" data-props=\"{&quot;galeria&quot;:{&quot;max_page&quot;:4,&quot;total&quot;:73,&quot;gallery_id&quot;:1,&quot;images&quot;:[{&quot;thumbcode&quot;:&quot;https:\\\/\\\/portalv1.com.br\\\/app\\\/wp-content\\\/uploads\\\/2024\\\/03\\\/20240311090925_IMG_7125-Copy-400x250.jpg&quot;,&quot;imageURL&quot;:&quot;https:\\\/\\\/portalv1.com.br\\\/app\\\/wp-content\\\/uploads\\\/2024\\\/03\\\/20240311090925_IMG_7125-Copy.jpg&quot;,&quot;pid&quot;:192346,&quot;galleryid&quot;:1,&quot;description&quot;:&quot;&quot;,&quot;alttext&quot;:&quot;Munic\\u00edpio de Valen\\u00e7a comemora Dia Internacional da Mulher com a\\u00e7\\u00f5es, servi\\u00e7os e inaugura\\u00e7\\u00e3o da Sala Lil\\u00e1s&quot;,&quot;thumbnailURL&quot;:&quot;https:\\\/\\\/portalv1.com.br\\\/app\\\/wp-content\\\/uploads\\\/2024\\\/03\\\/20240311090925_IMG_7125-Copy-400x250.jpg&quot;,&quot;style&quot;:&quot;&quot;},{&quot;thumbcode&quot;:&quot;https:\\\/\\\/portalv1.com.br\\\/app\\\/wp-content\\\/uploads\\\/2024\\\/03\\\/20240311090929_IMG_7126-Copy-400x250.jpg&quot;,&quot;imageURL&quot;:&quot;https:\\\/\\\/portalv1.com.br\\\/app\\\/wp-content\\\/uploads\\\/2024\\\/03\\\/20240311090929_IMG_7126-Copy.jpg&quot;,&quot;pid&quot;:192347,&quot;galleryid&quot;:1,&quot;description&quot;:&quot;&quot;,&quot;alttext&quot;:&quot;Munic\\u00edpio de Valen\\u00e7a comemora Dia Internacional da Mulher com a\\u00e7\\u00f5es, servi\\u00e7os e inaugura\\u00e7\\u00e3o da Sala Lil\\u00e1s&quot;,&quot;thumbnailURL&quot;:&quot;https:\\\/\\\/portalv1.com.br\\\/app\\\/wp-content\\\/uploads\\\/2024\\\/03\\\/20240311090929_IMG_7126-Copy-400x250.jpg&quot;,&quot;style&quot;:&quot;&quot;},{&quot;thumbcode&quot;:&quot;https:\\\/\\\/portalv1.com.br\\\/app\\\/wp-content\\\/uploads\\\/2024\\\/03\\\/20240311091005_IMG_7128-Copy-400x250.jpg&quot;,&quot;imageURL&quot;:&quot;https:\\\/\\\/portalv1.com.br\\\/app\\\/wp-content\\\/uploads\\\/2024\\\/03\\\/20240311091005_IMG_7128-Copy.jpg&quot;,&quot;pid&quot;:192348,&quot;galleryid&quot;:1,&quot;description&quot;:&quot;&quot;,&quot;alttext&quot;:&quot;Munic\\u00edpio de Valen\\u00e7a comemora Dia Internacional da Mulher com a\\u00e7\\u00f5es, servi\\u00e7os e inaugura\\u00e7\\u00e3o da Sala Lil\\u00e1s&quot;,&quot;thumbnailURL&quot;:&quot;https:\\\/\\\/portalv1.com.br\\\/app\\\/wp-content\\\/uploads\\\/2024\\\/03\\\/20240311091005_IMG_7128-Copy-400x250.jpg&quot;,&quot;style&quot;:&quot;&quot;},{&quot;thumbcode&quot;:&quot;https:\\\/\\\/portalv1.com.br\\\/app\\\/wp-content\\\/uploads\\\/2024\\\/03\\\/20240311091032_IMG_7131-Copy-400x250.jpg&quot;,&quot;imageURL&quot;:&quot;https:\\\/\\\/portalv1.com.br\\\/app\\\/wp-content\\\/uploads\\\/2024\\\/03\\\/20240311091032_IMG_7131-Copy.jpg&quot;,&quot;pid&quot;:192349,&quot;galleryid&quot;:1,&quot;description&quot;:&quot;&quot;,&quot;alttext&quot;:&quot;Munic\\u00edpio de Valen\\u00e7a comemora Dia Internacional da Mulher com a\\u00e7\\u00f5es, servi\\u00e7os e inaugura\\u00e7\\u00e3o da Sala Lil\\u00e1s&quot;,&quot;thumbnailURL&quot;:&quot;https:\\\/\\\/portalv1.com.br\\\/app\\\/wp-content\\\/uploads\\\/2024\\\/03\\\/20240311091032_IMG_7131-Copy-400x250.jpg&quot;,&quot;style&quot;:&quot;&quot;},{&quot;thumbcode&quot;:&quot;https:\\\/\\\/portalv1.com.br\\\/app\\\/wp-content\\\/uploads\\\/2024\\\/03\\\/20240311091049_IMG_7133-Copy-400x250.jpg&quot;,&quot;imageURL&quot;:&quot;https:\\\/\\\/portalv1.com.br\\\/app\\\/wp-content\\\/uploads\\\/2024\\\/03\\\/20240311091049_IMG_7133-Copy.jpg&quot;,&quot;pid&quot;:192350,&quot;galleryid&quot;:1,&quot;description&quot;:&quot;&quot;,&quot;alttext&quot;:&quot;Munic\\u00edpio de Valen\\u00e7a comemora Dia Internacional da Mulher com a\\u00e7\\u00f5es, servi\\u00e7os e inaugura\\u00e7\\u00e3o da Sala Lil\\u00e1s&quot;,&quot;thumbnailURL&quot;:&quot;https:\\\/\\\/portalv1.com.br\\\/app\\\/wp-content\\\/uploads\\\/2024\\\/03\\\/20240311091049_IMG_7133-Copy-400x250.jpg&quot;,&quot;style&quot;:&quot;&quot;},{&quot;thumbcode&quot;:&quot;https:\\\/\\\/portalv1.com.br\\\/app\\\/wp-content\\\/uploads\\\/2024\\\/03\\\/20240311091300_IMG_7137-Copy-400x250.jpg&quot;,&quot;imageURL&quot;:&quot;https:\\\/\\\/portalv1.com.br\\\/app\\\/wp-content\\\/uploads\\\/2024\\\/03\\\/20240311091300_IMG_7137-Copy.jpg&quot;,&quot;pid&quot;:192351,&quot;galleryid&quot;:1,&quot;description&quot;:&quot;&quot;,&quot;alttext&quot;:&quot;Munic\\u00edpio de Valen\\u00e7a comemora Dia Internacional da Mulher com a\\u00e7\\u00f5es, servi\\u00e7os e inaugura\\u00e7\\u00e3o da Sala Lil\\u00e1s&quot;,&quot;thumbnailURL&quot;:&quot;https:\\\/\\\/portalv1.com.br\\\/app\\\/wp-content\\\/uploads\\\/2024\\\/03\\\/20240311091300_IMG_7137-Copy-400x250.jpg&quot;,&quot;style&quot;:&quot;&quot;},{&quot;thumbcode&quot;:&quot;https:\\\/\\\/portalv1.com.br\\\/app\\\/wp-content\\\/uploads\\\/2024\\\/03\\\/20240311091318_IMG_7138-Copy-400x250.jpg&quot;,&quot;imageURL&quot;:&quot;https:\\\/\\\/portalv1.com.br\\\/app\\\/wp-content\\\/uploads\\\/2024\\\/03\\\/20240311091318_IMG_7138-Copy.jpg&quot;,&quot;pid&quot;:192352,&quot;galleryid&quot;:1,&quot;description&quot;:&quot;&quot;,&quot;alttext&quot;:&quot;Munic\\u00edpio de Valen\\u00e7a comemora Dia Internacional da Mulher com a\\u00e7\\u00f5es, servi\\u00e7os e inaugura\\u00e7\\u00e3o da Sala Lil\\u00e1s&quot;,&quot;thumbnailURL&quot;:&quot;https:\\\/\\\/portalv1.com.br\\\/app\\\/wp-content\\\/uploads\\\/2024\\\/03\\\/20240311091318_IMG_7138-Copy-400x250.jpg&quot;,&quot;style&quot;:&quot;&quot;},{&quot;thumbcode&quot;:&quot;https:\\\/\\\/portalv1.com.br\\\/app\\\/wp-content\\\/uploads\\\/2024\\\/03\\\/20240311091347_IMG_7139-Copy-400x250.jpg&quot;,&quot;imageURL&quot;:&quot;https:\\\/\\\/portalv1.com.br\\\/app\\\/wp-content\\\/uploads\\\/2024\\\/03\\\/20240311091347_IMG_7139-Copy.jpg&quot;,&quot;pid&quot;:192353,&quot;galleryid&quot;:1,&quot;description&quot;:&quot;&quot;,&quot;alttext&quot;:&quot;Munic\\u00edpio de Valen\\u00e7a comemora Dia Internacional da Mulher com a\\u00e7\\u00f5es, servi\\u00e7os e inaugura\\u00e7\\u00e3o da Sala Lil\\u00e1s&quot;,&quot;thumbnailURL&quot;:&quot;https:\\\/\\\/portalv1.com.br\\\/app\\\/wp-content\\\/uploads\\\/2024\\\/03\\\/20240311091347_IMG_7139-Copy-400x250.jpg&quot;,&quot;style&quot;:&quot;&quot;},{&quot;thumbcode&quot;:&quot;https:\\\/\\\/portalv1.com.br\\\/app\\\/wp-content\\\/uploads\\\/2024\\\/03\\\/20240311091410_IMG_7140-Copy-400x250.jpg&quot;,&quot;imageURL&quot;:&quot;https:\\\/\\\/portalv1.com.br\\\/app\\\/wp-content\\\/uploads\\\/2024\\\/03\\\/20240311091410_IMG_7140-Copy.jpg&quot;,&quot;pid&quot;:192354,&quot;galleryid&quot;:1,&quot;description&quot;:&quot;&quot;,&quot;alttext&quot;:&quot;Munic\\u00edpio de Valen\\u00e7a comemora Dia Internacional da Mulher com a\\u00e7\\u00f5es, servi\\u00e7os e inaugura\\u00e7\\u00e3o da Sala Lil\\u00e1s&quot;,&quot;thumbnailURL&quot;:&quot;https:\\\/\\\/portalv1.com.br\\\/app\\\/wp-content\\\/uploads\\\/2024\\\/03\\\/20240311091410_IMG_7140-Copy-400x250.jpg&quot;,&quot;style&quot;:&quot;&quot;},{&quot;thumbcode&quot;:&quot;https:\\\/\\\/portalv1.com.br\\\/app\\\/wp-content\\\/uploads\\\/2024\\\/03\\\/20240311091525_IMG_7142-Copy-400x250.jpg&quot;,&quot;imageURL&quot;:&quot;https:\\\/\\\/portalv1.com.br\\\/app\\\/wp-content\\\/uploads\\\/2024\\\/03\\\/20240311091525_IMG_7142-Copy.jpg&quot;,&quot;pid&quot;:192355,&quot;galleryid&quot;:1,&quot;description&quot;:&quot;&quot;,&quot;alttext&quot;:&quot;Munic\\u00edpio de Valen\\u00e7a comemora Dia Internacional da Mulher com a\\u00e7\\u00f5es, servi\\u00e7os e inaugura\\u00e7\\u00e3o da Sala Lil\\u00e1s&quot;,&quot;thumbnailURL&quot;:&quot;https:\\\/\\\/portalv1.com.br\\\/app\\\/wp-content\\\/uploads\\\/2024\\\/03\\\/20240311091525_IMG_7142-Copy-400x250.jpg&quot;,&quot;style&quot;:&quot;&quot;},{&quot;thumbcode&quot;:&quot;https:\\\/\\\/portalv1.com.br\\\/app\\\/wp-content\\\/uploads\\\/2024\\\/03\\\/20240311091709_IMG_7145-Copy-400x250.jpg&quot;,&quot;imageURL&quot;:&quot;https:\\\/\\\/portalv1.com.br\\\/app\\\/wp-content\\\/uploads\\\/2024\\\/03\\\/20240311091709_IMG_7145-Copy.jpg&quot;,&quot;pid&quot;:192356,&quot;galleryid&quot;:1,&quot;description&quot;:&quot;&quot;,&quot;alttext&quot;:&quot;Munic\\u00edpio de Valen\\u00e7a comemora Dia Internacional da Mulher com a\\u00e7\\u00f5es, servi\\u00e7os e inaugura\\u00e7\\u00e3o da Sala Lil\\u00e1s&quot;,&quot;thumbnailURL&quot;:&quot;https:\\\/\\\/portalv1.com.br\\\/app\\\/wp-content\\\/uploads\\\/2024\\\/03\\\/20240311091709_IMG_7145-Copy-400x250.jpg&quot;,&quot;style&quot;:&quot;&quot;},{&quot;thumbcode&quot;:&quot;https:\\\/\\\/portalv1.com.br\\\/app\\\/wp-content\\\/uploads\\\/2024\\\/03\\\/20240311092003_IMG_7146-Copy-400x250.jpg&quot;,&quot;imageURL&quot;:&quot;https:\\\/\\\/portalv1.com.br\\\/app\\\/wp-content\\\/uploads\\\/2024\\\/03\\\/20240311092003_IMG_7146-Copy.jpg&quot;,&quot;pid&quot;:192357,&quot;galleryid&quot;:1,&quot;description&quot;:&quot;&quot;,&quot;alttext&quot;:&quot;Munic\\u00edpio de Valen\\u00e7a comemora Dia Internacional da Mulher com a\\u00e7\\u00f5es, servi\\u00e7os e inaugura\\u00e7\\u00e3o da Sala Lil\\u00e1s&quot;,&quot;thumbnailURL&quot;:&quot;https:\\\/\\\/portalv1.com.br\\\/app\\\/wp-content\\\/uploads\\\/2024\\\/03\\\/20240311092003_IMG_7146-Copy-400x250.jpg&quot;,&quot;style&quot;:&quot;&quot;},{&quot;thumbcode&quot;:&quot;https:\\\/\\\/portalv1.com.br\\\/app\\\/wp-content\\\/uploads\\\/2024\\\/03\\\/20240311092127_IMG_7149-Copy-400x250.jpg&quot;,&quot;imageURL&quot;:&quot;https:\\\/\\\/portalv1.com.br\\\/app\\\/wp-content\\\/uploads\\\/2024\\\/03\\\/20240311092127_IMG_7149-Copy.jpg&quot;,&quot;pid&quot;:192358,&quot;galleryid&quot;:1,&quot;description&quot;:&quot;&quot;,&quot;alttext&quot;:&quot;Munic\\u00edpio de Valen\\u00e7a comemora Dia Internacional da Mulher com a\\u00e7\\u00f5es, servi\\u00e7os e inaugura\\u00e7\\u00e3o da Sala Lil\\u00e1s&quot;,&quot;thumbnailURL&quot;:&quot;https:\\\/\\\/portalv1.com.br\\\/app\\\/wp-content\\\/uploads\\\/2024\\\/03\\\/20240311092127_IMG_7149-Copy-400x250.jpg&quot;,&quot;style&quot;:&quot;&quot;},{&quot;thumbcode&quot;:&quot;https:\\\/\\\/portalv1.com.br\\\/app\\\/wp-content\\\/uploads\\\/2024\\\/03\\\/20240311092327_IMG_7156-Copy-400x250.jpg&quot;,&quot;imageURL&quot;:&quot;https:\\\/\\\/portalv1.com.br\\\/app\\\/wp-content\\\/uploads\\\/2024\\\/03\\\/20240311092327_IMG_7156-Copy.jpg&quot;,&quot;pid&quot;:192359,&quot;galleryid&quot;:1,&quot;description&quot;:&quot;&quot;,&quot;alttext&quot;:&quot;Munic\\u00edpio de Valen\\u00e7a comemora Dia Internacional da Mulher com a\\u00e7\\u00f5es, servi\\u00e7os e inaugura\\u00e7\\u00e3o da Sala Lil\\u00e1s&quot;,&quot;thumbnailURL&quot;:&quot;https:\\\/\\\/portalv1.com.br\\\/app\\\/wp-content\\\/uploads\\\/2024\\\/03\\\/20240311092327_IMG_7156-Copy-400x250.jpg&quot;,&quot;style&quot;:&quot;&quot;},{&quot;thumbcode&quot;:&quot;https:\\\/\\\/portalv1.com.br\\\/app\\\/wp-content\\\/uploads\\\/2024\\\/03\\\/20240311092634_IMG_7160-Copy-400x250.jpg&quot;,&quot;imageURL&quot;:&quot;https:\\\/\\\/portalv1.com.br\\\/app\\\/wp-content\\\/uploads\\\/2024\\\/03\\\/20240311092634_IMG_7160-Copy.jpg&quot;,&quot;pid&quot;:192360,&quot;galleryid&quot;:1,&quot;description&quot;:&quot;&quot;,&quot;alttext&quot;:&quot;Munic\\u00edpio de Valen\\u00e7a comemora Dia Internacional da Mulher com a\\u00e7\\u00f5es, servi\\u00e7os e inaugura\\u00e7\\u00e3o da Sala Lil\\u00e1s&quot;,&quot;thumbnailURL&quot;:&quot;https:\\\/\\\/portalv1.com.br\\\/app\\\/wp-content\\\/uploads\\\/2024\\\/03\\\/20240311092634_IMG_7160-Copy-400x250.jpg&quot;,&quot;style&quot;:&quot;&quot;},{&quot;thumbcode&quot;:&quot;https:\\\/\\\/portalv1.com.br\\\/app\\\/wp-content\\\/uploads\\\/2024\\\/03\\\/20240311092739_IMG_7166-Copy-400x250.jpg&quot;,&quot;imageURL&quot;:&quot;https:\\\/\\\/portalv1.com.br\\\/app\\\/wp-content\\\/uploads\\\/2024\\\/03\\\/20240311092739_IMG_7166-Copy.jpg&quot;,&quot;pid&quot;:192361,&quot;galleryid&quot;:1,&quot;description&quot;:&quot;&quot;,&quot;alttext&quot;:&quot;Munic\\u00edpio de Valen\\u00e7a comemora Dia Internacional da Mulher com a\\u00e7\\u00f5es, servi\\u00e7os e inaugura\\u00e7\\u00e3o da Sala Lil\\u00e1s&quot;,&quot;thumbnailURL&quot;:&quot;https:\\\/\\\/portalv1.com.br\\\/app\\\/wp-content\\\/uploads\\\/2024\\\/03\\\/20240311092739_IMG_7166-Copy-400x250.jpg&quot;,&quot;style&quot;:&quot;&quot;},{&quot;thumbcode&quot;:&quot;https:\\\/\\\/portalv1.com.br\\\/app\\\/wp-content\\\/uploads\\\/2024\\\/03\\\/20240311093140_IMG_7168-Copy-400x250.jpg&quot;,&quot;imageURL&quot;:&quot;https:\\\/\\\/portalv1.com.br\\\/app\\\/wp-content\\\/uploads\\\/2024\\\/03\\\/20240311093140_IMG_7168-Copy.jpg&quot;,&quot;pid&quot;:192362,&quot;galleryid&quot;:1,&quot;description&quot;:&quot;&quot;,&quot;alttext&quot;:&quot;Munic\\u00edpio de Valen\\u00e7a comemora Dia Internacional da Mulher com a\\u00e7\\u00f5es, servi\\u00e7os e inaugura\\u00e7\\u00e3o da Sala Lil\\u00e1s&quot;,&quot;thumbnailURL&quot;:&quot;https:\\\/\\\/portalv1.com.br\\\/app\\\/wp-content\\\/uploads\\\/2024\\\/03\\\/20240311093140_IMG_7168-Copy-400x250.jpg&quot;,&quot;style&quot;:&quot;&quot;},{&quot;thumbcode&quot;:&quot;https:\\\/\\\/portalv1.com.br\\\/app\\\/wp-content\\\/uploads\\\/2024\\\/03\\\/20240311093251_IMG_7171-Copy-400x250.jpg&quot;,&quot;imageURL&quot;:&quot;https:\\\/\\\/portalv1.com.br\\\/app\\\/wp-content\\\/uploads\\\/2024\\\/03\\\/20240311093251_IMG_7171-Copy.jpg&quot;,&quot;pid&quot;:192363,&quot;galleryid&quot;:1,&quot;description&quot;:&quot;&quot;,&quot;alttext&quot;:&quot;Munic\\u00edpio de Valen\\u00e7a comemora Dia Internacional da Mulher com a\\u00e7\\u00f5es, servi\\u00e7os e inaugura\\u00e7\\u00e3o da Sala Lil\\u00e1s&quot;,&quot;thumbnailURL&quot;:&quot;https:\\\/\\\/portalv1.com.br\\\/app\\\/wp-content\\\/uploads\\\/2024\\\/03\\\/20240311093251_IMG_7171-Copy-400x250.jpg&quot;,&quot;style&quot;:&quot;&quot;},{&quot;thumbcode&quot;:&quot;https:\\\/\\\/portalv1.com.br\\\/app\\\/wp-content\\\/uploads\\\/2024\\\/03\\\/20240311093414_IMG_7172-Copy-400x250.jpg&quot;,&quot;imageURL&quot;:&quot;https:\\\/\\\/portalv1.com.br\\\/app\\\/wp-content\\\/uploads\\\/2024\\\/03\\\/20240311093414_IMG_7172-Copy.jpg&quot;,&quot;pid&quot;:192364,&quot;galleryid&quot;:1,&quot;description&quot;:&quot;&quot;,&quot;alttext&quot;:&quot;Munic\\u00edpio de Valen\\u00e7a comemora Dia Internacional da Mulher com a\\u00e7\\u00f5es, servi\\u00e7os e inaugura\\u00e7\\u00e3o da Sala Lil\\u00e1s&quot;,&quot;thumbnailURL&quot;:&quot;https:\\\/\\\/portalv1.com.br\\\/app\\\/wp-content\\\/uploads\\\/2024\\\/03\\\/20240311093414_IMG_7172-Copy-400x250.jpg&quot;,&quot;style&quot;:&quot;&quot;},{&quot;thumbcode&quot;:&quot;https:\\\/\\\/portalv1.com.br\\\/app\\\/wp-content\\\/uploads\\\/2024\\\/03\\\/20240311093900_IMG_7181-Copy-400x250.jpg&quot;,&quot;imageURL&quot;:&quot;https:\\\/\\\/portalv1.com.br\\\/app\\\/wp-content\\\/uploads\\\/2024\\\/03\\\/20240311093900_IMG_7181-Copy.jpg&quot;,&quot;pid&quot;:192365,&quot;galleryid&quot;:1,&quot;description&quot;:&quot;&quot;,&quot;alttext&quot;:&quot;Munic\\u00edpio de Valen\\u00e7a comemora Dia Internacional da Mulher com a\\u00e7\\u00f5es, servi\\u00e7os e inaugura\\u00e7\\u00e3o da Sala Lil\\u00e1s&quot;,&quot;thumbnailURL&quot;:&quot;https:\\\/\\\/portalv1.com.br\\\/app\\\/wp-content\\\/uploads\\\/2024\\\/03\\\/20240311093900_IMG_7181-Copy-400x250.jpg&quot;,&quot;style&quot;:&quot;&quot;},{&quot;thumbcode&quot;:&quot;https:\\\/\\\/portalv1.com.br\\\/app\\\/wp-content\\\/uploads\\\/2024\\\/03\\\/20240311094900_IMG_7185-Copy-400x250.jpg&quot;,&quot;imageURL&quot;:&quot;https:\\\/\\\/portalv1.com.br\\\/app\\\/wp-content\\\/uploads\\\/2024\\\/03\\\/20240311094900_IMG_7185-Copy.jpg&quot;,&quot;pid&quot;:192366,&quot;galleryid&quot;:1,&quot;description&quot;:&quot;&quot;,&quot;alttext&quot;:&quot;Munic\\u00edpio de Valen\\u00e7a comemora Dia Internacional da Mulher com a\\u00e7\\u00f5es, servi\\u00e7os e inaugura\\u00e7\\u00e3o da Sala Lil\\u00e1s&quot;,&quot;thumbnailURL&quot;:&quot;https:\\\/\\\/portalv1.com.br\\\/app\\\/wp-content\\\/uploads\\\/2024\\\/03\\\/20240311094900_IMG_7185-Copy-400x250.jpg&quot;,&quot;style&quot;:&quot;&quot;},{&quot;thumbcode&quot;:&quot;https:\\\/\\\/portalv1.com.br\\\/app\\\/wp-content\\\/uploads\\\/2024\\\/03\\\/20240311094926_IMG_7188-Copy-400x250.jpg&quot;,&quot;imageURL&quot;:&quot;https:\\\/\\\/portalv1.com.br\\\/app\\\/wp-content\\\/uploads\\\/2024\\\/03\\\/20240311094926_IMG_7188-Copy.jpg&quot;,&quot;pid&quot;:192367,&quot;galleryid&quot;:1,&quot;description&quot;:&quot;&quot;,&quot;alttext&quot;:&quot;Munic\\u00edpio de Valen\\u00e7a comemora Dia Internacional da Mulher com a\\u00e7\\u00f5es, servi\\u00e7os e inaugura\\u00e7\\u00e3o da Sala Lil\\u00e1s&quot;,&quot;thumbnailURL&quot;:&quot;https:\\\/\\\/portalv1.com.br\\\/app\\\/wp-content\\\/uploads\\\/2024\\\/03\\\/20240311094926_IMG_7188-Copy-400x250.jpg&quot;,&quot;style&quot;:&quot;&quot;},{&quot;thumbcode&quot;:&quot;https:\\\/\\\/portalv1.com.br\\\/app\\\/wp-content\\\/uploads\\\/2024\\\/03\\\/20240311095942_IMG_7196-Copy-400x250.jpg&quot;,&quot;imageURL&quot;:&quot;https:\\\/\\\/portalv1.com.br\\\/app\\\/wp-content\\\/uploads\\\/2024\\\/03\\\/20240311095942_IMG_7196-Copy.jpg&quot;,&quot;pid&quot;:192368,&quot;galleryid&quot;:1,&quot;description&quot;:&quot;&quot;,&quot;alttext&quot;:&quot;Munic\\u00edpio de Valen\\u00e7a comemora Dia Internacional da Mulher com a\\u00e7\\u00f5es, servi\\u00e7os e inaugura\\u00e7\\u00e3o da Sala Lil\\u00e1s&quot;,&quot;thumbnailURL&quot;:&quot;https:\\\/\\\/portalv1.com.br\\\/app\\\/wp-content\\\/uploads\\\/2024\\\/03\\\/20240311095942_IMG_7196-Copy-400x250.jpg&quot;,&quot;style&quot;:&quot;&quot;},{&quot;thumbcode&quot;:&quot;https:\\\/\\\/portalv1.com.br\\\/app\\\/wp-content\\\/uploads\\\/2024\\\/03\\\/20240311100301_IMG_7205-Copy-400x250.jpg&quot;,&quot;imageURL&quot;:&quot;https:\\\/\\\/portalv1.com.br\\\/app\\\/wp-content\\\/uploads\\\/2024\\\/03\\\/20240311100301_IMG_7205-Copy.jpg&quot;,&quot;pid&quot;:192369,&quot;galleryid&quot;:1,&quot;description&quot;:&quot;&quot;,&quot;alttext&quot;:&quot;Munic\\u00edpio de Valen\\u00e7a comemora Dia Internacional da Mulher com a\\u00e7\\u00f5es, servi\\u00e7os e inaugura\\u00e7\\u00e3o da Sala Lil\\u00e1s&quot;,&quot;thumbnailURL&quot;:&quot;https:\\\/\\\/portalv1.com.br\\\/app\\\/wp-content\\\/uploads\\\/2024\\\/03\\\/20240311100301_IMG_7205-Copy-400x250.jpg&quot;,&quot;style&quot;:&quot;&quot;},{&quot;thumbcode&quot;:&quot;https:\\\/\\\/portalv1.com.br\\\/app\\\/wp-content\\\/uploads\\\/2024\\\/03\\\/20240311100653_IMG_7210-Copy-400x250.jpg&quot;,&quot;imageURL&quot;:&quot;https:\\\/\\\/portalv1.com.br\\\/app\\\/wp-content\\\/uploads\\\/2024\\\/03\\\/20240311100653_IMG_7210-Copy.jpg&quot;,&quot;pid&quot;:192370,&quot;galleryid&quot;:1,&quot;description&quot;:&quot;&quot;,&quot;alttext&quot;:&quot;Munic\\u00edpio de Valen\\u00e7a comemora Dia Internacional da Mulher com a\\u00e7\\u00f5es, servi\\u00e7os e inaugura\\u00e7\\u00e3o da Sala Lil\\u00e1s&quot;,&quot;thumbnailURL&quot;:&quot;https:\\\/\\\/portalv1.com.br\\\/app\\\/wp-content\\\/uploads\\\/2024\\\/03\\\/20240311100653_IMG_7210-Copy-400x250.jpg&quot;,&quot;style&quot;:&quot;&quot;},{&quot;thumbcode&quot;:&quot;https:\\\/\\\/portalv1.com.br\\\/app\\\/wp-content\\\/uploads\\\/2024\\\/03\\\/20240311101809_IMG_7212-Copy-400x250.jpg&quot;,&quot;imageURL&quot;:&quot;https:\\\/\\\/portalv1.com.br\\\/app\\\/wp-content\\\/uploads\\\/2024\\\/03\\\/20240311101809_IMG_7212-Copy.jpg&quot;,&quot;pid&quot;:192371,&quot;galleryid&quot;:1,&quot;description&quot;:&quot;&quot;,&quot;alttext&quot;:&quot;Munic\\u00edpio de Valen\\u00e7a comemora Dia Internacional da Mulher com a\\u00e7\\u00f5es, servi\\u00e7os e inaugura\\u00e7\\u00e3o da Sala Lil\\u00e1s&quot;,&quot;thumbnailURL&quot;:&quot;https:\\\/\\\/portalv1.com.br\\\/app\\\/wp-content\\\/uploads\\\/2024\\\/03\\\/20240311101809_IMG_7212-Copy-400x250.jpg&quot;,&quot;style&quot;:&quot;&quot;},{&quot;thumbcode&quot;:&quot;https:\\\/\\\/portalv1.com.br\\\/app\\\/wp-content\\\/uploads\\\/2024\\\/03\\\/20240311102143_IMG_7215-Copy-400x250.jpg&quot;,&quot;imageURL&quot;:&quot;https:\\\/\\\/portalv1.com.br\\\/app\\\/wp-content\\\/uploads\\\/2024\\\/03\\\/20240311102143_IMG_7215-Copy.jpg&quot;,&quot;pid&quot;:192372,&quot;galleryid&quot;:1,&quot;description&quot;:&quot;&quot;,&quot;alttext&quot;:&quot;Munic\\u00edpio de Valen\\u00e7a comemora Dia Internacional da Mulher com a\\u00e7\\u00f5es, servi\\u00e7os e inaugura\\u00e7\\u00e3o da Sala Lil\\u00e1s&quot;,&quot;thumbnailURL&quot;:&quot;https:\\\/\\\/portalv1.com.br\\\/app\\\/wp-content\\\/uploads\\\/2024\\\/03\\\/20240311102143_IMG_7215-Copy-400x250.jpg&quot;,&quot;style&quot;:&quot;&quot;},{&quot;thumbcode&quot;:&quot;https:\\\/\\\/portalv1.com.br\\\/app\\\/wp-content\\\/uploads\\\/2024\\\/03\\\/20240311102255_IMG_7216-Copy-400x250.jpg&quot;,&quot;imageURL&quot;:&quot;https:\\\/\\\/portalv1.com.br\\\/app\\\/wp-content\\\/uploads\\\/2024\\\/03\\\/20240311102255_IMG_7216-Copy.jpg&quot;,&quot;pid&quot;:192373,&quot;galleryid&quot;:1,&quot;description&quot;:&quot;&quot;,&quot;alttext&quot;:&quot;Munic\\u00edpio de Valen\\u00e7a comemora Dia Internacional da Mulher com a\\u00e7\\u00f5es, servi\\u00e7os e inaugura\\u00e7\\u00e3o da Sala Lil\\u00e1s&quot;,&quot;thumbnailURL&quot;:&quot;https:\\\/\\\/portalv1.com.br\\\/app\\\/wp-content\\\/uploads\\\/2024\\\/03\\\/20240311102255_IMG_7216-Copy-400x250.jpg&quot;,&quot;style&quot;:&quot;&quot;},{&quot;thumbcode&quot;:&quot;https:\\\/\\\/portalv1.com.br\\\/app\\\/wp-content\\\/uploads\\\/2024\\\/03\\\/20240311103235_IMG_7224-Copy-400x250.jpg&quot;,&quot;imageURL&quot;:&quot;https:\\\/\\\/portalv1.com.br\\\/app\\\/wp-content\\\/uploads\\\/2024\\\/03\\\/20240311103235_IMG_7224-Copy.jpg&quot;,&quot;pid&quot;:192374,&quot;galleryid&quot;:1,&quot;description&quot;:&quot;&quot;,&quot;alttext&quot;:&quot;Munic\\u00edpio de Valen\\u00e7a comemora Dia Internacional da Mulher com a\\u00e7\\u00f5es, servi\\u00e7os e inaugura\\u00e7\\u00e3o da Sala Lil\\u00e1s&quot;,&quot;thumbnailURL&quot;:&quot;https:\\\/\\\/portalv1.com.br\\\/app\\\/wp-content\\\/uploads\\\/2024\\\/03\\\/20240311103235_IMG_7224-Copy-400x250.jpg&quot;,&quot;style&quot;:&quot;&quot;},{&quot;thumbcode&quot;:&quot;https:\\\/\\\/portalv1.com.br\\\/app\\\/wp-content\\\/uploads\\\/2024\\\/03\\\/20240311103241_IMG_7226-Copy-400x250.jpg&quot;,&quot;imageURL&quot;:&quot;https:\\\/\\\/portalv1.com.br\\\/app\\\/wp-content\\\/uploads\\\/2024\\\/03\\\/20240311103241_IMG_7226-Copy.jpg&quot;,&quot;pid&quot;:192375,&quot;galleryid&quot;:1,&quot;description&quot;:&quot;&quot;,&quot;alttext&quot;:&quot;Munic\\u00edpio de Valen\\u00e7a comemora Dia Internacional da Mulher com a\\u00e7\\u00f5es, servi\\u00e7os e inaugura\\u00e7\\u00e3o da Sala Lil\\u00e1s&quot;,&quot;thumbnailURL&quot;:&quot;https:\\\/\\\/portalv1.com.br\\\/app\\\/wp-content\\\/uploads\\\/2024\\\/03\\\/20240311103241_IMG_7226-Copy-400x250.jpg&quot;,&quot;style&quot;:&quot;&quot;},{&quot;thumbcode&quot;:&quot;https:\\\/\\\/portalv1.com.br\\\/app\\\/wp-content\\\/uploads\\\/2024\\\/03\\\/20240311104411_IMG_7228-Copy-400x250.jpg&quot;,&quot;imageURL&quot;:&quot;https:\\\/\\\/portalv1.com.br\\\/app\\\/wp-content\\\/uploads\\\/2024\\\/03\\\/20240311104411_IMG_7228-Copy.jpg&quot;,&quot;pid&quot;:192376,&quot;galleryid&quot;:1,&quot;description&quot;:&quot;&quot;,&quot;alttext&quot;:&quot;Munic\\u00edpio de Valen\\u00e7a comemora Dia Internacional da Mulher com a\\u00e7\\u00f5es, servi\\u00e7os e inaugura\\u00e7\\u00e3o da Sala Lil\\u00e1s&quot;,&quot;thumbnailURL&quot;:&quot;https:\\\/\\\/portalv1.com.br\\\/app\\\/wp-content\\\/uploads\\\/2024\\\/03\\\/20240311104411_IMG_7228-Copy-400x250.jpg&quot;,&quot;style&quot;:&quot;&quot;},{&quot;thumbcode&quot;:&quot;https:\\\/\\\/portalv1.com.br\\\/app\\\/wp-content\\\/uploads\\\/2024\\\/03\\\/20240311104446_IMG_7230-Copy-400x250.jpg&quot;,&quot;imageURL&quot;:&quot;https:\\\/\\\/portalv1.com.br\\\/app\\\/wp-content\\\/uploads\\\/2024\\\/03\\\/20240311104446_IMG_7230-Copy.jpg&quot;,&quot;pid&quot;:192377,&quot;galleryid&quot;:1,&quot;description&quot;:&quot;&quot;,&quot;alttext&quot;:&quot;Munic\\u00edpio de Valen\\u00e7a comemora Dia Internacional da Mulher com a\\u00e7\\u00f5es, servi\\u00e7os e inaugura\\u00e7\\u00e3o da Sala Lil\\u00e1s&quot;,&quot;thumbnailURL&quot;:&quot;https:\\\/\\\/portalv1.com.br\\\/app\\\/wp-content\\\/uploads\\\/2024\\\/03\\\/20240311104446_IMG_7230-Copy-400x250.jpg&quot;,&quot;style&quot;:&quot;&quot;},{&quot;thumbcode&quot;:&quot;https:\\\/\\\/portalv1.com.br\\\/app\\\/wp-content\\\/uploads\\\/2024\\\/03\\\/20240311104544_IMG_7234-Copy-400x250.jpg&quot;,&quot;imageURL&quot;:&quot;https:\\\/\\\/portalv1.com.br\\\/app\\\/wp-content\\\/uploads\\\/2024\\\/03\\\/20240311104544_IMG_7234-Copy.jpg&quot;,&quot;pid&quot;:192378,&quot;galleryid&quot;:1,&quot;description&quot;:&quot;&quot;,&quot;alttext&quot;:&quot;Munic\\u00edpio de Valen\\u00e7a comemora Dia Internacional da Mulher com a\\u00e7\\u00f5es, servi\\u00e7os e inaugura\\u00e7\\u00e3o da Sala Lil\\u00e1s&quot;,&quot;thumbnailURL&quot;:&quot;https:\\\/\\\/portalv1.com.br\\\/app\\\/wp-content\\\/uploads\\\/2024\\\/03\\\/20240311104544_IMG_7234-Copy-400x250.jpg&quot;,&quot;style&quot;:&quot;&quot;},{&quot;thumbcode&quot;:&quot;https:\\\/\\\/portalv1.com.br\\\/app\\\/wp-content\\\/uploads\\\/2024\\\/03\\\/20240311104613_IMG_7236-Copy-400x250.jpg&quot;,&quot;imageURL&quot;:&quot;https:\\\/\\\/portalv1.com.br\\\/app\\\/wp-content\\\/uploads\\\/2024\\\/03\\\/20240311104613_IMG_7236-Copy.jpg&quot;,&quot;pid&quot;:192379,&quot;galleryid&quot;:1,&quot;description&quot;:&quot;&quot;,&quot;alttext&quot;:&quot;Munic\\u00edpio de Valen\\u00e7a comemora Dia Internacional da Mulher com a\\u00e7\\u00f5es, servi\\u00e7os e inaugura\\u00e7\\u00e3o da Sala Lil\\u00e1s&quot;,&quot;thumbnailURL&quot;:&quot;https:\\\/\\\/portalv1.com.br\\\/app\\\/wp-content\\\/uploads\\\/2024\\\/03\\\/20240311104613_IMG_7236-Copy-400x250.jpg&quot;,&quot;style&quot;:&quot;&quot;},{&quot;thumbcode&quot;:&quot;https:\\\/\\\/portalv1.com.br\\\/app\\\/wp-content\\\/uploads\\\/2024\\\/03\\\/20240311104725_IMG_7237-Copy-400x250.jpg&quot;,&quot;imageURL&quot;:&quot;https:\\\/\\\/portalv1.com.br\\\/app\\\/wp-content\\\/uploads\\\/2024\\\/03\\\/20240311104725_IMG_7237-Copy.jpg&quot;,&quot;pid&quot;:192380,&quot;galleryid&quot;:1,&quot;description&quot;:&quot;&quot;,&quot;alttext&quot;:&quot;Munic\\u00edpio de Valen\\u00e7a comemora Dia Internacional da Mulher com a\\u00e7\\u00f5es, servi\\u00e7os e inaugura\\u00e7\\u00e3o da Sala Lil\\u00e1s&quot;,&quot;thumbnailURL&quot;:&quot;https:\\\/\\\/portalv1.com.br\\\/app\\\/wp-content\\\/uploads\\\/2024\\\/03\\\/20240311104725_IMG_7237-Copy-400x250.jpg&quot;,&quot;style&quot;:&quot;&quot;},{&quot;thumbcode&quot;:&quot;https:\\\/\\\/portalv1.com.br\\\/app\\\/wp-content\\\/uploads\\\/2024\\\/03\\\/20240311104759_IMG_7238-Copy-400x250.jpg&quot;,&quot;imageURL&quot;:&quot;https:\\\/\\\/portalv1.com.br\\\/app\\\/wp-content\\\/uploads\\\/2024\\\/03\\\/20240311104759_IMG_7238-Copy.jpg&quot;,&quot;pid&quot;:192381,&quot;galleryid&quot;:1,&quot;description&quot;:&quot;&quot;,&quot;alttext&quot;:&quot;Munic\\u00edpio de Valen\\u00e7a comemora Dia Internacional da Mulher com a\\u00e7\\u00f5es, servi\\u00e7os e inaugura\\u00e7\\u00e3o da Sala Lil\\u00e1s&quot;,&quot;thumbnailURL&quot;:&quot;https:\\\/\\\/portalv1.com.br\\\/app\\\/wp-content\\\/uploads\\\/2024\\\/03\\\/20240311104759_IMG_7238-Copy-400x250.jpg&quot;,&quot;style&quot;:&quot;&quot;},{&quot;thumbcode&quot;:&quot;https:\\\/\\\/portalv1.com.br\\\/app\\\/wp-content\\\/uploads\\\/2024\\\/03\\\/20240311104831_IMG_7239-Copy-400x250.jpg&quot;,&quot;imageURL&quot;:&quot;https:\\\/\\\/portalv1.com.br\\\/app\\\/wp-content\\\/uploads\\\/2024\\\/03\\\/20240311104831_IMG_7239-Copy.jpg&quot;,&quot;pid&quot;:192382,&quot;galleryid&quot;:1,&quot;description&quot;:&quot;&quot;,&quot;alttext&quot;:&quot;Munic\\u00edpio de Valen\\u00e7a comemora Dia Internacional da Mulher com a\\u00e7\\u00f5es, servi\\u00e7os e inaugura\\u00e7\\u00e3o da Sala Lil\\u00e1s&quot;,&quot;thumbnailURL&quot;:&quot;https:\\\/\\\/portalv1.com.br\\\/app\\\/wp-content\\\/uploads\\\/2024\\\/03\\\/20240311104831_IMG_7239-Copy-400x250.jpg&quot;,&quot;style&quot;:&quot;&quot;},{&quot;thumbcode&quot;:&quot;https:\\\/\\\/portalv1.com.br\\\/app\\\/wp-content\\\/uploads\\\/2024\\\/03\\\/20240311105034_IMG_7241-Copy-400x250.jpg&quot;,&quot;imageURL&quot;:&quot;https:\\\/\\\/portalv1.com.br\\\/app\\\/wp-content\\\/uploads\\\/2024\\\/03\\\/20240311105034_IMG_7241-Copy.jpg&quot;,&quot;pid&quot;:192383,&quot;galleryid&quot;:1,&quot;description&quot;:&quot;&quot;,&quot;alttext&quot;:&quot;Munic\\u00edpio de Valen\\u00e7a comemora Dia Internacional da Mulher com a\\u00e7\\u00f5es, servi\\u00e7os e inaugura\\u00e7\\u00e3o da Sala Lil\\u00e1s&quot;,&quot;thumbnailURL&quot;:&quot;https:\\\/\\\/portalv1.com.br\\\/app\\\/wp-content\\\/uploads\\\/2024\\\/03\\\/20240311105034_IMG_7241-Copy-400x250.jpg&quot;,&quot;style&quot;:&quot;&quot;},{&quot;thumbcode&quot;:&quot;https:\\\/\\\/portalv1.com.br\\\/app\\\/wp-content\\\/uploads\\\/2024\\\/03\\\/20240311105119_IMG_7243-Copy-400x250.jpg&quot;,&quot;imageURL&quot;:&quot;https:\\\/\\\/portalv1.com.br\\\/app\\\/wp-content\\\/uploads\\\/2024\\\/03\\\/20240311105119_IMG_7243-Copy.jpg&quot;,&quot;pid&quot;:192384,&quot;galleryid&quot;:1,&quot;description&quot;:&quot;&quot;,&quot;alttext&quot;:&quot;Munic\\u00edpio de Valen\\u00e7a comemora Dia Internacional da Mulher com a\\u00e7\\u00f5es, servi\\u00e7os e inaugura\\u00e7\\u00e3o da Sala Lil\\u00e1s&quot;,&quot;thumbnailURL&quot;:&quot;https:\\\/\\\/portalv1.com.br\\\/app\\\/wp-content\\\/uploads\\\/2024\\\/03\\\/20240311105119_IMG_7243-Copy-400x250.jpg&quot;,&quot;style&quot;:&quot;&quot;},{&quot;thumbcode&quot;:&quot;https:\\\/\\\/portalv1.com.br\\\/app\\\/wp-content\\\/uploads\\\/2024\\\/03\\\/20240311105218_IMG_7245-Copy-400x250.jpg&quot;,&quot;imageURL&quot;:&quot;https:\\\/\\\/portalv1.com.br\\\/app\\\/wp-content\\\/uploads\\\/2024\\\/03\\\/20240311105218_IMG_7245-Copy.jpg&quot;,&quot;pid&quot;:192385,&quot;galleryid&quot;:1,&quot;description&quot;:&quot;&quot;,&quot;alttext&quot;:&quot;Munic\\u00edpio de Valen\\u00e7a comemora Dia Internacional da Mulher com a\\u00e7\\u00f5es, servi\\u00e7os e inaugura\\u00e7\\u00e3o da Sala Lil\\u00e1s&quot;,&quot;thumbnailURL&quot;:&quot;https:\\\/\\\/portalv1.com.br\\\/app\\\/wp-content\\\/uploads\\\/2024\\\/03\\\/20240311105218_IMG_7245-Copy-400x250.jpg&quot;,&quot;style&quot;:&quot;&quot;},{&quot;thumbcode&quot;:&quot;https:\\\/\\\/portalv1.com.br\\\/app\\\/wp-content\\\/uploads\\\/2024\\\/03\\\/20240311105258_IMG_7246-Copy-400x250.jpg&quot;,&quot;imageURL&quot;:&quot;https:\\\/\\\/portalv1.com.br\\\/app\\\/wp-content\\\/uploads\\\/2024\\\/03\\\/20240311105258_IMG_7246-Copy.jpg&quot;,&quot;pid&quot;:192386,&quot;galleryid&quot;:1,&quot;description&quot;:&quot;&quot;,&quot;alttext&quot;:&quot;Munic\\u00edpio de Valen\\u00e7a comemora Dia Internacional da Mulher com a\\u00e7\\u00f5es, servi\\u00e7os e inaugura\\u00e7\\u00e3o da Sala Lil\\u00e1s&quot;,&quot;thumbnailURL&quot;:&quot;https:\\\/\\\/portalv1.com.br\\\/app\\\/wp-content\\\/uploads\\\/2024\\\/03\\\/20240311105258_IMG_7246-Copy-400x250.jpg&quot;,&quot;style&quot;:&quot;&quot;},{&quot;thumbcode&quot;:&quot;https:\\\/\\\/portalv1.com.br\\\/app\\\/wp-content\\\/uploads\\\/2024\\\/03\\\/20240311105323_IMG_7249-Copy-400x250.jpg&quot;,&quot;imageURL&quot;:&quot;https:\\\/\\\/portalv1.com.br\\\/app\\\/wp-content\\\/uploads\\\/2024\\\/03\\\/20240311105323_IMG_7249-Copy.jpg&quot;,&quot;pid&quot;:192387,&quot;galleryid&quot;:1,&quot;description&quot;:&quot;&quot;,&quot;alttext&quot;:&quot;Munic\\u00edpio de Valen\\u00e7a comemora Dia Internacional da Mulher com a\\u00e7\\u00f5es, servi\\u00e7os e inaugura\\u00e7\\u00e3o da Sala Lil\\u00e1s&quot;,&quot;thumbnailURL&quot;:&quot;https:\\\/\\\/portalv1.com.br\\\/app\\\/wp-content\\\/uploads\\\/2024\\\/03\\\/20240311105323_IMG_7249-Copy-400x250.jpg&quot;,&quot;style&quot;:&quot;&quot;},{&quot;thumbcode&quot;:&quot;https:\\\/\\\/portalv1.com.br\\\/app\\\/wp-content\\\/uploads\\\/2024\\\/03\\\/20240311105359_IMG_7251-Copy-400x250.jpg&quot;,&quot;imageURL&quot;:&quot;https:\\\/\\\/portalv1.com.br\\\/app\\\/wp-content\\\/uploads\\\/2024\\\/03\\\/20240311105359_IMG_7251-Copy.jpg&quot;,&quot;pid&quot;:192388,&quot;galleryid&quot;:1,&quot;description&quot;:&quot;&quot;,&quot;alttext&quot;:&quot;Munic\\u00edpio de Valen\\u00e7a comemora Dia Internacional da Mulher com a\\u00e7\\u00f5es, servi\\u00e7os e inaugura\\u00e7\\u00e3o da Sala Lil\\u00e1s&quot;,&quot;thumbnailURL&quot;:&quot;https:\\\/\\\/portalv1.com.br\\\/app\\\/wp-content\\\/uploads\\\/2024\\\/03\\\/20240311105359_IMG_7251-Copy-400x250.jpg&quot;,&quot;style&quot;:&quot;&quot;},{&quot;thumbcode&quot;:&quot;https:\\\/\\\/portalv1.com.br\\\/app\\\/wp-content\\\/uploads\\\/2024\\\/03\\\/20240311105440_IMG_7253-Copy-400x250.jpg&quot;,&quot;imageURL&quot;:&quot;https:\\\/\\\/portalv1.com.br\\\/app\\\/wp-content\\\/uploads\\\/2024\\\/03\\\/20240311105440_IMG_7253-Copy.jpg&quot;,&quot;pid&quot;:192389,&quot;galleryid&quot;:1,&quot;description&quot;:&quot;&quot;,&quot;alttext&quot;:&quot;Munic\\u00edpio de Valen\\u00e7a comemora Dia Internacional da Mulher com a\\u00e7\\u00f5es, servi\\u00e7os e inaugura\\u00e7\\u00e3o da Sala Lil\\u00e1s&quot;,&quot;thumbnailURL&quot;:&quot;https:\\\/\\\/portalv1.com.br\\\/app\\\/wp-content\\\/uploads\\\/2024\\\/03\\\/20240311105440_IMG_7253-Copy-400x250.jpg&quot;,&quot;style&quot;:&quot;&quot;},{&quot;thumbcode&quot;:&quot;https:\\\/\\\/portalv1.com.br\\\/app\\\/wp-content\\\/uploads\\\/2024\\\/03\\\/20240311105525_IMG_7255-Copy-400x250.jpg&quot;,&quot;imageURL&quot;:&quot;https:\\\/\\\/portalv1.com.br\\\/app\\\/wp-content\\\/uploads\\\/2024\\\/03\\\/20240311105525_IMG_7255-Copy.jpg&quot;,&quot;pid&quot;:192390,&quot;galleryid&quot;:1,&quot;description&quot;:&quot;&quot;,&quot;alttext&quot;:&quot;Munic\\u00edpio de Valen\\u00e7a comemora Dia Internacional da Mulher com a\\u00e7\\u00f5es, servi\\u00e7os e inaugura\\u00e7\\u00e3o da Sala Lil\\u00e1s&quot;,&quot;thumbnailURL&quot;:&quot;https:\\\/\\\/portalv1.com.br\\\/app\\\/wp-content\\\/uploads\\\/2024\\\/03\\\/20240311105525_IMG_7255-Copy-400x250.jpg&quot;,&quot;style&quot;:&quot;&quot;},{&quot;thumbcode&quot;:&quot;https:\\\/\\\/portalv1.com.br\\\/app\\\/wp-content\\\/uploads\\\/2024\\\/03\\\/20240311105555_IMG_7256-Copy-400x250.jpg&quot;,&quot;imageURL&quot;:&quot;https:\\\/\\\/portalv1.com.br\\\/app\\\/wp-content\\\/uploads\\\/2024\\\/03\\\/20240311105555_IMG_7256-Copy.jpg&quot;,&quot;pid&quot;:192391,&quot;galleryid&quot;:1,&quot;description&quot;:&quot;&quot;,&quot;alttext&quot;:&quot;Munic\\u00edpio de Valen\\u00e7a comemora Dia Internacional da Mulher com a\\u00e7\\u00f5es, servi\\u00e7os e inaugura\\u00e7\\u00e3o da Sala Lil\\u00e1s&quot;,&quot;thumbnailURL&quot;:&quot;https:\\\/\\\/portalv1.com.br\\\/app\\\/wp-content\\\/uploads\\\/2024\\\/03\\\/20240311105555_IMG_7256-Copy-400x250.jpg&quot;,&quot;style&quot;:&quot;&quot;},{&quot;thumbcode&quot;:&quot;https:\\\/\\\/portalv1.com.br\\\/app\\\/wp-content\\\/uploads\\\/2024\\\/03\\\/20240311105636_IMG_7260-Copy-400x250.jpg&quot;,&quot;imageURL&quot;:&quot;https:\\\/\\\/portalv1.com.br\\\/app\\\/wp-content\\\/uploads\\\/2024\\\/03\\\/20240311105636_IMG_7260-Copy.jpg&quot;,&quot;pid&quot;:192392,&quot;galleryid&quot;:1,&quot;description&quot;:&quot;&quot;,&quot;alttext&quot;:&quot;Munic\\u00edpio de Valen\\u00e7a comemora Dia Internacional da Mulher com a\\u00e7\\u00f5es, servi\\u00e7os e inaugura\\u00e7\\u00e3o da Sala Lil\\u00e1s&quot;,&quot;thumbnailURL&quot;:&quot;https:\\\/\\\/portalv1.com.br\\\/app\\\/wp-content\\\/uploads\\\/2024\\\/03\\\/20240311105636_IMG_7260-Copy-400x250.jpg&quot;,&quot;style&quot;:&quot;&quot;},{&quot;thumbcode&quot;:&quot;https:\\\/\\\/portalv1.com.br\\\/app\\\/wp-content\\\/uploads\\\/2024\\\/03\\\/20240311112017_IMG_7266-Copy-400x250.jpg&quot;,&quot;imageURL&quot;:&quot;https:\\\/\\\/portalv1.com.br\\\/app\\\/wp-content\\\/uploads\\\/2024\\\/03\\\/20240311112017_IMG_7266-Copy.jpg&quot;,&quot;pid&quot;:192393,&quot;galleryid&quot;:1,&quot;description&quot;:&quot;&quot;,&quot;alttext&quot;:&quot;Munic\\u00edpio de Valen\\u00e7a comemora Dia Internacional da Mulher com a\\u00e7\\u00f5es, servi\\u00e7os e inaugura\\u00e7\\u00e3o da Sala Lil\\u00e1s&quot;,&quot;thumbnailURL&quot;:&quot;https:\\\/\\\/portalv1.com.br\\\/app\\\/wp-content\\\/uploads\\\/2024\\\/03\\\/20240311112017_IMG_7266-Copy-400x250.jpg&quot;,&quot;style&quot;:&quot;&quot;},{&quot;thumbcode&quot;:&quot;https:\\\/\\\/portalv1.com.br\\\/app\\\/wp-content\\\/uploads\\\/2024\\\/03\\\/20240311112227_IMG_7272-Copy-400x250.jpg&quot;,&quot;imageURL&quot;:&quot;https:\\\/\\\/portalv1.com.br\\\/app\\\/wp-content\\\/uploads\\\/2024\\\/03\\\/20240311112227_IMG_7272-Copy.jpg&quot;,&quot;pid&quot;:192394,&quot;galleryid&quot;:1,&quot;description&quot;:&quot;&quot;,&quot;alttext&quot;:&quot;Munic\\u00edpio de Valen\\u00e7a comemora Dia Internacional da Mulher com a\\u00e7\\u00f5es, servi\\u00e7os e inaugura\\u00e7\\u00e3o da Sala Lil\\u00e1s&quot;,&quot;thumbnailURL&quot;:&quot;https:\\\/\\\/portalv1.com.br\\\/app\\\/wp-content\\\/uploads\\\/2024\\\/03\\\/20240311112227_IMG_7272-Copy-400x250.jpg&quot;,&quot;style&quot;:&quot;&quot;},{&quot;thumbcode&quot;:&quot;https:\\\/\\\/portalv1.com.br\\\/app\\\/wp-content\\\/uploads\\\/2024\\\/03\\\/20240311112335_IMG_7273-Copy-400x250.jpg&quot;,&quot;imageURL&quot;:&quot;https:\\\/\\\/portalv1.com.br\\\/app\\\/wp-content\\\/uploads\\\/2024\\\/03\\\/20240311112335_IMG_7273-Copy.jpg&quot;,&quot;pid&quot;:192395,&quot;galleryid&quot;:1,&quot;description&quot;:&quot;&quot;,&quot;alttext&quot;:&quot;Munic\\u00edpio de Valen\\u00e7a comemora Dia Internacional da Mulher com a\\u00e7\\u00f5es, servi\\u00e7os e inaugura\\u00e7\\u00e3o da Sala Lil\\u00e1s&quot;,&quot;thumbnailURL&quot;:&quot;https:\\\/\\\/portalv1.com.br\\\/app\\\/wp-content\\\/uploads\\\/2024\\\/03\\\/20240311112335_IMG_7273-Copy-400x250.jpg&quot;,&quot;style&quot;:&quot;&quot;},{&quot;thumbcode&quot;:&quot;https:\\\/\\\/portalv1.com.br\\\/app\\\/wp-content\\\/uploads\\\/2024\\\/03\\\/20240311112415_IMG_7274-Copy-400x250.jpg&quot;,&quot;imageURL&quot;:&quot;https:\\\/\\\/portalv1.com.br\\\/app\\\/wp-content\\\/uploads\\\/2024\\\/03\\\/20240311112415_IMG_7274-Copy.jpg&quot;,&quot;pid&quot;:192396,&quot;galleryid&quot;:1,&quot;description&quot;:&quot;&quot;,&quot;alttext&quot;:&quot;Munic\\u00edpio de Valen\\u00e7a comemora Dia Internacional da Mulher com a\\u00e7\\u00f5es, servi\\u00e7os e inaugura\\u00e7\\u00e3o da Sala Lil\\u00e1s&quot;,&quot;thumbnailURL&quot;:&quot;https:\\\/\\\/portalv1.com.br\\\/app\\\/wp-content\\\/uploads\\\/2024\\\/03\\\/20240311112415_IMG_7274-Copy-400x250.jpg&quot;,&quot;style&quot;:&quot;&quot;},{&quot;thumbcode&quot;:&quot;https:\\\/\\\/portalv1.com.br\\\/app\\\/wp-content\\\/uploads\\\/2024\\\/03\\\/20240311112506_IMG_7275-Copy-400x250.jpg&quot;,&quot;imageURL&quot;:&quot;https:\\\/\\\/portalv1.com.br\\\/app\\\/wp-content\\\/uploads\\\/2024\\\/03\\\/20240311112506_IMG_7275-Copy.jpg&quot;,&quot;pid&quot;:192397,&quot;galleryid&quot;:1,&quot;description&quot;:&quot;&quot;,&quot;alttext&quot;:&quot;Munic\\u00edpio de Valen\\u00e7a comemora Dia Internacional da Mulher com a\\u00e7\\u00f5es, servi\\u00e7os e inaugura\\u00e7\\u00e3o da Sala Lil\\u00e1s&quot;,&quot;thumbnailURL&quot;:&quot;https:\\\/\\\/portalv1.com.br\\\/app\\\/wp-content\\\/uploads\\\/2024\\\/03\\\/20240311112506_IMG_7275-Copy-400x250.jpg&quot;,&quot;style&quot;:&quot;&quot;},{&quot;thumbcode&quot;:&quot;https:\\\/\\\/portalv1.com.br\\\/app\\\/wp-content\\\/uploads\\\/2024\\\/03\\\/20240311112932_IMG_7279-Copy-400x250.jpg&quot;,&quot;imageURL&quot;:&quot;https:\\\/\\\/portalv1.com.br\\\/app\\\/wp-content\\\/uploads\\\/2024\\\/03\\\/20240311112932_IMG_7279-Copy.jpg&quot;,&quot;pid&quot;:192398,&quot;galleryid&quot;:1,&quot;description&quot;:&quot;&quot;,&quot;alttext&quot;:&quot;Munic\\u00edpio de Valen\\u00e7a comemora Dia Internacional da Mulher com a\\u00e7\\u00f5es, servi\\u00e7os e inaugura\\u00e7\\u00e3o da Sala Lil\\u00e1s&quot;,&quot;thumbnailURL&quot;:&quot;https:\\\/\\\/portalv1.com.br\\\/app\\\/wp-content\\\/uploads\\\/2024\\\/03\\\/20240311112932_IMG_7279-Copy-400x250.jpg&quot;,&quot;style&quot;:&quot;&quot;},{&quot;thumbcode&quot;:&quot;https:\\\/\\\/portalv1.com.br\\\/app\\\/wp-content\\\/uploads\\\/2024\\\/03\\\/20240311113458_IMG_7287-Copy-400x250.jpg&quot;,&quot;imageURL&quot;:&quot;https:\\\/\\\/portalv1.com.br\\\/app\\\/wp-content\\\/uploads\\\/2024\\\/03\\\/20240311113458_IMG_7287-Copy.jpg&quot;,&quot;pid&quot;:192399,&quot;galleryid&quot;:1,&quot;description&quot;:&quot;&quot;,&quot;alttext&quot;:&quot;Munic\\u00edpio de Valen\\u00e7a comemora Dia Internacional da Mulher com a\\u00e7\\u00f5es, servi\\u00e7os e inaugura\\u00e7\\u00e3o da Sala Lil\\u00e1s&quot;,&quot;thumbnailURL&quot;:&quot;https:\\\/\\\/portalv1.com.br\\\/app\\\/wp-content\\\/uploads\\\/2024\\\/03\\\/20240311113458_IMG_7287-Copy-400x250.jpg&quot;,&quot;style&quot;:&quot;&quot;},{&quot;thumbcode&quot;:&quot;https:\\\/\\\/portalv1.com.br\\\/app\\\/wp-content\\\/uploads\\\/2024\\\/03\\\/20240311113957_IMG_7298-Copy-400x250.jpg&quot;,&quot;imageURL&quot;:&quot;https:\\\/\\\/portalv1.com.br\\\/app\\\/wp-content\\\/uploads\\\/2024\\\/03\\\/20240311113957_IMG_7298-Copy.jpg&quot;,&quot;pid&quot;:192400,&quot;galleryid&quot;:1,&quot;description&quot;:&quot;&quot;,&quot;alttext&quot;:&quot;Munic\\u00edpio de Valen\\u00e7a comemora Dia Internacional da Mulher com a\\u00e7\\u00f5es, servi\\u00e7os e inaugura\\u00e7\\u00e3o da Sala Lil\\u00e1s&quot;,&quot;thumbnailURL&quot;:&quot;https:\\\/\\\/portalv1.com.br\\\/app\\\/wp-content\\\/uploads\\\/2024\\\/03\\\/20240311113957_IMG_7298-Copy-400x250.jpg&quot;,&quot;style&quot;:&quot;&quot;},{&quot;thumbcode&quot;:&quot;https:\\\/\\\/portalv1.com.br\\\/app\\\/wp-content\\\/uploads\\\/2024\\\/03\\\/20240311114448_IMG_7305-Copy-400x250.jpg&quot;,&quot;imageURL&quot;:&quot;https:\\\/\\\/portalv1.com.br\\\/app\\\/wp-content\\\/uploads\\\/2024\\\/03\\\/20240311114448_IMG_7305-Copy.jpg&quot;,&quot;pid&quot;:192401,&quot;galleryid&quot;:1,&quot;description&quot;:&quot;&quot;,&quot;alttext&quot;:&quot;Munic\\u00edpio de Valen\\u00e7a comemora Dia Internacional da Mulher com a\\u00e7\\u00f5es, servi\\u00e7os e inaugura\\u00e7\\u00e3o da Sala Lil\\u00e1s&quot;,&quot;thumbnailURL&quot;:&quot;https:\\\/\\\/portalv1.com.br\\\/app\\\/wp-content\\\/uploads\\\/2024\\\/03\\\/20240311114448_IMG_7305-Copy-400x250.jpg&quot;,&quot;style&quot;:&quot;&quot;},{&quot;thumbcode&quot;:&quot;https:\\\/\\\/portalv1.com.br\\\/app\\\/wp-content\\\/uploads\\\/2024\\\/03\\\/IMG_2710-Copy-400x250.jpg&quot;,&quot;imageURL&quot;:&quot;https:\\\/\\\/portalv1.com.br\\\/app\\\/wp-content\\\/uploads\\\/2024\\\/03\\\/IMG_2710-Copy.jpg&quot;,&quot;pid&quot;:192402,&quot;galleryid&quot;:1,&quot;description&quot;:&quot;&quot;,&quot;alttext&quot;:&quot;Munic\\u00edpio de Valen\\u00e7a comemora Dia Internacional da Mulher com a\\u00e7\\u00f5es, servi\\u00e7os e inaugura\\u00e7\\u00e3o da Sala Lil\\u00e1s&quot;,&quot;thumbnailURL&quot;:&quot;https:\\\/\\\/portalv1.com.br\\\/app\\\/wp-content\\\/uploads\\\/2024\\\/03\\\/IMG_2710-Copy-400x250.jpg&quot;,&quot;style&quot;:&quot;&quot;},{&quot;thumbcode&quot;:&quot;https:\\\/\\\/portalv1.com.br\\\/app\\\/wp-content\\\/uploads\\\/2024\\\/03\\\/IMG_2712-Copy-400x250.jpg&quot;,&quot;imageURL&quot;:&quot;https:\\\/\\\/portalv1.com.br\\\/app\\\/wp-content\\\/uploads\\\/2024\\\/03\\\/IMG_2712-Copy.jpg&quot;,&quot;pid&quot;:192403,&quot;galleryid&quot;:1,&quot;description&quot;:&quot;&quot;,&quot;alttext&quot;:&quot;Munic\\u00edpio de Valen\\u00e7a comemora Dia Internacional da Mulher com a\\u00e7\\u00f5es, servi\\u00e7os e inaugura\\u00e7\\u00e3o da Sala Lil\\u00e1s&quot;,&quot;thumbnailURL&quot;:&quot;https:\\\/\\\/portalv1.com.br\\\/app\\\/wp-content\\\/uploads\\\/2024\\\/03\\\/IMG_2712-Copy-400x250.jpg&quot;,&quot;style&quot;:&quot;&quot;},{&quot;thumbcode&quot;:&quot;https:\\\/\\\/portalv1.com.br\\\/app\\\/wp-content\\\/uploads\\\/2024\\\/03\\\/IMG_2715-Copy-400x250.jpg&quot;,&quot;imageURL&quot;:&quot;https:\\\/\\\/portalv1.com.br\\\/app\\\/wp-content\\\/uploads\\\/2024\\\/03\\\/IMG_2715-Copy.jpg&quot;,&quot;pid&quot;:192404,&quot;galleryid&quot;:1,&quot;description&quot;:&quot;&quot;,&quot;alttext&quot;:&quot;Munic\\u00edpio de Valen\\u00e7a comemora Dia Internacional da Mulher com a\\u00e7\\u00f5es, servi\\u00e7os e inaugura\\u00e7\\u00e3o da Sala Lil\\u00e1s&quot;,&quot;thumbnailURL&quot;:&quot;https:\\\/\\\/portalv1.com.br\\\/app\\\/wp-content\\\/uploads\\\/2024\\\/03\\\/IMG_2715-Copy-400x250.jpg&quot;,&quot;style&quot;:&quot;&quot;},{&quot;thumbcode&quot;:&quot;https:\\\/\\\/portalv1.com.br\\\/app\\\/wp-content\\\/uploads\\\/2024\\\/03\\\/IMG_2717-Copy-400x250.jpg&quot;,&quot;imageURL&quot;:&quot;https:\\\/\\\/portalv1.com.br\\\/app\\\/wp-content\\\/uploads\\\/2024\\\/03\\\/IMG_2717-Copy.jpg&quot;,&quot;pid&quot;:192405,&quot;galleryid&quot;:1,&quot;description&quot;:&quot;&quot;,&quot;alttext&quot;:&quot;Munic\\u00edpio de Valen\\u00e7a comemora Dia Internacional da Mulher com a\\u00e7\\u00f5es, servi\\u00e7os e inaugura\\u00e7\\u00e3o da Sala Lil\\u00e1s&quot;,&quot;thumbnailURL&quot;:&quot;https:\\\/\\\/portalv1.com.br\\\/app\\\/wp-content\\\/uploads\\\/2024\\\/03\\\/IMG_2717-Copy-400x250.jpg&quot;,&quot;style&quot;:&quot;&quot;},{&quot;thumbcode&quot;:&quot;https:\\\/\\\/portalv1.com.br\\\/app\\\/wp-content\\\/uploads\\\/2024\\\/03\\\/IMG_2722-Copy-400x250.jpg&quot;,&quot;imageURL&quot;:&quot;https:\\\/\\\/portalv1.com.br\\\/app\\\/wp-content\\\/uploads\\\/2024\\\/03\\\/IMG_2722-Copy.jpg&quot;,&quot;pid&quot;:192406,&quot;galleryid&quot;:1,&quot;description&quot;:&quot;&quot;,&quot;alttext&quot;:&quot;Munic\\u00edpio de Valen\\u00e7a comemora Dia Internacional da Mulher com a\\u00e7\\u00f5es, servi\\u00e7os e inaugura\\u00e7\\u00e3o da Sala Lil\\u00e1s&quot;,&quot;thumbnailURL&quot;:&quot;https:\\\/\\\/portalv1.com.br\\\/app\\\/wp-content\\\/uploads\\\/2024\\\/03\\\/IMG_2722-Copy-400x250.jpg&quot;,&quot;style&quot;:&quot;&quot;},{&quot;thumbcode&quot;:&quot;https:\\\/\\\/portalv1.com.br\\\/app\\\/wp-content\\\/uploads\\\/2024\\\/03\\\/IMG_2741-Copy-400x250.jpg&quot;,&quot;imageURL&quot;:&quot;https:\\\/\\\/portalv1.com.br\\\/app\\\/wp-content\\\/uploads\\\/2024\\\/03\\\/IMG_2741-Copy.jpg&quot;,&quot;pid&quot;:192407,&quot;galleryid&quot;:1,&quot;description&quot;:&quot;&quot;,&quot;alttext&quot;:&quot;Munic\\u00edpio de Valen\\u00e7a comemora Dia Internacional da Mulher com a\\u00e7\\u00f5es, servi\\u00e7os e inaugura\\u00e7\\u00e3o da Sala Lil\\u00e1s&quot;,&quot;thumbnailURL&quot;:&quot;https:\\\/\\\/portalv1.com.br\\\/app\\\/wp-content\\\/uploads\\\/2024\\\/03\\\/IMG_2741-Copy-400x250.jpg&quot;,&quot;style&quot;:&quot;&quot;},{&quot;thumbcode&quot;:&quot;https:\\\/\\\/portalv1.com.br\\\/app\\\/wp-content\\\/uploads\\\/2024\\\/03\\\/IMG_2764-Copy-400x250.jpg&quot;,&quot;imageURL&quot;:&quot;https:\\\/\\\/portalv1.com.br\\\/app\\\/wp-content\\\/uploads\\\/2024\\\/03\\\/IMG_2764-Copy.jpg&quot;,&quot;pid&quot;:192408,&quot;galleryid&quot;:1,&quot;description&quot;:&quot;&quot;,&quot;alttext&quot;:&quot;Munic\\u00edpio de Valen\\u00e7a comemora Dia Internacional da Mulher com a\\u00e7\\u00f5es, servi\\u00e7os e inaugura\\u00e7\\u00e3o da Sala Lil\\u00e1s&quot;,&quot;thumbnailURL&quot;:&quot;https:\\\/\\\/portalv1.com.br\\\/app\\\/wp-content\\\/uploads\\\/2024\\\/03\\\/IMG_2764-Copy-400x250.jpg&quot;,&quot;style&quot;:&quot;&quot;},{&quot;thumbcode&quot;:&quot;https:\\\/\\\/portalv1.com.br\\\/app\\\/wp-content\\\/uploads\\\/2024\\\/03\\\/IMG_2769-Copy-400x250.jpg&quot;,&quot;imageURL&quot;:&quot;https:\\\/\\\/portalv1.com.br\\\/app\\\/wp-content\\\/uploads\\\/2024\\\/03\\\/IMG_2769-Copy.jpg&quot;,&quot;pid&quot;:192409,&quot;galleryid&quot;:1,&quot;description&quot;:&quot;&quot;,&quot;alttext&quot;:&quot;Munic\\u00edpio de Valen\\u00e7a comemora Dia Internacional da Mulher com a\\u00e7\\u00f5es, servi\\u00e7os e inaugura\\u00e7\\u00e3o da Sala Lil\\u00e1s&quot;,&quot;thumbnailURL&quot;:&quot;https:\\\/\\\/portalv1.com.br\\\/app\\\/wp-content\\\/uploads\\\/2024\\\/03\\\/IMG_2769-Copy-400x250.jpg&quot;,&quot;style&quot;:&quot;&quot;},{&quot;thumbcode&quot;:&quot;https:\\\/\\\/portalv1.com.br\\\/app\\\/wp-content\\\/uploads\\\/2024\\\/03\\\/IMG_2777-Copy-400x250.jpg&quot;,&quot;imageURL&quot;:&quot;https:\\\/\\\/portalv1.com.br\\\/app\\\/wp-content\\\/uploads\\\/2024\\\/03\\\/IMG_2777-Copy.jpg&quot;,&quot;pid&quot;:192410,&quot;galleryid&quot;:1,&quot;description&quot;:&quot;&quot;,&quot;alttext&quot;:&quot;Munic\\u00edpio de Valen\\u00e7a comemora Dia Internacional da Mulher com a\\u00e7\\u00f5es, servi\\u00e7os e inaugura\\u00e7\\u00e3o da Sala Lil\\u00e1s&quot;,&quot;thumbnailURL&quot;:&quot;https:\\\/\\\/portalv1.com.br\\\/app\\\/wp-content\\\/uploads\\\/2024\\\/03\\\/IMG_2777-Copy-400x250.jpg&quot;,&quot;style&quot;:&quot;&quot;},{&quot;thumbcode&quot;:&quot;https:\\\/\\\/portalv1.com.br\\\/app\\\/wp-content\\\/uploads\\\/2024\\\/03\\\/IMG_2780-Copy-400x250.jpg&quot;,&quot;imageURL&quot;:&quot;https:\\\/\\\/portalv1.com.br\\\/app\\\/wp-content\\\/uploads\\\/2024\\\/03\\\/IMG_2780-Copy.jpg&quot;,&quot;pid&quot;:192411,&quot;galleryid&quot;:1,&quot;description&quot;:&quot;&quot;,&quot;alttext&quot;:&quot;Munic\\u00edpio de Valen\\u00e7a comemora Dia Internacional da Mulher com a\\u00e7\\u00f5es, servi\\u00e7os e inaugura\\u00e7\\u00e3o da Sala Lil\\u00e1s&quot;,&quot;thumbnailURL&quot;:&quot;https:\\\/\\\/portalv1.com.br\\\/app\\\/wp-content\\\/uploads\\\/2024\\\/03\\\/IMG_2780-Copy-400x250.jpg&quot;,&quot;style&quot;:&quot;&quot;},{&quot;thumbcode&quot;:&quot;https:\\\/\\\/portalv1.com.br\\\/app\\\/wp-content\\\/uploads\\\/2024\\\/03\\\/IMG_2789-Copy-400x250.jpg&quot;,&quot;imageURL&quot;:&quot;https:\\\/\\\/portalv1.com.br\\\/app\\\/wp-content\\\/uploads\\\/2024\\\/03\\\/IMG_2789-Copy.jpg&quot;,&quot;pid&quot;:192413,&quot;galleryid&quot;:1,&quot;description&quot;:&quot;&quot;,&quot;alttext&quot;:&quot;Munic\\u00edpio de Valen\\u00e7a comemora Dia Internacional da Mulher com a\\u00e7\\u00f5es, servi\\u00e7os e inaugura\\u00e7\\u00e3o da Sala Lil\\u00e1s&quot;,&quot;thumbnailURL&quot;:&quot;https:\\\/\\\/portalv1.com.br\\\/app\\\/wp-content\\\/uploads\\\/2024\\\/03\\\/IMG_2789-Copy-400x250.jpg&quot;,&quot;style&quot;:&quot;&quot;},{&quot;thumbcode&quot;:&quot;https:\\\/\\\/portalv1.com.br\\\/app\\\/wp-content\\\/uploads\\\/2024\\\/03\\\/IMG_2796-Copy-400x250.jpg&quot;,&quot;imageURL&quot;:&quot;https:\\\/\\\/portalv1.com.br\\\/app\\\/wp-content\\\/uploads\\\/2024\\\/03\\\/IMG_2796-Copy.jpg&quot;,&quot;pid&quot;:192414,&quot;galleryid&quot;:1,&quot;description&quot;:&quot;&quot;,&quot;alttext&quot;:&quot;Munic\\u00edpio de Valen\\u00e7a comemora Dia Internacional da Mulher com a\\u00e7\\u00f5es, servi\\u00e7os e inaugura\\u00e7\\u00e3o da Sala Lil\\u00e1s&quot;,&quot;thumbnailURL&quot;:&quot;https:\\\/\\\/portalv1.com.br\\\/app\\\/wp-content\\\/uploads\\\/2024\\\/03\\\/IMG_2796-Copy-400x250.jpg&quot;,&quot;style&quot;:&quot;&quot;},{&quot;thumbcode&quot;:&quot;https:\\\/\\\/portalv1.com.br\\\/app\\\/wp-content\\\/uploads\\\/2024\\\/03\\\/IMG_2801-Copy-400x250.jpg&quot;,&quot;imageURL&quot;:&quot;https:\\\/\\\/portalv1.com.br\\\/app\\\/wp-content\\\/uploads\\\/2024\\\/03\\\/IMG_2801-Copy.jpg&quot;,&quot;pid&quot;:192415,&quot;galleryid&quot;:1,&quot;description&quot;:&quot;&quot;,&quot;alttext&quot;:&quot;Munic\\u00edpio de Valen\\u00e7a comemora Dia Internacional da Mulher com a\\u00e7\\u00f5es, servi\\u00e7os e inaugura\\u00e7\\u00e3o da Sala Lil\\u00e1s&quot;,&quot;thumbnailURL&quot;:&quot;https:\\\/\\\/portalv1.com.br\\\/app\\\/wp-content\\\/uploads\\\/2024\\\/03\\\/IMG_2801-Copy-400x250.jpg&quot;,&quot;style&quot;:&quot;&quot;},{&quot;thumbcode&quot;:&quot;https:\\\/\\\/portalv1.com.br\\\/app\\\/wp-content\\\/uploads\\\/2024\\\/03\\\/IMG_2802-Copy-400x250.jpg&quot;,&quot;imageURL&quot;:&quot;https:\\\/\\\/portalv1.com.br\\\/app\\\/wp-content\\\/uploads\\\/2024\\\/03\\\/IMG_2802-Copy.jpg&quot;,&quot;pid&quot;:192416,&quot;galleryid&quot;:1,&quot;description&quot;:&quot;&quot;,&quot;alttext&quot;:&quot;Munic\\u00edpio de Valen\\u00e7a comemora Dia Internacional da Mulher com a\\u00e7\\u00f5es, servi\\u00e7os e inaugura\\u00e7\\u00e3o da Sala Lil\\u00e1s&quot;,&quot;thumbnailURL&quot;:&quot;https:\\\/\\\/portalv1.com.br\\\/app\\\/wp-content\\\/uploads\\\/2024\\\/03\\\/IMG_2802-Copy-400x250.jpg&quot;,&quot;style&quot;:&quot;&quot;},{&quot;thumbcode&quot;:&quot;https:\\\/\\\/portalv1.com.br\\\/app\\\/wp-content\\\/uploads\\\/2024\\\/03\\\/IMG_2805-Copy-400x250.jpg&quot;,&quot;imageURL&quot;:&quot;https:\\\/\\\/portalv1.com.br\\\/app\\\/wp-content\\\/uploads\\\/2024\\\/03\\\/IMG_2805-Copy.jpg&quot;,&quot;pid&quot;:192417,&quot;galleryid&quot;:1,&quot;description&quot;:&quot;&quot;,&quot;alttext&quot;:&quot;Munic\\u00edpio de Valen\\u00e7a comemora Dia Internacional da Mulher com a\\u00e7\\u00f5es, servi\\u00e7os e inaugura\\u00e7\\u00e3o da Sala Lil\\u00e1s&quot;,&quot;thumbnailURL&quot;:&quot;https:\\\/\\\/portalv1.com.br\\\/app\\\/wp-content\\\/uploads\\\/2024\\\/03\\\/IMG_2805-Copy-400x250.jpg&quot;,&quot;style&quot;:&quot;&quot;},{&quot;thumbcode&quot;:&quot;https:\\\/\\\/portalv1.com.br\\\/app\\\/wp-content\\\/uploads\\\/2024\\\/03\\\/IMG_2807-Copy-400x250.jpg&quot;,&quot;imageURL&quot;:&quot;https:\\\/\\\/portalv1.com.br\\\/app\\\/wp-content\\\/uploads\\\/2024\\\/03\\\/IMG_2807-Copy.jpg&quot;,&quot;pid&quot;:192418,&quot;galleryid&quot;:1,&quot;description&quot;:&quot;&quot;,&quot;alttext&quot;:&quot;Munic\\u00edpio de Valen\\u00e7a comemora Dia Internacional da Mulher com a\\u00e7\\u00f5es, servi\\u00e7os e inaugura\\u00e7\\u00e3o da Sala Lil\\u00e1s&quot;,&quot;thumbnailURL&quot;:&quot;https:\\\/\\\/portalv1.com.br\\\/app\\\/wp-content\\\/uploads\\\/2024\\\/03\\\/IMG_2807-Copy-400x250.jpg&quot;,&quot;style&quot;:&quot;&quot;},{&quot;thumbcode&quot;:&quot;https:\\\/\\\/portalv1.com.br\\\/app\\\/wp-content\\\/uploads\\\/2024\\\/03\\\/IMG_2809-Copy-400x250.jpg&quot;,&quot;imageURL&quot;:&quot;https:\\\/\\\/portalv1.com.br\\\/app\\\/wp-content\\\/uploads\\\/2024\\\/03\\\/IMG_2809-Copy.jpg&quot;,&quot;pid&quot;:192419,&quot;galleryid&quot;:1,&quot;description&quot;:&quot;&quot;,&quot;alttext&quot;:&quot;Munic\\u00edpio de Valen\\u00e7a comemora Dia Internacional da Mulher com a\\u00e7\\u00f5es, servi\\u00e7os e inaugura\\u00e7\\u00e3o da Sala Lil\\u00e1s&quot;,&quot;thumbnailURL&quot;:&quot;https:\\\/\\\/portalv1.com.br\\\/app\\\/wp-content\\\/uploads\\\/2024\\\/03\\\/IMG_2809-Copy-400x250.jpg&quot;,&quot;style&quot;:&quot;&quot;}]}}\"><\/div>\n                  <\/div>\n","protected":false},"excerpt":{"rendered":"<p>A Prefeitura Municipal de Valen\u00e7a do Piau\u00ed realizou nesta sexta-feira (08), diversas a\u00e7\u00f5es e servi\u00e7os em celebra\u00e7\u00e3o ao Dia Internacional da Mulher no Centro Social Urbano. Na ocasi\u00e3o, tamb\u00e9m foi&#8230;<\/p>\n","protected":false},"author":1,"featured_media":192368,"comment_status":"open","ping_status":"open","sticky":false,"template":"","format":"standard","meta":{"ngg_post_thumbnail":0,"footnotes":""},"categories":[243],"tags":[],"class_list":["post-192345","post","type-post","status-publish","format-standard","has-post-thumbnail","hentry","category-geral"],"views":1720,"meta_data":{"thumb":"https:\/\/portalv1.com.br\/app\/wp-content\/uploads\/2024\/03\/20240311095942_IMG_7196-Copy.jpg","imagem":{"fullsize":{"url":"https:\/\/portalv1.com.br\/app\/wp-content\/uploads\/2024\/03\/20240311095942_IMG_7196-Copy.jpg","width":1920,"height":1080},"medium":{"url":"https:\/\/portalv1.com.br\/app\/wp-content\/uploads\/2024\/03\/20240311095942_IMG_7196-Copy-300x169.jpg","width":300,"height":169},"large":{"url":"https:\/\/portalv1.com.br\/app\/wp-content\/uploads\/2024\/03\/20240311095942_IMG_7196-Copy-640x360.jpg","width":640,"height":360},"thumbnail":{"url":"https:\/\/portalv1.com.br\/app\/wp-content\/uploads\/2024\/03\/20240311095942_IMG_7196-Copy-100x100.jpg","width":100,"height":100},"medium_large":{"url":"https:\/\/portalv1.com.br\/app\/wp-content\/uploads\/2024\/03\/20240311095942_IMG_7196-Copy-768x432.jpg","width":768,"height":432},"1536x1536":{"url":"https:\/\/portalv1.com.br\/app\/wp-content\/uploads\/2024\/03\/20240311095942_IMG_7196-Copy-1536x864.jpg","width":1536,"height":864}},"data":{"simple":"08\/03\/2024","date_time":"08\/03\/2024 20:43:47","date":"h\u00e1 2 anos"},"chapeu":"8 de mar\u00e7o","source":"slide"},"_links":{"self":[{"href":"https:\/\/portalv1.com.br\/api\/wp\/v2\/posts\/192345","targetHints":{"allow":["GET"]}}],"collection":[{"href":"https:\/\/portalv1.com.br\/api\/wp\/v2\/posts"}],"about":[{"href":"https:\/\/portalv1.com.br\/api\/wp\/v2\/types\/post"}],"author":[{"embeddable":true,"href":"https:\/\/portalv1.com.br\/api\/wp\/v2\/users\/1"}],"replies":[{"embeddable":true,"href":"https:\/\/portalv1.com.br\/api\/wp\/v2\/comments?post=192345"}],"version-history":[{"count":0,"href":"https:\/\/portalv1.com.br\/api\/wp\/v2\/posts\/192345\/revisions"}],"wp:featuredmedia":[{"embeddable":true,"href":"https:\/\/portalv1.com.br\/api\/wp\/v2\/media\/192368"}],"wp:attachment":[{"href":"https:\/\/portalv1.com.br\/api\/wp\/v2\/media?parent=192345"}],"wp:term":[{"taxonomy":"category","embeddable":true,"href":"https:\/\/portalv1.com.br\/api\/wp\/v2\/categories?post=192345"},{"taxonomy":"post_tag","embeddable":true,"href":"https:\/\/portalv1.com.br\/api\/wp\/v2\/tags?post=192345"}],"curies":[{"name":"wp","href":"https:\/\/api.w.org\/{rel}","templated":true}]}}