{"id":19263,"date":"2014-09-20T08:26:55","date_gmt":"2014-09-20T11:26:55","guid":{"rendered":"https:\/\/portalv1.com.br\/?p=19263"},"modified":"2014-09-20T08:26:55","modified_gmt":"2014-09-20T11:26:55","slug":"ze-filho-participa-de-carreata-e-comicio-em-valenca-nesse-domingo","status":"publish","type":"post","link":"https:\/\/portalv1.com.br\/ze-filho-participa-de-carreata-e-comicio-em-valenca-nesse-domingo\/","title":{"rendered":"Z\u00e9 Filho participa de carreata e com\u00edcio em Valen\u00e7a nesse domingo"},"content":{"rendered":"<figure id=\"attachment_19264\" aria-describedby=\"caption-attachment-19264\" style=\"width: 300px\" class=\"wp-caption alignright\"><a href=\"https:\/\/portalv1.com.br\/app\/wp-content\/uploads\/2014\/09\/ze-filho.jpg\"><img loading=\"lazy\" decoding=\"async\" class=\"size-medium wp-image-19264\" src=\"https:\/\/portalv1.com.br\/app\/wp-content\/uploads\/2014\/09\/ze-filho-300x225.jpg\" alt=\"O comicio ser\u00e1 realizado no Novo Horizonte\" width=\"300\" height=\"225\" srcset=\"https:\/\/portalv1.com.br\/app\/wp-content\/uploads\/2014\/09\/ze-filho-300x225.jpg 300w, https:\/\/portalv1.com.br\/app\/wp-content\/uploads\/2014\/09\/ze-filho.jpg 600w\" sizes=\"auto, (max-width: 300px) 100vw, 300px\" \/><\/a><figcaption id=\"caption-attachment-19264\" class=\"wp-caption-text\">O comicio ser\u00e1 realizado no Novo Horizonte<\/figcaption><\/figure>\n<p>O governador e candidato a reelei\u00e7\u00e3o Z\u00e9 Filho realizar\u00e1 em Valen\u00e7a na tarde deste domingo (21) uma carreta seguido de um com\u00edcio na Pra\u00e7a Norberto Dino Barbosa no Bairro Novo Horizonte. Em Valen\u00e7a a comitiva ser\u00e1 recepcionada pelo prefeito Walfredo Filho, ex-prefeito Alc\u00e2ntara e lideran\u00e7as locais e da regi\u00e3o valenciana que d\u00e3o sustenta\u00e7\u00e3o a sua candidatura.<\/p>\n<p>Nesse s\u00e1bado (20) a cidade de Valen\u00e7a completa 252 anos de emancipa\u00e7\u00e3o pol\u00edtica. Al\u00e9m do governador a comitiva ter\u00e1 ainda a participa\u00e7\u00e3o do candidato a vice Silvio Mendes ao senado Wilson Martins e candidatos a deputados pela coliga\u00e7\u00e3o Piau\u00ed no Cora\u00e7\u00e3o.<\/p>\n","protected":false},"excerpt":{"rendered":"<p>O governador e candidato a reelei\u00e7\u00e3o Z\u00e9 Filho realizar\u00e1 em Valen\u00e7a na tarde deste domingo (21) uma carreta seguido de um com\u00edcio na Pra\u00e7a Norberto Dino Barbosa no Bairro Novo&#8230;<\/p>\n","protected":false},"author":1,"featured_media":0,"comment_status":"open","ping_status":"open","sticky":false,"template":"","format":"standard","meta":{"ngg_post_thumbnail":0,"footnotes":""},"categories":[12],"tags":[],"class_list":["post-19263","post","type-post","status-publish","format-standard","hentry","category-valenca-news"],"views":691,"meta_data":{"thumb":"https:\/\/portalv1.com.br\/app\/wp-content\/uploads\/2014\/09\/ze-filho.jpg","data":{"simple":"20\/09\/2014","date_time":"20\/09\/2014 05:26:55","date":"h\u00e1 12 anos"},"chapeu":"Elei\u00e7\u00f5es 2014","source":"m_destacada"},"_links":{"self":[{"href":"https:\/\/portalv1.com.br\/api\/wp\/v2\/posts\/19263","targetHints":{"allow":["GET"]}}],"collection":[{"href":"https:\/\/portalv1.com.br\/api\/wp\/v2\/posts"}],"about":[{"href":"https:\/\/portalv1.com.br\/api\/wp\/v2\/types\/post"}],"author":[{"embeddable":true,"href":"https:\/\/portalv1.com.br\/api\/wp\/v2\/users\/1"}],"replies":[{"embeddable":true,"href":"https:\/\/portalv1.com.br\/api\/wp\/v2\/comments?post=19263"}],"version-history":[{"count":0,"href":"https:\/\/portalv1.com.br\/api\/wp\/v2\/posts\/19263\/revisions"}],"wp:attachment":[{"href":"https:\/\/portalv1.com.br\/api\/wp\/v2\/media?parent=19263"}],"wp:term":[{"taxonomy":"category","embeddable":true,"href":"https:\/\/portalv1.com.br\/api\/wp\/v2\/categories?post=19263"},{"taxonomy":"post_tag","embeddable":true,"href":"https:\/\/portalv1.com.br\/api\/wp\/v2\/tags?post=19263"}],"curies":[{"name":"wp","href":"https:\/\/api.w.org\/{rel}","templated":true}]}}