{"id":19292,"date":"2014-09-26T01:05:31","date_gmt":"2014-09-26T04:05:31","guid":{"rendered":"https:\/\/portalv1.com.br\/?p=19292"},"modified":"2014-09-29T09:47:40","modified_gmt":"2014-09-29T12:47:40","slug":"jarbas-matias-responde-ao-deputado-marllos-sampaio","status":"publish","type":"post","link":"https:\/\/portalv1.com.br\/jarbas-matias-responde-ao-deputado-marllos-sampaio\/","title":{"rendered":"Jarbas Matias responde ao deputado Marllos Sampaio"},"content":{"rendered":"<figure id=\"attachment_19293\" aria-describedby=\"caption-attachment-19293\" style=\"width: 300px\" class=\"wp-caption alignright\"><a href=\"https:\/\/portalv1.com.br\/app\/wp-content\/uploads\/2014\/09\/jarbas-matias.jpg\"><img loading=\"lazy\" decoding=\"async\" class=\"size-medium wp-image-19293\" src=\"https:\/\/portalv1.com.br\/app\/wp-content\/uploads\/2014\/09\/jarbas-matias-300x400.jpg\" alt=\"Diretor Jarbas Matias\" width=\"300\" height=\"400\" srcset=\"https:\/\/portalv1.com.br\/app\/wp-content\/uploads\/2014\/09\/jarbas-matias-300x400.jpg 300w, https:\/\/portalv1.com.br\/app\/wp-content\/uploads\/2014\/09\/jarbas-matias.jpg 480w\" sizes=\"auto, (max-width: 300px) 100vw, 300px\" \/><\/a><figcaption id=\"caption-attachment-19293\" class=\"wp-caption-text\">Diretor Jarbas Matias<\/figcaption><\/figure>\n<p>Em entrevista a FM Cidade nesta quinta-feira (25), o diretor do hospital regional, ex-prefeito Jarbas Matias fez um balan\u00e7o da gest\u00e3o do hospital regional. A entrevista foi uma resposta as criticas feitas pelo deputado federal Marllos Sampaio durante o com\u00edcio no ultimo domingo (21) realizado pelo candidato a governador Z\u00e9 Filho. Marllos Sampaio criticou a gest\u00e3o do diretor chamando o hospital regional de caverna.<\/p>\n<p>Jarbas Matias reconheceu as dificuldades do hospital regional num entanto afirmou n\u00e3o aceitar criticas infundadas sobre a gest\u00e3o do hospital regional. Esse embate entre o diretor e o deputado federal tem resson\u00e2ncia na composi\u00e7\u00e3o da base para as elei\u00e7\u00f5es desse ano.<\/p>\n<p>No dia 10 de janeiro desse ano, o diretor Jarbas Matias reuniu amigos e correligion\u00e1rios em uma churrascaria para anunciar seu apoio pol\u00edtico ao deputado federal Marllos Sampaio. Com o inicio da campanha esse apoio n\u00e3o foi concretizado da\u00ed esse desentendimento. Antes da entrevista o diretor recebeu o apoio de colaboradores do hospital e correligion\u00e1rios que foram at\u00e9 a emissora se solidarizar com o diretor.<\/p>\n<p>O pronunciamento do candidato Marllos Sampaio desagradou a quase todos os aliados que participavam do com\u00edcio do governador Z\u00e9 Filho em Valen\u00e7a em especial os candidatos a deputado federal. Pessoas ligadas aos deputados n\u00e3o pouparam as criticas ao pronunciamento do deputado Marllos Sampaio aqu\u00e9m acusaram de ser deselegante. Por sua vez, os correligion\u00e1rios do deputado Marllos Sampaio classificaram a atitude do deputado de corajosa, uma vez, que o deputado falou apenas a verdade.<\/p>\n","protected":false},"excerpt":{"rendered":"<p>Em entrevista a FM Cidade nesta quinta-feira (25), o diretor do hospital regional, ex-prefeito Jarbas Matias fez um balan\u00e7o da gest\u00e3o do hospital regional. A entrevista foi uma resposta as&#8230;<\/p>\n","protected":false},"author":1,"featured_media":0,"comment_status":"open","ping_status":"open","sticky":false,"template":"","format":"standard","meta":{"ngg_post_thumbnail":0,"footnotes":""},"categories":[12],"tags":[],"class_list":["post-19292","post","type-post","status-publish","format-standard","hentry","category-valenca-news"],"views":2094,"meta_data":{"thumb":"https:\/\/portalv1.com.br\/app\/wp-content\/uploads\/2014\/09\/jarbas-matias.jpg","data":{"simple":"25\/09\/2014","date_time":"25\/09\/2014 22:05:31","date":"h\u00e1 12 anos"},"chapeu":"Elei\u00e7\u00f5es 2014","source":"foto_menor"},"_links":{"self":[{"href":"https:\/\/portalv1.com.br\/api\/wp\/v2\/posts\/19292","targetHints":{"allow":["GET"]}}],"collection":[{"href":"https:\/\/portalv1.com.br\/api\/wp\/v2\/posts"}],"about":[{"href":"https:\/\/portalv1.com.br\/api\/wp\/v2\/types\/post"}],"author":[{"embeddable":true,"href":"https:\/\/portalv1.com.br\/api\/wp\/v2\/users\/1"}],"replies":[{"embeddable":true,"href":"https:\/\/portalv1.com.br\/api\/wp\/v2\/comments?post=19292"}],"version-history":[{"count":0,"href":"https:\/\/portalv1.com.br\/api\/wp\/v2\/posts\/19292\/revisions"}],"wp:attachment":[{"href":"https:\/\/portalv1.com.br\/api\/wp\/v2\/media?parent=19292"}],"wp:term":[{"taxonomy":"category","embeddable":true,"href":"https:\/\/portalv1.com.br\/api\/wp\/v2\/categories?post=19292"},{"taxonomy":"post_tag","embeddable":true,"href":"https:\/\/portalv1.com.br\/api\/wp\/v2\/tags?post=19292"}],"curies":[{"name":"wp","href":"https:\/\/api.w.org\/{rel}","templated":true}]}}