{"id":193198,"date":"2024-03-13T08:24:47","date_gmt":"2024-03-13T11:24:47","guid":{"rendered":"https:\/\/portalv1.com.br\/?p=193198"},"modified":"2024-03-13T08:27:11","modified_gmt":"2024-03-13T11:27:11","slug":"prefeito-de-francinopolis-se-reune-em-brasilia-com-o-deputado-federal-castro-neto","status":"publish","type":"post","link":"https:\/\/portalv1.com.br\/prefeito-de-francinopolis-se-reune-em-brasilia-com-o-deputado-federal-castro-neto\/","title":{"rendered":"Prefeito de Francin\u00f3polis se re\u00fane em Bras\u00edlia com o deputado federal Castro Neto"},"content":{"rendered":"<p>O prefeito de Francin\u00f3polis, Paulo C\u00e9sar, se reuniu nesta ter\u00e7a-feira (12), com o Deputado Federal Castro Neto. A reuni\u00e3o aconteceu no gabinete do deputado piauiense, em Bras\u00edlia. Castro Neto, que esteve visando o munic\u00edpio ano passado por ocasi\u00e3o do anivers\u00e1rio da cidade, agradeceu a visita do prefeito.<\/p>\n<p>\u201cEstamos aqui recebendo esse grande prefeito Paulo C\u00e9sar, amigo de longa data e n\u00f3s j\u00e1 estamos ajudando a cidade com recursos para a sa\u00fade, recursos para a infraestrutura para melhorar a vida da nossa popula\u00e7\u00e3o de Francin\u00f3polis, conte sempre conosco\u201d, disse o deputado. O prefeito agradeceu ao deputado pela destina\u00e7\u00e3o dos recursos.<\/p>\n<p>\u201cAgradecer o nosso deputado Castro Neto no seu primeiro mandato j\u00e1 destinando esses recursos para o nosso munic\u00edpio. Ent\u00e3o j\u00e1 \u00e9 um hist\u00f3rico porque j\u00e1 tivemos o vosso pai, ent\u00e3o deputado Marcelo Castro agora senador sempre manda recursos. S\u00f3 agradecer e a popula\u00e7\u00e3o de Francin\u00f3polis agradece tamb\u00e9m por voc\u00ea sempre lembrar de nosso munic\u00edpio\u201d, afirmou o prefeito municipal.<\/p>\n<p>Paulo C\u00e9sar continua em Bras\u00edlia participando de reuni\u00f5es administrativas em busca de libera\u00e7\u00e3o de recursos, programas e parcerias para&nbsp;Francin\u00f3polis.<br \/>\n<div class=\"content-iframe\" data-content-width=\"600\"><iframe loading=\"lazy\" title=\"Prefeito Paulo C\u00e9sar se re\u00fane em Bras\u00edlia com o deputado Castro Neto\" width=\"600\" height=\"338\" src=\"https:\/\/www.youtube.com\/embed\/nEfuCPJ_JCQ?feature=oembed\" frameborder=\"0\" allow=\"accelerometer; autoplay; clipboard-write; encrypted-media; gyroscope; picture-in-picture; web-share\" referrerpolicy=\"strict-origin-when-cross-origin\" allowfullscreen><\/iframe><\/div><\/p>\n","protected":false},"excerpt":{"rendered":"<p>O prefeito de Francin\u00f3polis, Paulo C\u00e9sar, se reuniu nesta ter\u00e7a-feira (12), com o Deputado Federal Castro Neto. A reuni\u00e3o aconteceu no gabinete do deputado piauiense, em Bras\u00edlia. Castro Neto, que&#8230;<\/p>\n","protected":false},"author":1,"featured_media":193194,"comment_status":"open","ping_status":"open","sticky":false,"template":"","format":"standard","meta":{"ngg_post_thumbnail":0,"footnotes":""},"categories":[243],"tags":[],"class_list":["post-193198","post","type-post","status-publish","format-standard","has-post-thumbnail","hentry","category-geral"],"views":175,"meta_data":{"thumb":"https:\/\/portalv1.com.br\/app\/wp-content\/uploads\/2024\/03\/castro-neto-paulo-cesar-.jpg","imagem":{"fullsize":{"url":"https:\/\/portalv1.com.br\/app\/wp-content\/uploads\/2024\/03\/castro-neto-paulo-cesar-.jpg","width":1080,"height":844},"medium":{"url":"https:\/\/portalv1.com.br\/app\/wp-content\/uploads\/2024\/03\/castro-neto-paulo-cesar--300x234.jpg","width":300,"height":234},"large":{"url":"https:\/\/portalv1.com.br\/app\/wp-content\/uploads\/2024\/03\/castro-neto-paulo-cesar--640x500.jpg","width":640,"height":500},"thumbnail":{"url":"https:\/\/portalv1.com.br\/app\/wp-content\/uploads\/2024\/03\/castro-neto-paulo-cesar--100x100.jpg","width":100,"height":100},"medium_large":{"url":"https:\/\/portalv1.com.br\/app\/wp-content\/uploads\/2024\/03\/castro-neto-paulo-cesar--768x600.jpg","width":768,"height":600}},"data":{"simple":"13\/03\/2024","date_time":"13\/03\/2024 05:24:47","date":"h\u00e1 2 anos"},"chapeu":"Veja detalhes ","source":"slide"},"_links":{"self":[{"href":"https:\/\/portalv1.com.br\/api\/wp\/v2\/posts\/193198","targetHints":{"allow":["GET"]}}],"collection":[{"href":"https:\/\/portalv1.com.br\/api\/wp\/v2\/posts"}],"about":[{"href":"https:\/\/portalv1.com.br\/api\/wp\/v2\/types\/post"}],"author":[{"embeddable":true,"href":"https:\/\/portalv1.com.br\/api\/wp\/v2\/users\/1"}],"replies":[{"embeddable":true,"href":"https:\/\/portalv1.com.br\/api\/wp\/v2\/comments?post=193198"}],"version-history":[{"count":0,"href":"https:\/\/portalv1.com.br\/api\/wp\/v2\/posts\/193198\/revisions"}],"wp:featuredmedia":[{"embeddable":true,"href":"https:\/\/portalv1.com.br\/api\/wp\/v2\/media\/193194"}],"wp:attachment":[{"href":"https:\/\/portalv1.com.br\/api\/wp\/v2\/media?parent=193198"}],"wp:term":[{"taxonomy":"category","embeddable":true,"href":"https:\/\/portalv1.com.br\/api\/wp\/v2\/categories?post=193198"},{"taxonomy":"post_tag","embeddable":true,"href":"https:\/\/portalv1.com.br\/api\/wp\/v2\/tags?post=193198"}],"curies":[{"name":"wp","href":"https:\/\/api.w.org\/{rel}","templated":true}]}}