{"id":19334,"date":"2014-09-30T20:14:22","date_gmt":"2014-09-30T23:14:22","guid":{"rendered":"https:\/\/portalv1.com.br\/?p=19334"},"modified":"2014-10-02T19:48:33","modified_gmt":"2014-10-02T22:48:33","slug":"senac-piaui-abre-inscricoes-para-seletivo-em-valenca-e-outras-cidades","status":"publish","type":"post","link":"https:\/\/portalv1.com.br\/senac-piaui-abre-inscricoes-para-seletivo-em-valenca-e-outras-cidades\/","title":{"rendered":"SENAC abre seletivo para contrata\u00e7\u00e3o de instrutor para Valen\u00e7a"},"content":{"rendered":"<p><a href=\"https:\/\/portalv1.com.br\/app\/wp-content\/uploads\/2014\/09\/senac2.jpg\"><img loading=\"lazy\" decoding=\"async\" class=\"alignright wp-image-19336 size-medium\" src=\"https:\/\/portalv1.com.br\/app\/wp-content\/uploads\/2014\/09\/senac2-300x206.jpg\" alt=\"senac\" width=\"300\" height=\"206\" srcset=\"https:\/\/portalv1.com.br\/app\/wp-content\/uploads\/2014\/09\/senac2-300x206.jpg 300w, https:\/\/portalv1.com.br\/app\/wp-content\/uploads\/2014\/09\/senac2.jpg 640w\" sizes=\"auto, (max-width: 300px) 100vw, 300px\" \/><\/a>Est\u00e3o abertas as inscri\u00e7\u00f5es para o PROCESSO SELETIVO do Senac Piau\u00ed referente aos editais 06\/2014 e 07\/2014. S\u00e3o mais de 50 vagas que abrangem cargos administrativos e Instrutores de Educa\u00e7\u00e3o Profissional, contemplando diversos munic\u00edpios do estado.<\/p>\n<p>Para a unidade do SENAC Valen\u00e7a, est\u00e3o sendo ofertadas 05 vagas para Instrutor de Educa\u00e7\u00e3o Profissional na modalidade horista por tempo indeterminado, com 03 vagas para contrata\u00e7\u00e3o imediata nas \u00e1reas de Administra\u00e7\u00e3o, Cabeleireiro e Inform\u00e1tica B\u00e1sica e 02 vagas para cadastro de reserva nas \u00e1reas de L\u00edngua Inglesa e Inform\u00e1tica &#8211; Produ\u00e7\u00e3o gr\u00e1fica.<\/p>\n<p>As inscri\u00e7\u00f5es estar\u00e3o dispon\u00edveis de 30\/09 at\u00e9 14\/10\/2014. Acesse o website seletivo. pi.senac.br\/seletivo para conferir os editais e realizar a sua inscri\u00e7\u00e3o.<\/p>\n<p>Para mais informa\u00e7\u00f5es procure o SENAC de Valen\u00e7a ou ligue 34651066.<\/p>\n<p><a href=\"http:\/\/seletivo.pi.senac.br\/seletivo\/\">CLIQUE E VEJA O EDITAL<\/a><\/p>\n","protected":false},"excerpt":{"rendered":"<p>Est\u00e3o abertas as inscri\u00e7\u00f5es para o PROCESSO SELETIVO do Senac Piau\u00ed referente aos editais 06\/2014 e 07\/2014. S\u00e3o mais de 50 vagas que abrangem cargos administrativos e Instrutores de Educa\u00e7\u00e3o&#8230;<\/p>\n","protected":false},"author":1,"featured_media":19336,"comment_status":"open","ping_status":"open","sticky":false,"template":"","format":"standard","meta":{"ngg_post_thumbnail":0,"footnotes":""},"categories":[1055,12],"tags":[],"class_list":["post-19334","post","type-post","status-publish","format-standard","has-post-thumbnail","hentry","category-concurso-e-emprego","category-valenca-news"],"views":677,"meta_data":{"thumb":"https:\/\/portalv1.com.br\/app\/wp-content\/uploads\/2014\/09\/senac2.jpg","imagem":{"fullsize":{"url":"https:\/\/portalv1.com.br\/app\/wp-content\/uploads\/2014\/09\/senac2.jpg","width":640,"height":440},"thumbnail":{"url":"https:\/\/portalv1.com.br\/app\/wp-content\/uploads\/2014\/09\/senac2-100x100.jpg","width":100,"height":100},"medium":{"url":"https:\/\/portalv1.com.br\/app\/wp-content\/uploads\/2014\/09\/senac2-300x206.jpg","width":300,"height":206}},"data":{"simple":"30\/09\/2014","date_time":"30\/09\/2014 17:14:22","date":"h\u00e1 12 anos"},"chapeu":"05 vagas","source":"retirar"},"_links":{"self":[{"href":"https:\/\/portalv1.com.br\/api\/wp\/v2\/posts\/19334","targetHints":{"allow":["GET"]}}],"collection":[{"href":"https:\/\/portalv1.com.br\/api\/wp\/v2\/posts"}],"about":[{"href":"https:\/\/portalv1.com.br\/api\/wp\/v2\/types\/post"}],"author":[{"embeddable":true,"href":"https:\/\/portalv1.com.br\/api\/wp\/v2\/users\/1"}],"replies":[{"embeddable":true,"href":"https:\/\/portalv1.com.br\/api\/wp\/v2\/comments?post=19334"}],"version-history":[{"count":0,"href":"https:\/\/portalv1.com.br\/api\/wp\/v2\/posts\/19334\/revisions"}],"wp:featuredmedia":[{"embeddable":true,"href":"https:\/\/portalv1.com.br\/api\/wp\/v2\/media\/19336"}],"wp:attachment":[{"href":"https:\/\/portalv1.com.br\/api\/wp\/v2\/media?parent=19334"}],"wp:term":[{"taxonomy":"category","embeddable":true,"href":"https:\/\/portalv1.com.br\/api\/wp\/v2\/categories?post=19334"},{"taxonomy":"post_tag","embeddable":true,"href":"https:\/\/portalv1.com.br\/api\/wp\/v2\/tags?post=19334"}],"curies":[{"name":"wp","href":"https:\/\/api.w.org\/{rel}","templated":true}]}}