{"id":19346,"date":"2014-10-02T09:21:41","date_gmt":"2014-10-02T12:21:41","guid":{"rendered":"https:\/\/portalv1.com.br\/?p=19346"},"modified":"2014-10-02T09:21:41","modified_gmt":"2014-10-02T12:21:41","slug":"m-publico-recomenda-anulacao-de-concurso-em-santa-cruz-dos-milagres","status":"publish","type":"post","link":"https:\/\/portalv1.com.br\/m-publico-recomenda-anulacao-de-concurso-em-santa-cruz-dos-milagres\/","title":{"rendered":"M. P\u00fablico recomenda anula\u00e7\u00e3o de concurso em Santa Cruz dos Milagres"},"content":{"rendered":"<figure id=\"attachment_19347\" aria-describedby=\"caption-attachment-19347\" style=\"width: 300px\" class=\"wp-caption alignright\"><a href=\"https:\/\/portalv1.com.br\/app\/wp-content\/uploads\/2014\/10\/neto-minervino.jpg\"><img loading=\"lazy\" decoding=\"async\" class=\"size-medium wp-image-19347\" src=\"https:\/\/portalv1.com.br\/app\/wp-content\/uploads\/2014\/10\/neto-minervino-300x199.jpg\" alt=\"Prefeito de Santa Cruz dos Milagres, Jo\u00e3o Paulo de Assis Neto (Neto Minervino)\" width=\"300\" height=\"199\" srcset=\"https:\/\/portalv1.com.br\/app\/wp-content\/uploads\/2014\/10\/neto-minervino-300x199.jpg 300w, https:\/\/portalv1.com.br\/app\/wp-content\/uploads\/2014\/10\/neto-minervino.jpg 600w\" sizes=\"auto, (max-width: 300px) 100vw, 300px\" \/><\/a><figcaption id=\"caption-attachment-19347\" class=\"wp-caption-text\">Prefeito de Santa Cruz dos Milagres, Jo\u00e3o Paulo de Assis Neto (Neto Minervino)<\/figcaption><\/figure>\n<p>O Minist\u00e9rio P\u00fablico do Piau\u00ed, atrav\u00e9s do promotor de justi\u00e7a, Ant\u00f4nio de Moura J\u00fanior, da promotoria de justi\u00e7a de S\u00e3o F\u00e9lix,\u00a0recomendou\u00a0ao prefeito de Santa Cruz dos Milagres, Jo\u00e3o Paulo de Assis Neto (Neto Minervino), que anule imediatamente o processo seletivo simplificado para contrata\u00e7\u00e3o de servidores. De acordo com o Minist\u00e9rio P\u00fablico, n\u00e3o houve ampla publicidade do edital do concurso, e as inscri\u00e7\u00f5es foram abertas no dia da sua publica\u00e7\u00e3o.<\/p>\n<p>O processo seletivo era voltado para o preenchimento de vagas de Coordenador T\u00e9cnico Administrativo, Coordenador de N\u00facleo e Agentes Sociais de Esporte e Lazer.<\/p>\n<p>Na recomenda\u00e7\u00e3o n\u00ba 001\/2014, o promotor destacou que o edital foi publicado no Di\u00e1rio Oficial dos Munic\u00edpios em 22 de outubro de 2013, com inscri\u00e7\u00f5es abertas para os dias 22 e 23 de outubro de 2013, o que caracteriza prazo ex\u00edguo para efetiva\u00e7\u00e3o das inscri\u00e7\u00f5es, ferindo os princ\u00edpios da publicidade, da efici\u00eancia, da isonomia e da ampla acessibilidade aos cargos p\u00fablicos.<\/p>\n<p>O promotor disse ainda que os crit\u00e9rios de avalia\u00e7\u00e3o previstos no edital N\u00ba 001\/2013\u00a0foram\u00a0t\u00e3o somente an\u00e1lise curricular e entrevista, o que abre margem para subjetivismos do avaliador, havendo a necessidade de se fazer prova escrita \u2013 ainda que simplificada, reservando-se o exame de t\u00edtulo a etapa subsequente (e facultativa) do concurso, nos termos do que disp\u00f5e o art. 4\u00ba do Decreto n. 4.748\/2003, que regulamenta o processo seletivo simplificado no \u00e2mbito federal, tomado por analogia.<\/p>\n<p>A promotoria tomou conhecimento que foi convocado para assumir o cargo de\u00a0Agente\u00a0Social de Esporte e Lazer previsto no edital, uma pessoa que sequer constou na rela\u00e7\u00e3o dos candidatos aprovados para o cargo.<\/p>\n<p>De acordo com a recomenda\u00e7\u00e3o, \u201ca contrata\u00e7\u00e3o irregular de servidores constitui ato de improbidade administrativa a p\u00fablicos, nos termos dos arts. 10, caput, e 11 da Lei n. 8.429\/92 e a \u201cAdministra\u00e7\u00e3o pode anular seus pr\u00f3prios atos, quando eivados de v\u00edcios que os tornam ilegais, porque deles n\u00e3o se originam direitos; ou revog\u00e1-los, por motivo de conveni\u00eancia ou oportunidade, respeitados os direitos adquiridos, e ressalvada, em todos os casos, a aprecia\u00e7\u00e3o judicial\u201d (STF, S\u00famula 473).<\/p>\n<p>Segundo o promotor, no prazo de 15 (quinze) dias do recebimento da Recomenda\u00e7\u00e3o, o prefeito dever\u00e1 informar \u00e0 Promotoria de Justi\u00e7a o seu cumprimento, ou n\u00e3o, bem como as provid\u00eancias adotadas, anexadaa da documenta\u00e7\u00e3o comprobat\u00f3ria. A portaria foi assinada nesta segunda-feira (29).<\/p>\n","protected":false},"excerpt":{"rendered":"<p>O Minist\u00e9rio P\u00fablico do Piau\u00ed, atrav\u00e9s do promotor de justi\u00e7a, Ant\u00f4nio de Moura J\u00fanior, da promotoria de justi\u00e7a de S\u00e3o F\u00e9lix,\u00a0recomendou\u00a0ao prefeito de Santa Cruz dos Milagres, Jo\u00e3o Paulo de&#8230;<\/p>\n","protected":false},"author":1,"featured_media":0,"comment_status":"open","ping_status":"open","sticky":false,"template":"","format":"standard","meta":{"ngg_post_thumbnail":0,"footnotes":""},"categories":[12],"tags":[],"class_list":["post-19346","post","type-post","status-publish","format-standard","hentry","category-valenca-news"],"views":811,"meta_data":{"thumb":"https:\/\/portalv1.com.br\/app\/wp-content\/uploads\/2014\/10\/neto-minervino.jpg","data":{"simple":"02\/10\/2014","date_time":"02\/10\/2014 06:21:41","date":"h\u00e1 12 anos"},"chapeu":"Minist\u00e9rio Publico  ","source":"m_destacada"},"_links":{"self":[{"href":"https:\/\/portalv1.com.br\/api\/wp\/v2\/posts\/19346","targetHints":{"allow":["GET"]}}],"collection":[{"href":"https:\/\/portalv1.com.br\/api\/wp\/v2\/posts"}],"about":[{"href":"https:\/\/portalv1.com.br\/api\/wp\/v2\/types\/post"}],"author":[{"embeddable":true,"href":"https:\/\/portalv1.com.br\/api\/wp\/v2\/users\/1"}],"replies":[{"embeddable":true,"href":"https:\/\/portalv1.com.br\/api\/wp\/v2\/comments?post=19346"}],"version-history":[{"count":0,"href":"https:\/\/portalv1.com.br\/api\/wp\/v2\/posts\/19346\/revisions"}],"wp:attachment":[{"href":"https:\/\/portalv1.com.br\/api\/wp\/v2\/media?parent=19346"}],"wp:term":[{"taxonomy":"category","embeddable":true,"href":"https:\/\/portalv1.com.br\/api\/wp\/v2\/categories?post=19346"},{"taxonomy":"post_tag","embeddable":true,"href":"https:\/\/portalv1.com.br\/api\/wp\/v2\/tags?post=19346"}],"curies":[{"name":"wp","href":"https:\/\/api.w.org\/{rel}","templated":true}]}}