{"id":194441,"date":"2024-03-18T10:56:16","date_gmt":"2024-03-18T13:56:16","guid":{"rendered":"https:\/\/portalv1.com.br\/?p=194441"},"modified":"2024-03-18T10:56:16","modified_gmt":"2024-03-18T13:56:16","slug":"homem-que-entrou-em-confronto-com-a-pm-em-aroazes-morre-no-hospital-de-picos","status":"publish","type":"post","link":"https:\/\/portalv1.com.br\/homem-que-entrou-em-confronto-com-a-pm-em-aroazes-morre-no-hospital-de-picos\/","title":{"rendered":"Homem que entrou em confronto com a PM em Aroazes morre no hospital de Picos"},"content":{"rendered":"<p>Morreu neste domingo (17), no Hospital Regional Justino Luz, em Picos, um homem identificado por J.B. de A.S., 30 anos. O paciente estava internado ap\u00f3s entrar em confronto com a pol\u00edcia na \u00faltima quarta-feira (13) e ser baleado no munic\u00edpio de Aroazes.<\/p>\n<p>Segundo informa\u00e7\u00f5es do sub-comandante do 23\u00b0 Batalh\u00e3o de Pol\u00edcia Militar de Valen\u00e7a, Major Santos, o homem foi alvejado durante o atendimento \u00e0 uma ocorr\u00eancia em que o mesmo estava bastante agressivo, em &#8220;estado de surto&#8221; e amea\u00e7ava familiares.<\/p>\n<p>&#8220;A Pol\u00edcia foi acionada por volta de 23h20, ap\u00f3s J.B. de A.S., estar bastante agressivo dentro de casa, supostamente sob efeito de \u00e1lcool. Segundo familiares, ele vinha apresentando comportamentos tipo &#8220;surto&#8221;. A guarni\u00e7\u00e3o ao chegar, parou a viatura pr\u00f3ximo a resid\u00eancia e um familiar foi relatar o que estava acontecendo. Foi quando o homem saiu com um fac\u00e3o, tipo trincha, e partiu para cima do familiar. Nisso, o policial desceu a viatura e o verbalizou, a\u00ed o homem partiu para cima do policial que n\u00e3o respeitando a ordem verbal do policial foi necess\u00e1rio efetuar o disparo&#8221;, disse Major Santos.<\/p>\n<p>&nbsp;J.B. de A.S. partiu com agressividade para o policial e com o objetivo de cont\u00ea-lo, o PM efetuou um disparo que atingiu a regi\u00e3o abdominal. Foram ainda efetuados mais dois disparos na altura da perna.<\/p>\n<p>Diante do ocorrido, o policial acionou o servi\u00e7o de sa\u00fade de Aroazes que prestou socorro, encaminhando J.B.de A.S. para o munic\u00edpio de Valen\u00e7a. Devido a gravidade do estado de sa\u00fade, o mesmo foi regulado para o hospital de Picos.<\/p>\n<p>J.B.de A.S. passou por procedimento cir\u00fargico e estava internado no Hospital de Picos vindo a \u00f3bito neste domingo (18).<\/p>\n<p>Major Santos ainda informou que todos os procedimentos cab\u00edveis foram tomados e o caso foi encaminhado a Corregedoria da Pol\u00edcia Militar.<\/p>\n<p><a href=\"https:\/\/portalv1.com.br\/app\/wp-content\/uploads\/2024\/03\/policia.jpg\"><img loading=\"lazy\" decoding=\"async\" class=\"aligncenter size-large wp-image-194442\" src=\"https:\/\/portalv1.com.br\/app\/wp-content\/uploads\/2024\/03\/policia-640x480.jpg\" alt=\"\" width=\"600\" height=\"450\" srcset=\"https:\/\/portalv1.com.br\/app\/wp-content\/uploads\/2024\/03\/policia-640x480.jpg 640w, https:\/\/portalv1.com.br\/app\/wp-content\/uploads\/2024\/03\/policia-300x225.jpg 300w, https:\/\/portalv1.com.br\/app\/wp-content\/uploads\/2024\/03\/policia-768x576.jpg 768w, https:\/\/portalv1.com.br\/app\/wp-content\/uploads\/2024\/03\/policia.jpg 790w\" sizes=\"auto, (max-width: 600px) 100vw, 600px\" \/><\/a><\/p>\n<p>Fonte: cidadeverde.com<\/p>\n","protected":false},"excerpt":{"rendered":"<p>Morreu neste domingo (17), no Hospital Regional Justino Luz, em Picos, um homem identificado por J.B. de A.S., 30 anos. O paciente estava internado ap\u00f3s entrar em confronto com a&#8230;<\/p>\n","protected":false},"author":1,"featured_media":194442,"comment_status":"open","ping_status":"open","sticky":false,"template":"","format":"standard","meta":{"ngg_post_thumbnail":0,"footnotes":""},"categories":[243],"tags":[],"class_list":["post-194441","post","type-post","status-publish","format-standard","has-post-thumbnail","hentry","category-geral"],"views":635,"meta_data":{"thumb":"https:\/\/portalv1.com.br\/app\/wp-content\/uploads\/2024\/03\/policia.jpg","imagem":{"fullsize":{"url":"https:\/\/portalv1.com.br\/app\/wp-content\/uploads\/2024\/03\/policia.jpg","width":790,"height":592},"medium":{"url":"https:\/\/portalv1.com.br\/app\/wp-content\/uploads\/2024\/03\/policia-300x225.jpg","width":300,"height":225},"large":{"url":"https:\/\/portalv1.com.br\/app\/wp-content\/uploads\/2024\/03\/policia-640x480.jpg","width":640,"height":480},"thumbnail":{"url":"https:\/\/portalv1.com.br\/app\/wp-content\/uploads\/2024\/03\/policia-100x100.jpg","width":100,"height":100},"medium_large":{"url":"https:\/\/portalv1.com.br\/app\/wp-content\/uploads\/2024\/03\/policia-768x576.jpg","width":768,"height":576}},"data":{"simple":"18\/03\/2024","date_time":"18\/03\/2024 07:56:16","date":"h\u00e1 2 anos"},"chapeu":"Veja detalhes ","source":"slide"},"_links":{"self":[{"href":"https:\/\/portalv1.com.br\/api\/wp\/v2\/posts\/194441","targetHints":{"allow":["GET"]}}],"collection":[{"href":"https:\/\/portalv1.com.br\/api\/wp\/v2\/posts"}],"about":[{"href":"https:\/\/portalv1.com.br\/api\/wp\/v2\/types\/post"}],"author":[{"embeddable":true,"href":"https:\/\/portalv1.com.br\/api\/wp\/v2\/users\/1"}],"replies":[{"embeddable":true,"href":"https:\/\/portalv1.com.br\/api\/wp\/v2\/comments?post=194441"}],"version-history":[{"count":0,"href":"https:\/\/portalv1.com.br\/api\/wp\/v2\/posts\/194441\/revisions"}],"wp:featuredmedia":[{"embeddable":true,"href":"https:\/\/portalv1.com.br\/api\/wp\/v2\/media\/194442"}],"wp:attachment":[{"href":"https:\/\/portalv1.com.br\/api\/wp\/v2\/media?parent=194441"}],"wp:term":[{"taxonomy":"category","embeddable":true,"href":"https:\/\/portalv1.com.br\/api\/wp\/v2\/categories?post=194441"},{"taxonomy":"post_tag","embeddable":true,"href":"https:\/\/portalv1.com.br\/api\/wp\/v2\/tags?post=194441"}],"curies":[{"name":"wp","href":"https:\/\/api.w.org\/{rel}","templated":true}]}}