{"id":194506,"date":"2024-03-18T16:12:29","date_gmt":"2024-03-18T19:12:29","guid":{"rendered":"https:\/\/portalv1.com.br\/?p=194506"},"modified":"2024-03-18T16:12:29","modified_gmt":"2024-03-18T19:12:29","slug":"campanha-de-vacinacao-contra-a-gripe-comeca-dia-25-em-valenca-do-piaui","status":"publish","type":"post","link":"https:\/\/portalv1.com.br\/campanha-de-vacinacao-contra-a-gripe-comeca-dia-25-em-valenca-do-piaui\/","title":{"rendered":"Campanha de vacina\u00e7\u00e3o contra a gripe come\u00e7a dia 25 em Valen\u00e7a do Piaui"},"content":{"rendered":"<p>A campanha de vacina\u00e7\u00e3o contra a gripe ser\u00e1 realizada em Valen\u00e7a do Piaui a partir do pr\u00f3ximo dia 25 de mar\u00e7o. A informa\u00e7\u00e3o \u00e9 da Secretaria Municipal de Sa\u00fade.<\/p>\n<p>O Minist\u00e9rio da Sa\u00fade mudou de estrat\u00e9gia esse ano e a vacina\u00e7\u00e3o contra a gripe que tradicionalmente era realizada em todo o pa\u00eds entre os meses de abril e maio, foi antecipada em raz\u00e3o do aumento da circula\u00e7\u00e3o de v\u00edrus respirat\u00f3rios no Brasil. As vacinas est\u00e3o dispon\u00edveis em todos os postos de sa\u00fade para os grupos priorit\u00e1rios.<\/p>\n<p><a href=\"https:\/\/portalv1.com.br\/app\/wp-content\/uploads\/2024\/03\/Imagem-do-WhatsApp-de-2024-03-18-as-09.28.24_f78e3956.jpg\"><img loading=\"lazy\" decoding=\"async\" class=\"aligncenter size-large wp-image-194508\" src=\"https:\/\/portalv1.com.br\/app\/wp-content\/uploads\/2024\/03\/Imagem-do-WhatsApp-de-2024-03-18-as-09.28.24_f78e3956-640x640.jpg\" alt=\"\" width=\"600\" height=\"600\" srcset=\"https:\/\/portalv1.com.br\/app\/wp-content\/uploads\/2024\/03\/Imagem-do-WhatsApp-de-2024-03-18-as-09.28.24_f78e3956-640x640.jpg 640w, https:\/\/portalv1.com.br\/app\/wp-content\/uploads\/2024\/03\/Imagem-do-WhatsApp-de-2024-03-18-as-09.28.24_f78e3956-300x300.jpg 300w, https:\/\/portalv1.com.br\/app\/wp-content\/uploads\/2024\/03\/Imagem-do-WhatsApp-de-2024-03-18-as-09.28.24_f78e3956-100x100.jpg 100w, https:\/\/portalv1.com.br\/app\/wp-content\/uploads\/2024\/03\/Imagem-do-WhatsApp-de-2024-03-18-as-09.28.24_f78e3956-768x768.jpg 768w, https:\/\/portalv1.com.br\/app\/wp-content\/uploads\/2024\/03\/Imagem-do-WhatsApp-de-2024-03-18-as-09.28.24_f78e3956.jpg 1200w\" sizes=\"auto, (max-width: 600px) 100vw, 600px\" \/><\/a><\/p>\n","protected":false},"excerpt":{"rendered":"<p>A campanha de vacina\u00e7\u00e3o contra a gripe ser\u00e1 realizada em Valen\u00e7a do Piaui a partir do pr\u00f3ximo dia 25 de mar\u00e7o. A informa\u00e7\u00e3o \u00e9 da Secretaria Municipal de Sa\u00fade. O&#8230;<\/p>\n","protected":false},"author":1,"featured_media":194507,"comment_status":"open","ping_status":"open","sticky":false,"template":"","format":"standard","meta":{"ngg_post_thumbnail":0,"footnotes":""},"categories":[243],"tags":[],"class_list":["post-194506","post","type-post","status-publish","format-standard","has-post-thumbnail","hentry","category-geral"],"views":187,"meta_data":{"thumb":"https:\/\/portalv1.com.br\/app\/wp-content\/uploads\/2024\/03\/Imagem-do-WhatsApp-de-2024-03-18-as-09.28.24_ae5fa085.jpg","imagem":{"fullsize":{"url":"https:\/\/portalv1.com.br\/app\/wp-content\/uploads\/2024\/03\/Imagem-do-WhatsApp-de-2024-03-18-as-09.28.24_ae5fa085.jpg","width":1200,"height":1200},"medium":{"url":"https:\/\/portalv1.com.br\/app\/wp-content\/uploads\/2024\/03\/Imagem-do-WhatsApp-de-2024-03-18-as-09.28.24_ae5fa085-300x300.jpg","width":300,"height":300},"large":{"url":"https:\/\/portalv1.com.br\/app\/wp-content\/uploads\/2024\/03\/Imagem-do-WhatsApp-de-2024-03-18-as-09.28.24_ae5fa085-640x640.jpg","width":640,"height":640},"thumbnail":{"url":"https:\/\/portalv1.com.br\/app\/wp-content\/uploads\/2024\/03\/Imagem-do-WhatsApp-de-2024-03-18-as-09.28.24_ae5fa085-100x100.jpg","width":100,"height":100},"medium_large":{"url":"https:\/\/portalv1.com.br\/app\/wp-content\/uploads\/2024\/03\/Imagem-do-WhatsApp-de-2024-03-18-as-09.28.24_ae5fa085-768x768.jpg","width":768,"height":768}},"data":{"simple":"18\/03\/2024","date_time":"18\/03\/2024 13:12:29","date":"h\u00e1 2 anos"},"chapeu":"Veja grupos priorit\u00e1rios ","source":"slide"},"_links":{"self":[{"href":"https:\/\/portalv1.com.br\/api\/wp\/v2\/posts\/194506","targetHints":{"allow":["GET"]}}],"collection":[{"href":"https:\/\/portalv1.com.br\/api\/wp\/v2\/posts"}],"about":[{"href":"https:\/\/portalv1.com.br\/api\/wp\/v2\/types\/post"}],"author":[{"embeddable":true,"href":"https:\/\/portalv1.com.br\/api\/wp\/v2\/users\/1"}],"replies":[{"embeddable":true,"href":"https:\/\/portalv1.com.br\/api\/wp\/v2\/comments?post=194506"}],"version-history":[{"count":0,"href":"https:\/\/portalv1.com.br\/api\/wp\/v2\/posts\/194506\/revisions"}],"wp:featuredmedia":[{"embeddable":true,"href":"https:\/\/portalv1.com.br\/api\/wp\/v2\/media\/194507"}],"wp:attachment":[{"href":"https:\/\/portalv1.com.br\/api\/wp\/v2\/media?parent=194506"}],"wp:term":[{"taxonomy":"category","embeddable":true,"href":"https:\/\/portalv1.com.br\/api\/wp\/v2\/categories?post=194506"},{"taxonomy":"post_tag","embeddable":true,"href":"https:\/\/portalv1.com.br\/api\/wp\/v2\/tags?post=194506"}],"curies":[{"name":"wp","href":"https:\/\/api.w.org\/{rel}","templated":true}]}}