{"id":19472,"date":"2014-10-19T21:20:34","date_gmt":"2014-10-20T00:20:34","guid":{"rendered":"https:\/\/portalv1.com.br\/?p=19472"},"modified":"2014-10-21T15:53:32","modified_gmt":"2014-10-21T18:53:32","slug":"definida-a-data-do-i-encontro-de-motociclistas-em-valenca","status":"publish","type":"post","link":"https:\/\/portalv1.com.br\/definida-a-data-do-i-encontro-de-motociclistas-em-valenca\/","title":{"rendered":"Definida a data do I Encontro de Motociclistas em Valen\u00e7a"},"content":{"rendered":"<figure id=\"attachment_19426\" aria-describedby=\"caption-attachment-19426\" style=\"width: 300px\" class=\"wp-caption alignright\"><a href=\"https:\/\/portalv1.com.br\/app\/wp-content\/uploads\/2014\/10\/joao-mauricio.jpg\"><img loading=\"lazy\" decoding=\"async\" class=\"size-medium wp-image-19426\" src=\"https:\/\/portalv1.com.br\/app\/wp-content\/uploads\/2014\/10\/joao-mauricio-300x225.jpg\" alt=\"Marcos Rouf e Jo\u00e3o Mauricio \" width=\"300\" height=\"225\" srcset=\"https:\/\/portalv1.com.br\/app\/wp-content\/uploads\/2014\/10\/joao-mauricio-300x225.jpg 300w, https:\/\/portalv1.com.br\/app\/wp-content\/uploads\/2014\/10\/joao-mauricio.jpg 640w\" sizes=\"auto, (max-width: 300px) 100vw, 300px\" \/><\/a><figcaption id=\"caption-attachment-19426\" class=\"wp-caption-text\">Marcos Rouf e Jo\u00e3o Mauricio<\/figcaption><\/figure>\n<p>Est\u00e1 confirmado para os dias 16 e 17 de janeiro o I Encontro de Motociclista do Territ\u00f3rio do Vale do Sambito. O evento ser\u00e1 realizado pela Associa\u00e7\u00e3o dos Motociclistas do Piau\u00ed em parceria com as empresas locais como afirma o idealizador do projeto Jo\u00e3o Mauricio gerente do Posto Basil\u00e3o.<\/p>\n<p>\u201cJ\u00e1 conversamos com varias empresas e a recep\u00e7\u00e3o \u00e9 das melhores\u201d afirmou Jo\u00e3o Mauricio. O presidente da Associa\u00e7\u00e3o dos Motociclistas Marcos Rolf disse que a expectativa \u00e9 de reunir cerca de mil motociclistas de todo o nordeste.<\/p>\n<p>O encontro consiste no desfile e apresenta\u00e7\u00f5es de motos de muitas cilindradas. O Posto Basil\u00e3o ser\u00e1 uma das sedes do evento.<\/p>\n","protected":false},"excerpt":{"rendered":"<p>Est\u00e1 confirmado para os dias 16 e 17 de janeiro o I Encontro de Motociclista do Territ\u00f3rio do Vale do Sambito. O evento ser\u00e1 realizado pela Associa\u00e7\u00e3o dos Motociclistas do&#8230;<\/p>\n","protected":false},"author":1,"featured_media":0,"comment_status":"open","ping_status":"open","sticky":false,"template":"","format":"standard","meta":{"ngg_post_thumbnail":0,"footnotes":""},"categories":[12],"tags":[],"class_list":["post-19472","post","type-post","status-publish","format-standard","hentry","category-valenca-news"],"views":514,"meta_data":{"thumb":"https:\/\/portalv1.com.br\/app\/wp-content\/uploads\/2014\/10\/joao-mauricio.jpg","data":{"simple":"19\/10\/2014","date_time":"19\/10\/2014 18:20:34","date":"h\u00e1 12 anos"},"chapeu":"Adrenalina ","source":"foto_menor"},"_links":{"self":[{"href":"https:\/\/portalv1.com.br\/api\/wp\/v2\/posts\/19472","targetHints":{"allow":["GET"]}}],"collection":[{"href":"https:\/\/portalv1.com.br\/api\/wp\/v2\/posts"}],"about":[{"href":"https:\/\/portalv1.com.br\/api\/wp\/v2\/types\/post"}],"author":[{"embeddable":true,"href":"https:\/\/portalv1.com.br\/api\/wp\/v2\/users\/1"}],"replies":[{"embeddable":true,"href":"https:\/\/portalv1.com.br\/api\/wp\/v2\/comments?post=19472"}],"version-history":[{"count":0,"href":"https:\/\/portalv1.com.br\/api\/wp\/v2\/posts\/19472\/revisions"}],"wp:attachment":[{"href":"https:\/\/portalv1.com.br\/api\/wp\/v2\/media?parent=19472"}],"wp:term":[{"taxonomy":"category","embeddable":true,"href":"https:\/\/portalv1.com.br\/api\/wp\/v2\/categories?post=19472"},{"taxonomy":"post_tag","embeddable":true,"href":"https:\/\/portalv1.com.br\/api\/wp\/v2\/tags?post=19472"}],"curies":[{"name":"wp","href":"https:\/\/api.w.org\/{rel}","templated":true}]}}