{"id":19473,"date":"2014-10-19T22:27:43","date_gmt":"2014-10-20T01:27:43","guid":{"rendered":"https:\/\/portalv1.com.br\/?p=19473"},"modified":"2014-10-20T17:09:56","modified_gmt":"2014-10-20T20:09:56","slug":"prefeitura-de-pimenteiras-constroi-escola-na-localidade-malhadinha","status":"publish","type":"post","link":"https:\/\/portalv1.com.br\/prefeitura-de-pimenteiras-constroi-escola-na-localidade-malhadinha\/","title":{"rendered":"Prefeitura de Pimenteiras constr\u00f3i escola na localidade Malhadinha"},"content":{"rendered":"<p><a href=\"https:\/\/portalv1.com.br\/app\/wp-content\/uploads\/2014\/10\/pimeneteiras.jpg\"><img loading=\"lazy\" decoding=\"async\" class=\"alignright size-medium wp-image-19474\" src=\"https:\/\/portalv1.com.br\/app\/wp-content\/uploads\/2014\/10\/pimeneteiras-300x168.jpg\" alt=\"pimeneteiras\" width=\"300\" height=\"168\" srcset=\"https:\/\/portalv1.com.br\/app\/wp-content\/uploads\/2014\/10\/pimeneteiras-300x168.jpg 300w, https:\/\/portalv1.com.br\/app\/wp-content\/uploads\/2014\/10\/pimeneteiras.jpg 600w\" sizes=\"auto, (max-width: 300px) 100vw, 300px\" \/><\/a>A Prefeitura Municipal de Pimenteiras est\u00e1 construindo na localidade Malhadinha mais uma escola no munic\u00edpio. A unidade escolar com duas salas de aula \u00e9 fruto de uma parceria entre a prefeitura municipal e o governo federal atrav\u00e9s do Fundo de Manuten\u00e7\u00e3o e Desenvolvimento da Educa\u00e7\u00e3o B\u00e1sica e de Valoriza\u00e7\u00e3o dos Profissionais da Educa\u00e7\u00e3o (Fundeb) est\u00e1 or\u00e7ada em quase R$ 235 mil reais.<\/p>\n<p>As obras j\u00e1 est\u00e3o bem adiantadas e dentro de poucos dias estar\u00e1 servindo a comunidade estudantil da localidade que agradece mais essa obra da gest\u00e3o municipal.<\/p>\n","protected":false},"excerpt":{"rendered":"<p>A Prefeitura Municipal de Pimenteiras est\u00e1 construindo na localidade Malhadinha mais uma escola no munic\u00edpio. A unidade escolar com duas salas de aula \u00e9 fruto de uma parceria entre a&#8230;<\/p>\n","protected":false},"author":1,"featured_media":0,"comment_status":"open","ping_status":"open","sticky":false,"template":"","format":"standard","meta":{"ngg_post_thumbnail":0,"footnotes":""},"categories":[12],"tags":[],"class_list":["post-19473","post","type-post","status-publish","format-standard","hentry","category-valenca-news"],"views":240,"meta_data":{"thumb":"https:\/\/portalv1.com.br\/app\/wp-content\/uploads\/2014\/10\/pimeneteiras.jpg","data":{"simple":"19\/10\/2014","date_time":"19\/10\/2014 19:27:43","date":"h\u00e1 12 anos"},"chapeu":"","source":"retirar"},"_links":{"self":[{"href":"https:\/\/portalv1.com.br\/api\/wp\/v2\/posts\/19473","targetHints":{"allow":["GET"]}}],"collection":[{"href":"https:\/\/portalv1.com.br\/api\/wp\/v2\/posts"}],"about":[{"href":"https:\/\/portalv1.com.br\/api\/wp\/v2\/types\/post"}],"author":[{"embeddable":true,"href":"https:\/\/portalv1.com.br\/api\/wp\/v2\/users\/1"}],"replies":[{"embeddable":true,"href":"https:\/\/portalv1.com.br\/api\/wp\/v2\/comments?post=19473"}],"version-history":[{"count":0,"href":"https:\/\/portalv1.com.br\/api\/wp\/v2\/posts\/19473\/revisions"}],"wp:attachment":[{"href":"https:\/\/portalv1.com.br\/api\/wp\/v2\/media?parent=19473"}],"wp:term":[{"taxonomy":"category","embeddable":true,"href":"https:\/\/portalv1.com.br\/api\/wp\/v2\/categories?post=19473"},{"taxonomy":"post_tag","embeddable":true,"href":"https:\/\/portalv1.com.br\/api\/wp\/v2\/tags?post=19473"}],"curies":[{"name":"wp","href":"https:\/\/api.w.org\/{rel}","templated":true}]}}