{"id":194741,"date":"2024-03-21T13:33:53","date_gmt":"2024-03-21T16:33:53","guid":{"rendered":"https:\/\/portalv1.com.br\/?p=194741"},"modified":"2024-03-21T13:33:53","modified_gmt":"2024-03-21T16:33:53","slug":"prefeitura-de-valenca-realiza-audiencia-para-apresentacao-de-contas-do-2o-semestre-de-2023","status":"publish","type":"post","link":"https:\/\/portalv1.com.br\/prefeitura-de-valenca-realiza-audiencia-para-apresentacao-de-contas-do-2o-semestre-de-2023\/","title":{"rendered":"Prefeitura de Valen\u00e7a realiza audi\u00eancia para apresenta\u00e7\u00e3o de contas do 2\u00ba semestre de 2023"},"content":{"rendered":"<p>A Prefeitura de Valen\u00e7a do Piau\u00ed realizou nesta quinta-feira (21), no plen\u00e1rio da C\u00e2mara de Vereadores, Audi\u00eancia P\u00fablica para apresenta\u00e7\u00e3o do Relat\u00f3rio de Gest\u00e3o Fiscal do 2\u00ba Semestre da Prefeitura, relativo ao exerc\u00edcio financeiro de 2023.<\/p>\n<p>A apresenta\u00e7\u00e3o, que contou com a participa\u00e7\u00e3o de quatro secret\u00e1rios municipais, servidores e do presidente da C\u00e2mara Benoni, foi conduzido pelos contadores Arkelau Melo e Dianni Carvalho, que discorreram sobre a contabilidade da gest\u00e3o municipal.<\/p>\n<p>\u201cDemonstramos que estamos evoluindo em muitas \u00e1reas no munic\u00edpio, claro que tem algumas que a olho voc\u00ea verifica que n\u00e3o aplicou em termos de percentuais, mas que em termo de aplicabilidade est\u00e1 funcionando, que t\u00e1 evoluindo ent\u00e3o vemos que foi muito positivo\u201d, disse Dianni Carvalho, que acrescentou que o munic\u00edpio hoje disp\u00f5e de recursos superiores a R$ 8 milh\u00f5es em caixa.<\/p>\n<p>\u201cIsso \u00e9 gerenciamento pra um munic\u00edpio que quando a gente chegou praticamente n\u00e3o tinha recursos e que tivemos um problema, que foi auditado sobre o desvio de recursos do FUNDEB de 2020, que tem uma a\u00e7\u00e3o na Justi\u00e7a Federal, que em breve estar\u00e1 nos dando retorno desse desvio\u201d, disse a contadora, que finalizou dizendo.<\/p>\n<p>\u201cPra 2024 j\u00e1 temos a positividade com rela\u00e7\u00e3o aos tribunais do precat\u00f3rio do FUNDF, que vai ser uma inje\u00e7\u00e3o muito boa pras pessoas que v\u00e3o receber e outros recursos que vir\u00e3o. Vamos fechar o ano, mais uma vez com uma Valen\u00e7a equilibrada com toda a popula\u00e7\u00e3o verificando que realmente as a\u00e7\u00f5es p\u00fablicas est\u00e3o sendo efetivamente aplicadas\u201d, pontuou Dianni.<\/p>\n<div class=\"ngg-galleryoverview\" id=\"1\">\n                    <div data-widget=\"Galeria\" data-props=\"{&quot;galeria&quot;:{&quot;max_page&quot;:1,&quot;total&quot;:7,&quot;gallery_id&quot;:1,&quot;images&quot;:[{&quot;thumbcode&quot;:&quot;https:\\\/\\\/portalv1.com.br\\\/app\\\/wp-content\\\/uploads\\\/2024\\\/03\\\/IMG_4288-Copy-400x250.jpg&quot;,&quot;imageURL&quot;:&quot;https:\\\/\\\/portalv1.com.br\\\/app\\\/wp-content\\\/uploads\\\/2024\\\/03\\\/IMG_4288-Copy.jpg&quot;,&quot;pid&quot;:194742,&quot;galleryid&quot;:1,&quot;description&quot;:&quot;&quot;,&quot;alttext&quot;:&quot;Prefeitura de Valen\\u00e7a realiza audi\\u00eancia para apresenta\\u00e7\\u00e3o de contas do 2\\u00ba semestre de 2023&quot;,&quot;thumbnailURL&quot;:&quot;https:\\\/\\\/portalv1.com.br\\\/app\\\/wp-content\\\/uploads\\\/2024\\\/03\\\/IMG_4288-Copy-400x250.jpg&quot;,&quot;style&quot;:&quot;&quot;},{&quot;thumbcode&quot;:&quot;https:\\\/\\\/portalv1.com.br\\\/app\\\/wp-content\\\/uploads\\\/2024\\\/03\\\/IMG_4293-Copy-400x250.jpg&quot;,&quot;imageURL&quot;:&quot;https:\\\/\\\/portalv1.com.br\\\/app\\\/wp-content\\\/uploads\\\/2024\\\/03\\\/IMG_4293-Copy.jpg&quot;,&quot;pid&quot;:194743,&quot;galleryid&quot;:1,&quot;description&quot;:&quot;&quot;,&quot;alttext&quot;:&quot;Prefeitura de Valen\\u00e7a realiza audi\\u00eancia para apresenta\\u00e7\\u00e3o de contas do 2\\u00ba semestre de 2023&quot;,&quot;thumbnailURL&quot;:&quot;https:\\\/\\\/portalv1.com.br\\\/app\\\/wp-content\\\/uploads\\\/2024\\\/03\\\/IMG_4293-Copy-400x250.jpg&quot;,&quot;style&quot;:&quot;&quot;},{&quot;thumbcode&quot;:&quot;https:\\\/\\\/portalv1.com.br\\\/app\\\/wp-content\\\/uploads\\\/2024\\\/03\\\/IMG_4298-Copy-400x250.jpg&quot;,&quot;imageURL&quot;:&quot;https:\\\/\\\/portalv1.com.br\\\/app\\\/wp-content\\\/uploads\\\/2024\\\/03\\\/IMG_4298-Copy.jpg&quot;,&quot;pid&quot;:194744,&quot;galleryid&quot;:1,&quot;description&quot;:&quot;&quot;,&quot;alttext&quot;:&quot;Prefeitura de Valen\\u00e7a realiza audi\\u00eancia para apresenta\\u00e7\\u00e3o de contas do 2\\u00ba semestre de 2023&quot;,&quot;thumbnailURL&quot;:&quot;https:\\\/\\\/portalv1.com.br\\\/app\\\/wp-content\\\/uploads\\\/2024\\\/03\\\/IMG_4298-Copy-400x250.jpg&quot;,&quot;style&quot;:&quot;&quot;},{&quot;thumbcode&quot;:&quot;https:\\\/\\\/portalv1.com.br\\\/app\\\/wp-content\\\/uploads\\\/2024\\\/03\\\/IMG_4299-Copy-400x250.jpg&quot;,&quot;imageURL&quot;:&quot;https:\\\/\\\/portalv1.com.br\\\/app\\\/wp-content\\\/uploads\\\/2024\\\/03\\\/IMG_4299-Copy.jpg&quot;,&quot;pid&quot;:194745,&quot;galleryid&quot;:1,&quot;description&quot;:&quot;&quot;,&quot;alttext&quot;:&quot;Prefeitura de Valen\\u00e7a realiza audi\\u00eancia para apresenta\\u00e7\\u00e3o de contas do 2\\u00ba semestre de 2023&quot;,&quot;thumbnailURL&quot;:&quot;https:\\\/\\\/portalv1.com.br\\\/app\\\/wp-content\\\/uploads\\\/2024\\\/03\\\/IMG_4299-Copy-400x250.jpg&quot;,&quot;style&quot;:&quot;&quot;},{&quot;thumbcode&quot;:&quot;https:\\\/\\\/portalv1.com.br\\\/app\\\/wp-content\\\/uploads\\\/2024\\\/03\\\/IMG_4303-Copy-400x250.jpg&quot;,&quot;imageURL&quot;:&quot;https:\\\/\\\/portalv1.com.br\\\/app\\\/wp-content\\\/uploads\\\/2024\\\/03\\\/IMG_4303-Copy.jpg&quot;,&quot;pid&quot;:194746,&quot;galleryid&quot;:1,&quot;description&quot;:&quot;&quot;,&quot;alttext&quot;:&quot;Prefeitura de Valen\\u00e7a realiza audi\\u00eancia para apresenta\\u00e7\\u00e3o de contas do 2\\u00ba semestre de 2023&quot;,&quot;thumbnailURL&quot;:&quot;https:\\\/\\\/portalv1.com.br\\\/app\\\/wp-content\\\/uploads\\\/2024\\\/03\\\/IMG_4303-Copy-400x250.jpg&quot;,&quot;style&quot;:&quot;&quot;},{&quot;thumbcode&quot;:&quot;https:\\\/\\\/portalv1.com.br\\\/app\\\/wp-content\\\/uploads\\\/2024\\\/03\\\/IMG_4313-Copy-400x250.jpg&quot;,&quot;imageURL&quot;:&quot;https:\\\/\\\/portalv1.com.br\\\/app\\\/wp-content\\\/uploads\\\/2024\\\/03\\\/IMG_4313-Copy.jpg&quot;,&quot;pid&quot;:194747,&quot;galleryid&quot;:1,&quot;description&quot;:&quot;&quot;,&quot;alttext&quot;:&quot;Prefeitura de Valen\\u00e7a realiza audi\\u00eancia para apresenta\\u00e7\\u00e3o de contas do 2\\u00ba semestre de 2023&quot;,&quot;thumbnailURL&quot;:&quot;https:\\\/\\\/portalv1.com.br\\\/app\\\/wp-content\\\/uploads\\\/2024\\\/03\\\/IMG_4313-Copy-400x250.jpg&quot;,&quot;style&quot;:&quot;&quot;},{&quot;thumbcode&quot;:&quot;https:\\\/\\\/portalv1.com.br\\\/app\\\/wp-content\\\/uploads\\\/2024\\\/03\\\/IMG_4319-Copy-400x250.jpg&quot;,&quot;imageURL&quot;:&quot;https:\\\/\\\/portalv1.com.br\\\/app\\\/wp-content\\\/uploads\\\/2024\\\/03\\\/IMG_4319-Copy.jpg&quot;,&quot;pid&quot;:194748,&quot;galleryid&quot;:1,&quot;description&quot;:&quot;&quot;,&quot;alttext&quot;:&quot;Prefeitura de Valen\\u00e7a realiza audi\\u00eancia para apresenta\\u00e7\\u00e3o de contas do 2\\u00ba semestre de 2023&quot;,&quot;thumbnailURL&quot;:&quot;https:\\\/\\\/portalv1.com.br\\\/app\\\/wp-content\\\/uploads\\\/2024\\\/03\\\/IMG_4319-Copy-400x250.jpg&quot;,&quot;style&quot;:&quot;&quot;}]}}\"><\/div>\n                  <\/div>\n","protected":false},"excerpt":{"rendered":"<p>A Prefeitura de Valen\u00e7a do Piau\u00ed realizou nesta quinta-feira (21), no plen\u00e1rio da C\u00e2mara de Vereadores, Audi\u00eancia P\u00fablica para apresenta\u00e7\u00e3o do Relat\u00f3rio de Gest\u00e3o Fiscal do 2\u00ba Semestre da Prefeitura,&#8230;<\/p>\n","protected":false},"author":1,"featured_media":194744,"comment_status":"open","ping_status":"open","sticky":false,"template":"","format":"standard","meta":{"ngg_post_thumbnail":0,"footnotes":""},"categories":[243],"tags":[],"class_list":["post-194741","post","type-post","status-publish","format-standard","has-post-thumbnail","hentry","category-geral"],"views":300,"meta_data":{"thumb":"https:\/\/portalv1.com.br\/app\/wp-content\/uploads\/2024\/03\/IMG_4298-Copy.jpg","imagem":{"fullsize":{"url":"https:\/\/portalv1.com.br\/app\/wp-content\/uploads\/2024\/03\/IMG_4298-Copy.jpg","width":1920,"height":1080},"medium":{"url":"https:\/\/portalv1.com.br\/app\/wp-content\/uploads\/2024\/03\/IMG_4298-Copy-300x169.jpg","width":300,"height":169},"large":{"url":"https:\/\/portalv1.com.br\/app\/wp-content\/uploads\/2024\/03\/IMG_4298-Copy-640x360.jpg","width":640,"height":360},"thumbnail":{"url":"https:\/\/portalv1.com.br\/app\/wp-content\/uploads\/2024\/03\/IMG_4298-Copy-100x100.jpg","width":100,"height":100},"medium_large":{"url":"https:\/\/portalv1.com.br\/app\/wp-content\/uploads\/2024\/03\/IMG_4298-Copy-768x432.jpg","width":768,"height":432},"1536x1536":{"url":"https:\/\/portalv1.com.br\/app\/wp-content\/uploads\/2024\/03\/IMG_4298-Copy-1536x864.jpg","width":1536,"height":864}},"data":{"simple":"21\/03\/2024","date_time":"21\/03\/2024 10:33:53","date":"h\u00e1 2 anos"},"chapeu":"Relat\u00f3rio de Gest\u00e3o Fiscal ","source":"slide"},"_links":{"self":[{"href":"https:\/\/portalv1.com.br\/api\/wp\/v2\/posts\/194741","targetHints":{"allow":["GET"]}}],"collection":[{"href":"https:\/\/portalv1.com.br\/api\/wp\/v2\/posts"}],"about":[{"href":"https:\/\/portalv1.com.br\/api\/wp\/v2\/types\/post"}],"author":[{"embeddable":true,"href":"https:\/\/portalv1.com.br\/api\/wp\/v2\/users\/1"}],"replies":[{"embeddable":true,"href":"https:\/\/portalv1.com.br\/api\/wp\/v2\/comments?post=194741"}],"version-history":[{"count":0,"href":"https:\/\/portalv1.com.br\/api\/wp\/v2\/posts\/194741\/revisions"}],"wp:featuredmedia":[{"embeddable":true,"href":"https:\/\/portalv1.com.br\/api\/wp\/v2\/media\/194744"}],"wp:attachment":[{"href":"https:\/\/portalv1.com.br\/api\/wp\/v2\/media?parent=194741"}],"wp:term":[{"taxonomy":"category","embeddable":true,"href":"https:\/\/portalv1.com.br\/api\/wp\/v2\/categories?post=194741"},{"taxonomy":"post_tag","embeddable":true,"href":"https:\/\/portalv1.com.br\/api\/wp\/v2\/tags?post=194741"}],"curies":[{"name":"wp","href":"https:\/\/api.w.org\/{rel}","templated":true}]}}