{"id":194749,"date":"2024-03-21T13:47:46","date_gmt":"2024-03-21T16:47:46","guid":{"rendered":"https:\/\/portalv1.com.br\/?p=194749"},"modified":"2024-03-21T13:52:52","modified_gmt":"2024-03-21T16:52:52","slug":"deputado-atila-filho-e-eleito-vice-presidente-da-comissao-de-educacao-da-camara-federal","status":"publish","type":"post","link":"https:\/\/portalv1.com.br\/deputado-atila-filho-e-eleito-vice-presidente-da-comissao-de-educacao-da-camara-federal\/","title":{"rendered":"Deputado Atila Filho \u00e9 eleito vice-presidente da comiss\u00e3o de Educa\u00e7\u00e3o da C\u00e2mara Federal"},"content":{"rendered":"<p>O deputado Atila Lira (PP) foi eleito, nesta quarta-feira (20), para o cargo de primeiro vice-presidente da Comiss\u00e3o de Educa\u00e7\u00e3o da C\u00e2mara Federal. Ao todo, o piauiense contou com 28 dos 33 votos entre os membros titulares do colegiado.<\/p>\n<p>Nas redes sociais, o parlamentar agradeceu ao presidente da comiss\u00e3o, Nikolas Ferreira (PL) e bancada do seu partido. \u201cComo defensor da educa\u00e7\u00e3o, estou comprometido em promover o ensino profissionalizante, expandir os institutos federais e alcan\u00e7ar a universaliza\u00e7\u00e3o das creches\u201d, disse o deputado que \u00e9 votado na regi\u00e3o pelos prefeitos S\u00e1vio Moura e Afonso Sobreira.&nbsp;<\/p>\n<p>A Comiss\u00e3o de Educa\u00e7\u00e3o tem como atribui\u00e7\u00e3o a pauta de assuntos relativos \u00e0 educa\u00e7\u00e3o em geral; pol\u00edtica e sistema educacional, em seus aspectos institucionais, estruturais, funcionais e legais; direito \u00e0 educa\u00e7\u00e3o; e recursos humanos e financeiros para o setor.<\/p>\n<p><a href=\"https:\/\/portalv1.com.br\/app\/wp-content\/uploads\/2024\/03\/imagem_2024-03-21_134704029.png\"><img loading=\"lazy\" decoding=\"async\" class=\"aligncenter size-large wp-image-194750\" src=\"https:\/\/portalv1.com.br\/app\/wp-content\/uploads\/2024\/03\/imagem_2024-03-21_134704029-640x361.png\" alt=\"\" width=\"600\" height=\"338\" srcset=\"https:\/\/portalv1.com.br\/app\/wp-content\/uploads\/2024\/03\/imagem_2024-03-21_134704029-640x361.png 640w, https:\/\/portalv1.com.br\/app\/wp-content\/uploads\/2024\/03\/imagem_2024-03-21_134704029-300x169.png 300w, https:\/\/portalv1.com.br\/app\/wp-content\/uploads\/2024\/03\/imagem_2024-03-21_134704029-768x434.png 768w, https:\/\/portalv1.com.br\/app\/wp-content\/uploads\/2024\/03\/imagem_2024-03-21_134704029.png 1360w\" sizes=\"auto, (max-width: 600px) 100vw, 600px\" \/><\/a><\/p>\n<p>Fonte; cidadeverde<\/p>\n","protected":false},"excerpt":{"rendered":"<p>O deputado Atila Lira (PP) foi eleito, nesta quarta-feira (20), para o cargo de primeiro vice-presidente da Comiss\u00e3o de Educa\u00e7\u00e3o da C\u00e2mara Federal. Ao todo, o piauiense contou com 28&#8230;<\/p>\n","protected":false},"author":1,"featured_media":194751,"comment_status":"open","ping_status":"open","sticky":false,"template":"","format":"standard","meta":{"ngg_post_thumbnail":0,"footnotes":""},"categories":[243],"tags":[],"class_list":["post-194749","post","type-post","status-publish","format-standard","has-post-thumbnail","hentry","category-geral"],"views":231,"meta_data":{"thumb":"https:\/\/portalv1.com.br\/app\/wp-content\/uploads\/2024\/03\/atila-5-Copy.jpg","imagem":{"fullsize":{"url":"https:\/\/portalv1.com.br\/app\/wp-content\/uploads\/2024\/03\/atila-5-Copy.jpg","width":1280,"height":720},"medium":{"url":"https:\/\/portalv1.com.br\/app\/wp-content\/uploads\/2024\/03\/atila-5-Copy-300x169.jpg","width":300,"height":169},"large":{"url":"https:\/\/portalv1.com.br\/app\/wp-content\/uploads\/2024\/03\/atila-5-Copy-640x360.jpg","width":640,"height":360},"thumbnail":{"url":"https:\/\/portalv1.com.br\/app\/wp-content\/uploads\/2024\/03\/atila-5-Copy-100x100.jpg","width":100,"height":100},"medium_large":{"url":"https:\/\/portalv1.com.br\/app\/wp-content\/uploads\/2024\/03\/atila-5-Copy-768x432.jpg","width":768,"height":432}},"data":{"simple":"21\/03\/2024","date_time":"21\/03\/2024 10:47:46","date":"h\u00e1 2 anos"},"chapeu":"Veja detalhes ","source":"m_destacada"},"_links":{"self":[{"href":"https:\/\/portalv1.com.br\/api\/wp\/v2\/posts\/194749","targetHints":{"allow":["GET"]}}],"collection":[{"href":"https:\/\/portalv1.com.br\/api\/wp\/v2\/posts"}],"about":[{"href":"https:\/\/portalv1.com.br\/api\/wp\/v2\/types\/post"}],"author":[{"embeddable":true,"href":"https:\/\/portalv1.com.br\/api\/wp\/v2\/users\/1"}],"replies":[{"embeddable":true,"href":"https:\/\/portalv1.com.br\/api\/wp\/v2\/comments?post=194749"}],"version-history":[{"count":0,"href":"https:\/\/portalv1.com.br\/api\/wp\/v2\/posts\/194749\/revisions"}],"wp:featuredmedia":[{"embeddable":true,"href":"https:\/\/portalv1.com.br\/api\/wp\/v2\/media\/194751"}],"wp:attachment":[{"href":"https:\/\/portalv1.com.br\/api\/wp\/v2\/media?parent=194749"}],"wp:term":[{"taxonomy":"category","embeddable":true,"href":"https:\/\/portalv1.com.br\/api\/wp\/v2\/categories?post=194749"},{"taxonomy":"post_tag","embeddable":true,"href":"https:\/\/portalv1.com.br\/api\/wp\/v2\/tags?post=194749"}],"curies":[{"name":"wp","href":"https:\/\/api.w.org\/{rel}","templated":true}]}}