{"id":19507,"date":"2014-10-24T13:51:38","date_gmt":"2014-10-24T16:51:38","guid":{"rendered":"https:\/\/portalv1.com.br\/?p=19507"},"modified":"2014-10-27T23:46:50","modified_gmt":"2014-10-28T02:46:50","slug":"tre-marca-para-4a-feira-julgamento-eleitoral-do-prefeito-walfredo-filho","status":"publish","type":"post","link":"https:\/\/portalv1.com.br\/tre-marca-para-4a-feira-julgamento-eleitoral-do-prefeito-walfredo-filho\/","title":{"rendered":"TRE marca para 4\u00aa feira julgamento eleitoral do prefeito Walfredo Filho"},"content":{"rendered":"<figure id=\"attachment_19080\" aria-describedby=\"caption-attachment-19080\" style=\"width: 300px\" class=\"wp-caption alignright\"><a href=\"https:\/\/portalv1.com.br\/app\/wp-content\/uploads\/2014\/08\/paula-e-walfredo.jpg\"><img loading=\"lazy\" decoding=\"async\" class=\"size-medium wp-image-19080\" src=\"https:\/\/portalv1.com.br\/app\/wp-content\/uploads\/2014\/08\/paula-e-walfredo-300x225.jpg\" alt=\"Vice-prefeita e o prefeito  Walfredo Filho \" width=\"300\" height=\"225\" srcset=\"https:\/\/portalv1.com.br\/app\/wp-content\/uploads\/2014\/08\/paula-e-walfredo-300x225.jpg 300w, https:\/\/portalv1.com.br\/app\/wp-content\/uploads\/2014\/08\/paula-e-walfredo.jpg 640w\" sizes=\"auto, (max-width: 300px) 100vw, 300px\" \/><\/a><figcaption id=\"caption-attachment-19080\" class=\"wp-caption-text\">Vice-prefeita e o prefeito Walfredo Filho<\/figcaption><\/figure>\n<p>Est\u00e1 marcada para a pr\u00f3xima quarta-feira, 29 de outubro durante a sess\u00e3o do pleno do Tribunal Regional Eleitoral, o julgamento das a\u00e7\u00f5es eleitorais da 18\u00aa Zona Eleitoral que tratam sobre o pleito eleitoral de Valen\u00e7a ainda provenientes das elei\u00e7\u00f5es municipais de 2012. As A\u00e7\u00f5es que ser\u00e3o julgadas s\u00e3o uma de Investiga\u00e7\u00e3o Judicial Eleitoral e uma A\u00e7\u00e3o de Impugna\u00e7\u00e3o de Mandato Eletivo, ambas contra o prefeito de Valen\u00e7a Walfredo Filho e a vice-prefeita de Valen\u00e7a Paula Jeanne.<\/p>\n<p>As a\u00e7\u00f5es j\u00e1 foram julgadas em Valen\u00e7a, sendo que em uma (A\u00e7\u00e3o de Impugna\u00e7\u00e3o de Mandato Eletivo) julgada pelo juiz Dr. Jos\u00e9 Wagner Linhares inocentou o prefeito e a vice-prefeita das acusa\u00e7\u00f5es. Com esse resultado, a coliga\u00e7\u00e3o encabe\u00e7ada pelos candidatos Rubens Alencar e Carlos Jos\u00e9 recorreram para Teresina.<\/p>\n<p>J\u00e1 na A\u00e7\u00e3o de Investiga\u00e7\u00e3o Judicial Eleitoral julgada pela ju\u00edza Dr\u00aa Keyla Proc\u00f3pio no m\u00eas de junho ultimo cassou o mandato do prefeito e da vice que conseguiram dias depois uma liminar que os mant\u00e9m no comando do munic\u00edpio at\u00e9 a decis\u00e3o dessa quarta-feira. O relator dos processos ser\u00e1 o desembargador Dr. Jos\u00e9 Gonzaga Carneiro. Vale lembrar que a decis\u00e3o ainda pode subir para o Tribunal Superior Eleitoral.<\/p>\n<p><a href=\"https:\/\/portalv1.com.br\/app\/wp-content\/uploads\/2014\/10\/ACESSE-a-Pauta-do-TRE-aqui.pdf\">ACESSE a Pauta do TRE aqui<\/a><\/p>\n","protected":false},"excerpt":{"rendered":"<p>Est\u00e1 marcada para a pr\u00f3xima quarta-feira, 29 de outubro durante a sess\u00e3o do pleno do Tribunal Regional Eleitoral, o julgamento das a\u00e7\u00f5es eleitorais da 18\u00aa Zona Eleitoral que tratam sobre&#8230;<\/p>\n","protected":false},"author":1,"featured_media":0,"comment_status":"open","ping_status":"open","sticky":false,"template":"","format":"standard","meta":{"ngg_post_thumbnail":0,"footnotes":""},"categories":[243,12],"tags":[],"class_list":["post-19507","post","type-post","status-publish","format-standard","hentry","category-geral","category-valenca-news"],"views":1849,"meta_data":{"thumb":"https:\/\/portalv1.com.br\/app\/wp-content\/uploads\/2014\/08\/paula-e-walfredo.jpg","data":{"simple":"24\/10\/2014","date_time":"24\/10\/2014 10:51:38","date":"h\u00e1 12 anos"},"chapeu":"TRE-PI","source":"retirar"},"_links":{"self":[{"href":"https:\/\/portalv1.com.br\/api\/wp\/v2\/posts\/19507","targetHints":{"allow":["GET"]}}],"collection":[{"href":"https:\/\/portalv1.com.br\/api\/wp\/v2\/posts"}],"about":[{"href":"https:\/\/portalv1.com.br\/api\/wp\/v2\/types\/post"}],"author":[{"embeddable":true,"href":"https:\/\/portalv1.com.br\/api\/wp\/v2\/users\/1"}],"replies":[{"embeddable":true,"href":"https:\/\/portalv1.com.br\/api\/wp\/v2\/comments?post=19507"}],"version-history":[{"count":0,"href":"https:\/\/portalv1.com.br\/api\/wp\/v2\/posts\/19507\/revisions"}],"wp:attachment":[{"href":"https:\/\/portalv1.com.br\/api\/wp\/v2\/media?parent=19507"}],"wp:term":[{"taxonomy":"category","embeddable":true,"href":"https:\/\/portalv1.com.br\/api\/wp\/v2\/categories?post=19507"},{"taxonomy":"post_tag","embeddable":true,"href":"https:\/\/portalv1.com.br\/api\/wp\/v2\/tags?post=19507"}],"curies":[{"name":"wp","href":"https:\/\/api.w.org\/{rel}","templated":true}]}}