{"id":19511,"date":"2014-10-25T12:34:56","date_gmt":"2014-10-25T15:34:56","guid":{"rendered":"https:\/\/portalv1.com.br\/?p=19511"},"modified":"2014-10-25T12:34:56","modified_gmt":"2014-10-25T15:34:56","slug":"servico-social-de-pimenteiras-recebera-premio-nacional-por-boas-praticas","status":"publish","type":"post","link":"https:\/\/portalv1.com.br\/servico-social-de-pimenteiras-recebera-premio-nacional-por-boas-praticas\/","title":{"rendered":"Servi\u00e7o Social de Pimenteiras receber\u00e1 pr\u00eamio nacional por boas praticas"},"content":{"rendered":"<figure id=\"attachment_19512\" aria-describedby=\"caption-attachment-19512\" style=\"width: 300px\" class=\"wp-caption alignright\"><a href=\"https:\/\/portalv1.com.br\/app\/wp-content\/uploads\/2014\/10\/assistencia-social.jpg\"><img loading=\"lazy\" decoding=\"async\" class=\"size-medium wp-image-19512\" src=\"https:\/\/portalv1.com.br\/app\/wp-content\/uploads\/2014\/10\/assistencia-social-300x200.jpg\" alt=\"Carmelina Castro e parte da equipe da SEMAS \" width=\"300\" height=\"200\" srcset=\"https:\/\/portalv1.com.br\/app\/wp-content\/uploads\/2014\/10\/assistencia-social-300x200.jpg 300w, https:\/\/portalv1.com.br\/app\/wp-content\/uploads\/2014\/10\/assistencia-social.jpg 640w\" sizes=\"auto, (max-width: 300px) 100vw, 300px\" \/><\/a><figcaption id=\"caption-attachment-19512\" class=\"wp-caption-text\">Carmelina Castro e parte da equipe da SEMAS<\/figcaption><\/figure>\n<p>A secret\u00e1ria de Assist\u00eancia social de Pimenteiras Carmelina Castro receber\u00e1 no m\u00eas de dezembro o \u201cPr\u00eamio Responsabilidade Social\u201d, que \u00e9 entregue aos 50 melhores secret\u00e1rios de assist\u00eancia social do Brasil. A entrega acontecer\u00e1 durante a realiza\u00e7\u00e3o do 7\u00ba Congresso Nacional de Assist\u00eancia Social, que ser\u00e1 realizado entre os dias 07 e 10 de dezembro na Costa do Sauipe, no estado da Bahia. O evento \u00e9 promovido pela\u00a0 Premium Brasil Group e leva em considera\u00e7\u00e3o os \u00edndices alcan\u00e7ados pelos gestores a frente das secretarias de assist\u00eancia social de todo o Brasil.<\/p>\n<p>A Secretaria de Assist\u00eancia Social de Pimenteiras vem realizando no munic\u00edpio uma serie de atividades de inclus\u00e3o social de reconhecido valor institucional, que vem mudando a realidade do munic\u00edpio, seja no atendimento aos idosos, crian\u00e7as e jovens ou na capacita\u00e7\u00e3o de associa\u00e7\u00f5es de moradores como, por exemplo, o realizado na Associa\u00e7\u00e3o das Mulheres Empreendedoras da localidade Sitio das On\u00e7as, que com a ajuda da secretaria de assist\u00eancia social est\u00e3o mudando sua realidade com a produ\u00e7\u00e3o de polpas e doces caseiros.<\/p>\n<p>Essa iniciativa rendeu a Assist\u00eancia Social o Pr\u00eamio Boas Praticas do Bolsa Fam\u00edlia realizado ano passado pela Secretaria da Assist\u00eancia Social e Cidadania (SASC), assim como o projeto que beneficia fam\u00edlias pimenteirenses com o cultivo de hortas comunit\u00e1rias e piscicultura que foi finalista do Pr\u00eamio Prefeito Realizador idealizado pelo Sistema Meio Norte de Comunica\u00e7\u00e3o esse ano. A secret\u00e1ria de assist\u00eancia social Carmelina Castro afirmou que os pr\u00eamios s\u00e3o importantes e que eles s\u00e3o a soma de esfor\u00e7os de uma equipe dedicada e comprometida com o social de Pimenteiras.<\/p>\n","protected":false},"excerpt":{"rendered":"<p>A secret\u00e1ria de Assist\u00eancia social de Pimenteiras Carmelina Castro receber\u00e1 no m\u00eas de dezembro o \u201cPr\u00eamio Responsabilidade Social\u201d, que \u00e9 entregue aos 50 melhores secret\u00e1rios de assist\u00eancia social do Brasil&#8230;.<\/p>\n","protected":false},"author":1,"featured_media":0,"comment_status":"open","ping_status":"open","sticky":false,"template":"","format":"standard","meta":{"ngg_post_thumbnail":0,"footnotes":""},"categories":[12],"tags":[],"class_list":["post-19511","post","type-post","status-publish","format-standard","hentry","category-valenca-news"],"views":636,"meta_data":{"thumb":"https:\/\/portalv1.com.br\/app\/wp-content\/uploads\/2014\/10\/assistencia-social.jpg","data":{"simple":"25\/10\/2014","date_time":"25\/10\/2014 09:34:56","date":"h\u00e1 12 anos"},"chapeu":"Pr\u00eamio Responsabilidade Social","source":"slide"},"_links":{"self":[{"href":"https:\/\/portalv1.com.br\/api\/wp\/v2\/posts\/19511","targetHints":{"allow":["GET"]}}],"collection":[{"href":"https:\/\/portalv1.com.br\/api\/wp\/v2\/posts"}],"about":[{"href":"https:\/\/portalv1.com.br\/api\/wp\/v2\/types\/post"}],"author":[{"embeddable":true,"href":"https:\/\/portalv1.com.br\/api\/wp\/v2\/users\/1"}],"replies":[{"embeddable":true,"href":"https:\/\/portalv1.com.br\/api\/wp\/v2\/comments?post=19511"}],"version-history":[{"count":0,"href":"https:\/\/portalv1.com.br\/api\/wp\/v2\/posts\/19511\/revisions"}],"wp:attachment":[{"href":"https:\/\/portalv1.com.br\/api\/wp\/v2\/media?parent=19511"}],"wp:term":[{"taxonomy":"category","embeddable":true,"href":"https:\/\/portalv1.com.br\/api\/wp\/v2\/categories?post=19511"},{"taxonomy":"post_tag","embeddable":true,"href":"https:\/\/portalv1.com.br\/api\/wp\/v2\/tags?post=19511"}],"curies":[{"name":"wp","href":"https:\/\/api.w.org\/{rel}","templated":true}]}}