{"id":19542,"date":"2014-10-28T14:48:40","date_gmt":"2014-10-28T17:48:40","guid":{"rendered":"https:\/\/portalv1.com.br\/?p=19542"},"modified":"2014-10-29T22:30:02","modified_gmt":"2014-10-30T01:30:02","slug":"prefeito-walfredo-filho-fala-sobre-processo-de-cassacao","status":"publish","type":"post","link":"https:\/\/portalv1.com.br\/prefeito-walfredo-filho-fala-sobre-processo-de-cassacao\/","title":{"rendered":"Prefeito Walfredo Filho fala sobre processo de cassa\u00e7\u00e3o"},"content":{"rendered":"<figure id=\"attachment_14331\" aria-describedby=\"caption-attachment-14331\" style=\"width: 300px\" class=\"wp-caption alignright\"><a href=\"https:\/\/portalv1.com.br\/app\/wp-content\/uploads\/2012\/12\/walfredofilho.jpg\"><img loading=\"lazy\" decoding=\"async\" class=\"wp-image-14331 size-medium\" src=\"https:\/\/portalv1.com.br\/app\/wp-content\/uploads\/2012\/12\/walfredofilho-300x217.jpg\" alt=\"prefeito Walfredo Filho \" width=\"300\" height=\"217\" srcset=\"https:\/\/portalv1.com.br\/app\/wp-content\/uploads\/2012\/12\/walfredofilho-300x217.jpg 300w, https:\/\/portalv1.com.br\/app\/wp-content\/uploads\/2012\/12\/walfredofilho.jpg 445w\" sizes=\"auto, (max-width: 300px) 100vw, 300px\" \/><\/a><figcaption id=\"caption-attachment-14331\" class=\"wp-caption-text\">prefeito Walfredo Filho<\/figcaption><\/figure>\n<p>O prefeito Walfredo Filho disse nessa ter\u00e7a-feira (28), que est\u00e1 confiante em sua absolvi\u00e7\u00e3o pelo pleno do Tribunal Regional Eleitoral (TRE), o prefeito culpou sua assessoria cont\u00e1bil pelos erros em sua presta\u00e7\u00e3o de contas da campanha eleitoral de 2012, que n\u00e3o contabilizou os gastos totais da campanha ocasionando sua cassa\u00e7\u00e3o em primeira instancia.<\/p>\n<p>Ao mesmo tempo que se diz tranquilo com sua inoc\u00eancia, o prefeito reconhece os erros cont\u00e1beis e apelou para a sensibilidade dos desembargadores que n\u00e3o o cassem por um erro t\u00e9cnico.<\/p>\n<p>Walfredo Filho afirmou que fez uma campanha humilde e que n\u00e3o ver motivos para a sua cassa\u00e7\u00e3o, vista que o problema foi de sua assessoria cont\u00e1bil que n\u00e3o fez a devida presta\u00e7\u00e3o de contas.<\/p>\n<p>A sess\u00e3o do TRE est\u00e1 marcada para a manha desta quarta-feira (29) em Teresina. O prefeito Walfredo Filho e a vice-prefeita Paula Jeanne foram cassados pela Justi\u00e7a Eleitoral de Valen\u00e7a por capta\u00e7\u00e3o il\u00edcita de recurso, omiss\u00e3o de gastos entre outras irregularidades. Tanto o prefeito Walfredo Filho, quanto a vice-prefeita Paula Jeanne est\u00e3o ineleg\u00edveis por 08 anos a contar da elei\u00e7\u00e3o de 2012.<\/p>\n","protected":false},"excerpt":{"rendered":"<p>O prefeito Walfredo Filho disse nessa ter\u00e7a-feira (28), que est\u00e1 confiante em sua absolvi\u00e7\u00e3o pelo pleno do Tribunal Regional Eleitoral (TRE), o prefeito culpou sua assessoria cont\u00e1bil pelos erros em&#8230;<\/p>\n","protected":false},"author":1,"featured_media":0,"comment_status":"open","ping_status":"open","sticky":false,"template":"","format":"standard","meta":{"ngg_post_thumbnail":0,"footnotes":""},"categories":[12],"tags":[],"class_list":["post-19542","post","type-post","status-publish","format-standard","hentry","category-valenca-news"],"views":1477,"meta_data":{"thumb":"https:\/\/portalv1.com.br\/app\/wp-content\/uploads\/2012\/12\/walfredofilho.jpg","data":{"simple":"28\/10\/2014","date_time":"28\/10\/2014 11:48:40","date":"h\u00e1 12 anos"},"chapeu":"Hora da Decis\u00e3o ","source":"retirar"},"_links":{"self":[{"href":"https:\/\/portalv1.com.br\/api\/wp\/v2\/posts\/19542","targetHints":{"allow":["GET"]}}],"collection":[{"href":"https:\/\/portalv1.com.br\/api\/wp\/v2\/posts"}],"about":[{"href":"https:\/\/portalv1.com.br\/api\/wp\/v2\/types\/post"}],"author":[{"embeddable":true,"href":"https:\/\/portalv1.com.br\/api\/wp\/v2\/users\/1"}],"replies":[{"embeddable":true,"href":"https:\/\/portalv1.com.br\/api\/wp\/v2\/comments?post=19542"}],"version-history":[{"count":0,"href":"https:\/\/portalv1.com.br\/api\/wp\/v2\/posts\/19542\/revisions"}],"wp:attachment":[{"href":"https:\/\/portalv1.com.br\/api\/wp\/v2\/media?parent=19542"}],"wp:term":[{"taxonomy":"category","embeddable":true,"href":"https:\/\/portalv1.com.br\/api\/wp\/v2\/categories?post=19542"},{"taxonomy":"post_tag","embeddable":true,"href":"https:\/\/portalv1.com.br\/api\/wp\/v2\/tags?post=19542"}],"curies":[{"name":"wp","href":"https:\/\/api.w.org\/{rel}","templated":true}]}}