{"id":19551,"date":"2014-10-29T13:37:26","date_gmt":"2014-10-29T16:37:26","guid":{"rendered":"https:\/\/portalv1.com.br\/?p=19551"},"modified":"2014-10-29T22:51:01","modified_gmt":"2014-10-30T01:51:01","slug":"tres-dos-cinco-desembargadores-votam-pela-cassacao-do-prefeito","status":"publish","type":"post","link":"https:\/\/portalv1.com.br\/tres-dos-cinco-desembargadores-votam-pela-cassacao-do-prefeito\/","title":{"rendered":"Tr\u00eas dos cinco juizes votam pela cassa\u00e7\u00e3o do prefeito Walfredo Filho"},"content":{"rendered":"<p>Tr\u00eas dos cinco ju\u00edzes com direito a voto no Tribunal Regional Eleitoral optaram pela cassa\u00e7\u00e3o do prefeito Walfredo Filho e da vice-prefeita Paula Jeanne. O julgamento realizado pelo pleno do TRE foi realizado na manha desta quarta-feira (29) foi interrompido pelo pedido de vistas do desembargador Deocl\u00e9cio Sousa.<\/p>\n<p>Com isso a decis\u00e3o final s\u00f3 ser\u00e1 conhecida na pr\u00f3xima ter\u00e7a-feira 04 de novembro.<\/p>\n<p>Em conversa com o Portalv1, o advogado Jos\u00e9 Maria que participou da sess\u00e3o disse que a decis\u00e3o est\u00e1 praticamente sacramentada, uma vez, que tr\u00eas dos cinco desembargadores j\u00e1 declararam seu voto em favor da manuten\u00e7\u00e3o da cassa\u00e7\u00e3o do prefeito e sua vice.<\/p>\n<p>\u201cPela maneira em que os ju\u00edzes fundamentaram seus votos pela manuten\u00e7\u00e3o da cassa\u00e7\u00e3o dificilmente eles reflu\u00edram na pr\u00f3xima sess\u00e3o marcada para Ter\u00e7a-feira\u201d afirmou.<\/p>\n<p>O juiz Jos\u00e9 Gonzaga Carneiro, relator do processo, e os ju\u00edzes Francisco H\u00e9lio Camilo Ferreira e Jos\u00e9 Wilson Ferreira de Ara\u00fajo j\u00e1 votaram pela cassa\u00e7\u00e3o dos diplomas, com realiza\u00e7\u00e3o de nova elei\u00e7\u00e3o em Valen\u00e7a.<\/p>\n<p>Se confirmada a cassa\u00e7\u00e3o, Walfredo Filho ser\u00e1 o 19\u00ba prefeito eleito em 2012 a perder o mandato na Justi\u00e7a Eleitoral.<\/p>\n<p><a href=\"https:\/\/portalv1.com.br\/app\/wp-content\/uploads\/2014\/10\/walfredo-filho1.jpg\"><img loading=\"lazy\" decoding=\"async\" class=\"alignright wp-image-19559 size-large\" src=\"https:\/\/portalv1.com.br\/app\/wp-content\/uploads\/2014\/10\/walfredo-filho1-640x350.jpg\" alt=\"walfredo filho\" width=\"640\" height=\"350\" srcset=\"https:\/\/portalv1.com.br\/app\/wp-content\/uploads\/2014\/10\/walfredo-filho1-640x350.jpg 640w, https:\/\/portalv1.com.br\/app\/wp-content\/uploads\/2014\/10\/walfredo-filho1-300x164.jpg 300w, https:\/\/portalv1.com.br\/app\/wp-content\/uploads\/2014\/10\/walfredo-filho1.jpg 750w\" sizes=\"auto, (max-width: 640px) 100vw, 640px\" \/><\/a><\/p>\n<p>&nbsp;<\/p>\n<p>&nbsp;<\/p>\n","protected":false},"excerpt":{"rendered":"<p>Tr\u00eas dos cinco ju\u00edzes com direito a voto no Tribunal Regional Eleitoral optaram pela cassa\u00e7\u00e3o do prefeito Walfredo Filho e da vice-prefeita Paula Jeanne. O julgamento realizado pelo pleno do&#8230;<\/p>\n","protected":false},"author":1,"featured_media":19558,"comment_status":"open","ping_status":"open","sticky":false,"template":"","format":"standard","meta":{"ngg_post_thumbnail":0,"footnotes":""},"categories":[12],"tags":[],"class_list":["post-19551","post","type-post","status-publish","format-standard","has-post-thumbnail","hentry","category-valenca-news"],"views":2948,"meta_data":{"thumb":"https:\/\/portalv1.com.br\/app\/wp-content\/uploads\/2014\/10\/walfredo-filho.jpg","imagem":{"fullsize":{"url":"https:\/\/portalv1.com.br\/app\/wp-content\/uploads\/2014\/10\/walfredo-filho.jpg","width":750,"height":411},"thumbnail":{"url":"https:\/\/portalv1.com.br\/app\/wp-content\/uploads\/2014\/10\/walfredo-filho-100x100.jpg","width":100,"height":100},"medium":{"url":"https:\/\/portalv1.com.br\/app\/wp-content\/uploads\/2014\/10\/walfredo-filho-300x164.jpg","width":300,"height":164},"large":{"url":"https:\/\/portalv1.com.br\/app\/wp-content\/uploads\/2014\/10\/walfredo-filho-640x350.jpg","width":640,"height":350}},"data":{"simple":"29\/10\/2014","date_time":"29\/10\/2014 10:37:26","date":"h\u00e1 12 anos"},"chapeu":"TRE-PI","source":"slide"},"_links":{"self":[{"href":"https:\/\/portalv1.com.br\/api\/wp\/v2\/posts\/19551","targetHints":{"allow":["GET"]}}],"collection":[{"href":"https:\/\/portalv1.com.br\/api\/wp\/v2\/posts"}],"about":[{"href":"https:\/\/portalv1.com.br\/api\/wp\/v2\/types\/post"}],"author":[{"embeddable":true,"href":"https:\/\/portalv1.com.br\/api\/wp\/v2\/users\/1"}],"replies":[{"embeddable":true,"href":"https:\/\/portalv1.com.br\/api\/wp\/v2\/comments?post=19551"}],"version-history":[{"count":0,"href":"https:\/\/portalv1.com.br\/api\/wp\/v2\/posts\/19551\/revisions"}],"wp:featuredmedia":[{"embeddable":true,"href":"https:\/\/portalv1.com.br\/api\/wp\/v2\/media\/19558"}],"wp:attachment":[{"href":"https:\/\/portalv1.com.br\/api\/wp\/v2\/media?parent=19551"}],"wp:term":[{"taxonomy":"category","embeddable":true,"href":"https:\/\/portalv1.com.br\/api\/wp\/v2\/categories?post=19551"},{"taxonomy":"post_tag","embeddable":true,"href":"https:\/\/portalv1.com.br\/api\/wp\/v2\/tags?post=19551"}],"curies":[{"name":"wp","href":"https:\/\/api.w.org\/{rel}","templated":true}]}}