{"id":19579,"date":"2014-11-03T07:33:50","date_gmt":"2014-11-03T10:33:50","guid":{"rendered":"https:\/\/portalv1.com.br\/?p=19579"},"modified":"2014-11-03T07:41:44","modified_gmt":"2014-11-03T10:41:44","slug":"cassacao-do-prefeito-sera-confirmada-nessa-terca-feira-veja-detalhes","status":"publish","type":"post","link":"https:\/\/portalv1.com.br\/cassacao-do-prefeito-sera-confirmada-nessa-terca-feira-veja-detalhes\/","title":{"rendered":"Cassa\u00e7\u00e3o do prefeito ser\u00e1 confirmada nessa ter\u00e7a-feira. Veja detalhes"},"content":{"rendered":"<p><a href=\"https:\/\/portalv1.com.br\/app\/wp-content\/uploads\/2014\/01\/tre.jpg\"><img loading=\"lazy\" decoding=\"async\" class=\"alignright size-medium wp-image-17538\" src=\"https:\/\/portalv1.com.br\/app\/wp-content\/uploads\/2014\/01\/tre-300x168.jpg\" alt=\"tre\" width=\"300\" height=\"168\" srcset=\"https:\/\/portalv1.com.br\/app\/wp-content\/uploads\/2014\/01\/tre-300x168.jpg 300w, https:\/\/portalv1.com.br\/app\/wp-content\/uploads\/2014\/01\/tre.jpg 455w\" sizes=\"auto, (max-width: 300px) 100vw, 300px\" \/><\/a>O Tribunal Regional Eleitoral (TRE-PI) retoma nessa ter\u00e7a-feira (04) o julgamento do recurso eleitoral em que o prefeito de Valen\u00e7a Walfredo Filho e a vice Paula Jeanne pedem a reformula\u00e7\u00e3o da decis\u00e3o da 18\u00aa Zona Eleitoral que cassou seus mandatos. O julgamento foi encerrado na ultima quarta-feira (29), depois de que o juiz Diocl\u00e9cio Sousa pediu vista.<\/p>\n<p>O prefeito e a vice-prefeita j\u00e1 est\u00e3o cassados, vista que dos cinco votos aptos para esse julgamento tr\u00eas ju\u00edzes Jos\u00e9 Gonzaga Carneiro (relator) e os ju\u00edzes Francisco H\u00e9lio Camelo Ferreira e Jos\u00e9 Wilson Ferreira de Ara\u00fajo J\u00fanior j\u00e1 se manifestaram pela manuten\u00e7\u00e3o da cassa\u00e7\u00e3o.<\/p>\n<p>Nessa ter\u00e7a-feira, a expectativa \u00e9 pela conclus\u00e3o do julgamento e o anuncio da data das novas elei\u00e7\u00f5es que podem acontecer em at\u00e9 40 dias. A presidenta Ielva Mel\u00e3o comandar\u00e1 os destinos do munic\u00edpio na conclus\u00e3o desse processo. O prefeito aposta suas fichas em um novo recurso dessa vez em Bras\u00edlia para continuar como prefeito municipal.<\/p>\n<p>Chama aten\u00e7\u00e3o desde o anuncio da cassa\u00e7\u00e3o do prefeito a falta de solidariedade dos correligion\u00e1rios ningu\u00e9m veio a publico para se solidarizar-se com o gestor que vive suas ultimas horas \u00a0como prefeito municipal. Ielva Mel\u00e3o comandar\u00e1 a sucess\u00e3o com direito a disputar a sua continuidade se for do seu interesse. A presidenta encontrar\u00e1 nesses dias muitas dividas com fornecedores e com prestadores de servi\u00e7os que est\u00e3o atrasados desde julho, assim como os pr\u00f3prios secret\u00e1rios municipais. J\u00e1 quarta-feira (05) esses correligion\u00e1rios (amigos do poder) ausentes certamente estar\u00e3o solid\u00e1rios a nova prefeita e se colocando a disposi\u00e7\u00e3o (ou implorando) a participa\u00e7\u00e3o no governo provis\u00f3rio.<\/p>\n","protected":false},"excerpt":{"rendered":"<p>O Tribunal Regional Eleitoral (TRE-PI) retoma nessa ter\u00e7a-feira (04) o julgamento do recurso eleitoral em que o prefeito de Valen\u00e7a Walfredo Filho e a vice Paula Jeanne pedem a reformula\u00e7\u00e3o&#8230;<\/p>\n","protected":false},"author":1,"featured_media":0,"comment_status":"open","ping_status":"open","sticky":false,"template":"","format":"standard","meta":{"ngg_post_thumbnail":0,"footnotes":""},"categories":[12],"tags":[],"class_list":["post-19579","post","type-post","status-publish","format-standard","hentry","category-valenca-news"],"views":1161,"meta_data":{"thumb":"https:\/\/portalv1.com.br\/app\/wp-content\/uploads\/2014\/01\/tre.jpg","data":{"simple":"03\/11\/2014","date_time":"03\/11\/2014 04:33:50","date":"h\u00e1 11 anos"},"chapeu":"3X0","source":"slide"},"_links":{"self":[{"href":"https:\/\/portalv1.com.br\/api\/wp\/v2\/posts\/19579","targetHints":{"allow":["GET"]}}],"collection":[{"href":"https:\/\/portalv1.com.br\/api\/wp\/v2\/posts"}],"about":[{"href":"https:\/\/portalv1.com.br\/api\/wp\/v2\/types\/post"}],"author":[{"embeddable":true,"href":"https:\/\/portalv1.com.br\/api\/wp\/v2\/users\/1"}],"replies":[{"embeddable":true,"href":"https:\/\/portalv1.com.br\/api\/wp\/v2\/comments?post=19579"}],"version-history":[{"count":0,"href":"https:\/\/portalv1.com.br\/api\/wp\/v2\/posts\/19579\/revisions"}],"wp:attachment":[{"href":"https:\/\/portalv1.com.br\/api\/wp\/v2\/media?parent=19579"}],"wp:term":[{"taxonomy":"category","embeddable":true,"href":"https:\/\/portalv1.com.br\/api\/wp\/v2\/categories?post=19579"},{"taxonomy":"post_tag","embeddable":true,"href":"https:\/\/portalv1.com.br\/api\/wp\/v2\/tags?post=19579"}],"curies":[{"name":"wp","href":"https:\/\/api.w.org\/{rel}","templated":true}]}}