{"id":19598,"date":"2014-11-06T07:41:09","date_gmt":"2014-11-06T10:41:09","guid":{"rendered":"https:\/\/portalv1.com.br\/?p=19598"},"modified":"2014-11-08T00:09:36","modified_gmt":"2014-11-08T03:09:36","slug":"apos-denuncia-edilsa-do-vale-pede-contrato-do-conjunto-ze-dede","status":"publish","type":"post","link":"https:\/\/portalv1.com.br\/apos-denuncia-edilsa-do-vale-pede-contrato-do-conjunto-ze-dede\/","title":{"rendered":"Ap\u00f3s denuncia Edilsa do Vale pede contrato do conjunto Z\u00e9 Dede"},"content":{"rendered":"<figure id=\"attachment_19599\" aria-describedby=\"caption-attachment-19599\" style=\"width: 300px\" class=\"wp-caption alignright\"><a href=\"https:\/\/portalv1.com.br\/app\/wp-content\/uploads\/2014\/11\/residencial-ze-dede.jpg\"><img loading=\"lazy\" decoding=\"async\" class=\"size-medium wp-image-19599\" src=\"https:\/\/portalv1.com.br\/app\/wp-content\/uploads\/2014\/11\/residencial-ze-dede-300x225.jpg\" alt=\"Conjunto Jos\u00e9 da Silva Filho (Z\u00e9 Dede), no Bairro Pi\u00e7arreira\" width=\"300\" height=\"225\" srcset=\"https:\/\/portalv1.com.br\/app\/wp-content\/uploads\/2014\/11\/residencial-ze-dede-300x225.jpg 300w, https:\/\/portalv1.com.br\/app\/wp-content\/uploads\/2014\/11\/residencial-ze-dede-640x480.jpg 640w, https:\/\/portalv1.com.br\/app\/wp-content\/uploads\/2014\/11\/residencial-ze-dede.jpg 960w\" sizes=\"auto, (max-width: 300px) 100vw, 300px\" \/><\/a><figcaption id=\"caption-attachment-19599\" class=\"wp-caption-text\">Conjunto Jos\u00e9 da Silva Filho (Z\u00e9 Dede), no Bairro Pi\u00e7arreira<\/figcaption><\/figure>\n<p>A vereadora Edilsa do Vale (PP) pediu que a prefeitura envie a copia do contrato firmada com a Caixa Econ\u00f4mica para a constru\u00e7\u00e3o das 50 unidades habitacionais do conjunto Jos\u00e9 da Silva Filho (Z\u00e9 Dede), no Bairro Pi\u00e7arreira constru\u00edda pelo Programa Minha Casa Minha do governo federal.<\/p>\n<p>A vereadora afirmou que as casas j\u00e1 foram entregues aos moradores no ultimo dia 19 de setembro mais os moradores est\u00e3o reclamando que a prefeitura entregou o conjunto sem a conclus\u00e3o das instala\u00e7\u00f5es el\u00e9tricas, hidr\u00e1ulicas e sem arruamento.<\/p>\n<p>Com o contrato em m\u00e3os, a vereadora ir\u00e1 pessoalmente ao residencial verificar as denuncias feitas pelos moradores e se for caso pedir a conclus\u00e3o do conjunto, assim como dar ci\u00eancia ao Minist\u00e9rio Publico das dificuldades denunciada pelos moradores. A solicita\u00e7\u00e3o foi aprovada por unanimidade dos vereadores.<\/p>\n","protected":false},"excerpt":{"rendered":"<p>A vereadora Edilsa do Vale (PP) pediu que a prefeitura envie a copia do contrato firmada com a Caixa Econ\u00f4mica para a constru\u00e7\u00e3o das 50 unidades habitacionais do conjunto Jos\u00e9&#8230;<\/p>\n","protected":false},"author":1,"featured_media":0,"comment_status":"open","ping_status":"open","sticky":false,"template":"","format":"standard","meta":{"ngg_post_thumbnail":0,"footnotes":""},"categories":[12],"tags":[],"class_list":["post-19598","post","type-post","status-publish","format-standard","hentry","category-valenca-news"],"views":822,"meta_data":{"thumb":"https:\/\/portalv1.com.br\/app\/wp-content\/uploads\/2014\/11\/residencial-ze-dede.jpg","data":{"simple":"06\/11\/2014","date_time":"06\/11\/2014 04:41:09","date":"h\u00e1 11 anos"},"chapeu":"Solicita\u00e7\u00e3o ","source":"retirar"},"_links":{"self":[{"href":"https:\/\/portalv1.com.br\/api\/wp\/v2\/posts\/19598","targetHints":{"allow":["GET"]}}],"collection":[{"href":"https:\/\/portalv1.com.br\/api\/wp\/v2\/posts"}],"about":[{"href":"https:\/\/portalv1.com.br\/api\/wp\/v2\/types\/post"}],"author":[{"embeddable":true,"href":"https:\/\/portalv1.com.br\/api\/wp\/v2\/users\/1"}],"replies":[{"embeddable":true,"href":"https:\/\/portalv1.com.br\/api\/wp\/v2\/comments?post=19598"}],"version-history":[{"count":0,"href":"https:\/\/portalv1.com.br\/api\/wp\/v2\/posts\/19598\/revisions"}],"wp:attachment":[{"href":"https:\/\/portalv1.com.br\/api\/wp\/v2\/media?parent=19598"}],"wp:term":[{"taxonomy":"category","embeddable":true,"href":"https:\/\/portalv1.com.br\/api\/wp\/v2\/categories?post=19598"},{"taxonomy":"post_tag","embeddable":true,"href":"https:\/\/portalv1.com.br\/api\/wp\/v2\/tags?post=19598"}],"curies":[{"name":"wp","href":"https:\/\/api.w.org\/{rel}","templated":true}]}}