{"id":19606,"date":"2014-11-07T09:28:15","date_gmt":"2014-11-07T12:28:15","guid":{"rendered":"https:\/\/portalv1.com.br\/?p=19606"},"modified":"2014-11-08T00:08:34","modified_gmt":"2014-11-08T03:08:34","slug":"marllos-sampaio-faz-balanco-das-atividades-realizadas-em-valenca","status":"publish","type":"post","link":"https:\/\/portalv1.com.br\/marllos-sampaio-faz-balanco-das-atividades-realizadas-em-valenca\/","title":{"rendered":"Marllos Sampaio faz balan\u00e7o das atividades realizadas em Valen\u00e7a"},"content":{"rendered":"<figure id=\"attachment_19607\" aria-describedby=\"caption-attachment-19607\" style=\"width: 300px\" class=\"wp-caption alignright\"><a href=\"https:\/\/portalv1.com.br\/app\/wp-content\/uploads\/2014\/11\/marllos-sampaio.jpg\"><img loading=\"lazy\" decoding=\"async\" class=\"size-medium wp-image-19607\" src=\"https:\/\/portalv1.com.br\/app\/wp-content\/uploads\/2014\/11\/marllos-sampaio-300x196.jpg\" alt=\"Deputado federal Marllos Sampaio \" width=\"300\" height=\"196\" srcset=\"https:\/\/portalv1.com.br\/app\/wp-content\/uploads\/2014\/11\/marllos-sampaio-300x196.jpg 300w, https:\/\/portalv1.com.br\/app\/wp-content\/uploads\/2014\/11\/marllos-sampaio.jpg 640w\" sizes=\"auto, (max-width: 300px) 100vw, 300px\" \/><\/a><figcaption id=\"caption-attachment-19607\" class=\"wp-caption-text\">Deputado federal Marllos Sampaio<\/figcaption><\/figure>\n<p>O deputado federal Marllos Sampaio (PMDB) usou a tribuna da C\u00e2mara Federal para fazer uma presta\u00e7\u00e3o de contas do seu mandato em rela\u00e7\u00e3o \u00e0 cidade de Valen\u00e7a do Piau\u00ed. A fala do deputado foi nessa quinta-feira (05) durante o pequeno expediente da sess\u00e3o deliberativa da C\u00e2mara Federal.<\/p>\n<p>O parlamentar enumerou suas a\u00e7\u00f5es em Valen\u00e7a como a constru\u00e7\u00e3o do gin\u00e1sio poliesportivo do Bairro Lavanderia, or\u00e7ado em quase um milh\u00e3o e oitocentos mil reais, maquinas agr\u00edcolas, tr\u00eas academias da sa\u00fade, sendo duas na sede e uma na localidade Isidoria, viaturas para a policia civil e militar, cal\u00e7amento, al\u00e9m do portal da cidade, casa da cultura e pra\u00e7a de eventos na Avenida Stanley Fortes cujos projetos est\u00e3o em fase de conclus\u00e3o.<\/p>\n<p>Marllos Sampaio agradeceu os mais de tr\u00eas mil votos \u00a0obtidos em Valen\u00e7a nas ultimas elei\u00e7\u00f5es e afirmou que seu trabalho e dedica\u00e7\u00e3o por Valen\u00e7a ser\u00e3o permanentes.<\/p>\n<p>Ele tamb\u00e9m citou o processo pol\u00edtico em que vive a cidade, onde o prefeito e a vice-prefeita que \u00e9 sua esposa estao sendo cassados por falhas nas presta\u00e7\u00f5es de contas. Ele afirmou que seu grupo pol\u00edtico que incluiu a presidenta da c\u00e2mara vereadora Ielva Mel\u00e3o que deve assumir a prefeitura com a confirma\u00e7\u00e3o da cassa\u00e7\u00e3o do prefeito nessa sexta-feira (07) est\u00e1 pronto para debater com outros grupos pol\u00edticos um nome vi\u00e1vel que possa acolher o desejo da popula\u00e7\u00e3o. Marllos Sampaio voltou a citar seu interesse \u00a0de mudar seu domicilio eleitoral para a cidade de Valen\u00e7a. O deputado n\u00e3o conseguiu se reeleger no \u00faltimo dia 05 de outubro.<\/p>\n","protected":false},"excerpt":{"rendered":"<p>O deputado federal Marllos Sampaio (PMDB) usou a tribuna da C\u00e2mara Federal para fazer uma presta\u00e7\u00e3o de contas do seu mandato em rela\u00e7\u00e3o \u00e0 cidade de Valen\u00e7a do Piau\u00ed. A&#8230;<\/p>\n","protected":false},"author":1,"featured_media":0,"comment_status":"open","ping_status":"open","sticky":false,"template":"","format":"standard","meta":{"ngg_post_thumbnail":0,"footnotes":""},"categories":[12],"tags":[],"class_list":["post-19606","post","type-post","status-publish","format-standard","hentry","category-valenca-news"],"views":922,"meta_data":{"thumb":"https:\/\/portalv1.com.br\/app\/wp-content\/uploads\/2014\/11\/marllos-sampaio.jpg","data":{"simple":"07\/11\/2014","date_time":"07\/11\/2014 06:28:15","date":"h\u00e1 11 anos"},"chapeu":"Presta\u00e7\u00e3o de contas ","source":"foto_menor"},"_links":{"self":[{"href":"https:\/\/portalv1.com.br\/api\/wp\/v2\/posts\/19606","targetHints":{"allow":["GET"]}}],"collection":[{"href":"https:\/\/portalv1.com.br\/api\/wp\/v2\/posts"}],"about":[{"href":"https:\/\/portalv1.com.br\/api\/wp\/v2\/types\/post"}],"author":[{"embeddable":true,"href":"https:\/\/portalv1.com.br\/api\/wp\/v2\/users\/1"}],"replies":[{"embeddable":true,"href":"https:\/\/portalv1.com.br\/api\/wp\/v2\/comments?post=19606"}],"version-history":[{"count":0,"href":"https:\/\/portalv1.com.br\/api\/wp\/v2\/posts\/19606\/revisions"}],"wp:attachment":[{"href":"https:\/\/portalv1.com.br\/api\/wp\/v2\/media?parent=19606"}],"wp:term":[{"taxonomy":"category","embeddable":true,"href":"https:\/\/portalv1.com.br\/api\/wp\/v2\/categories?post=19606"},{"taxonomy":"post_tag","embeddable":true,"href":"https:\/\/portalv1.com.br\/api\/wp\/v2\/tags?post=19606"}],"curies":[{"name":"wp","href":"https:\/\/api.w.org\/{rel}","templated":true}]}}