{"id":196102,"date":"2024-04-01T16:03:30","date_gmt":"2024-04-01T19:03:30","guid":{"rendered":"https:\/\/portalv1.com.br\/?p=196102"},"modified":"2024-04-01T16:06:44","modified_gmt":"2024-04-01T19:06:44","slug":"aacosvapi-emite-nota-de-repudio-contra-comentarista-politico-em-valenca","status":"publish","type":"post","link":"https:\/\/portalv1.com.br\/aacosvapi-emite-nota-de-repudio-contra-comentarista-politico-em-valenca\/","title":{"rendered":"AACOSVAPI emite Nota de Rep\u00fadio contra comentarista pol\u00edtico em Valen\u00e7a"},"content":{"rendered":"<p>A Associa\u00e7\u00e3o dos Agentes Comunit\u00e1rios de Sa\u00fade de Valen\u00e7a do Piau\u00ed AACOSVAPI, vem ao p\u00fablico manifestar com veem\u00eancia REP\u00daDIO a fala desrespeitosa do Sr. Joaquim de Moraes Rego Filho, que \u00e9 Comentarista do Jornal do Meio Dia na R\u00e1dio Confedera\u00e7\u00e3o FM, o qual concordou e deu \u00eanfase &nbsp;ao coment\u00e1rio da ouvinte Fernanda Lopes, qual seja: \u201cSe o Prefeito n\u00e3o presta, imagine os Agentes de Sa\u00fade\u201d.<\/p>\n<p>O coment\u00e1rio foi desrespeitoso a toda Classe dos Agentes Comunit\u00e1rios de Sa\u00fade- ACS, que presta servi\u00e7o relevante \u00e0 popula\u00e7\u00e3o de Valen\u00e7a do Piau\u00ed_PI, principalmente \u00e0queles mais necessitados de informa\u00e7\u00f5es.<\/p>\n<p>Por fim, a AACOSVAPI se solidariza com todos os ACS os quais fazem um trabalho digno e l\u00edcito no munic\u00edpio e em todo o pa\u00eds. Assim, a AACOSVAPI n\u00e3o poderia se calar diante da viola\u00e7\u00e3o dos direitos conquistados e permitir tais viola\u00e7\u00f5es, pois essa classe merece respeito, como todos os demais profissionais que prestam servi\u00e7os \u00e0 nossa querida popula\u00e7\u00e3o valenciana. AACOSVAPI, atrav\u00e9s desse REP\u00daDIO reafirmamos o nosso compromisso com a popula\u00e7\u00e3o valenciana e pede respeito ao nosso trabalho e aos nossos direitos e garantias constitucionais.&nbsp;<a href=\"https:\/\/portalv1.com.br\/app\/wp-content\/uploads\/2024\/04\/AACOSVAPI.pdf\">acesse aqui<\/a> ou&nbsp;<a href=\"https:\/\/portalv1.com.br\/app\/wp-content\/uploads\/2024\/04\/NOTA-DE-REPUDIO-P.pdf\">aqui<\/a><\/p>\n<p>Maria do Socorro Sousa Lima<\/p>\n<p>AACOSVAPI<\/p>\n","protected":false},"excerpt":{"rendered":"<p>A Associa\u00e7\u00e3o dos Agentes Comunit\u00e1rios de Sa\u00fade de Valen\u00e7a do Piau\u00ed AACOSVAPI, vem ao p\u00fablico manifestar com veem\u00eancia REP\u00daDIO a fala desrespeitosa do Sr. Joaquim de Moraes Rego Filho, que&#8230;<\/p>\n","protected":false},"author":1,"featured_media":196109,"comment_status":"open","ping_status":"open","sticky":false,"template":"","format":"standard","meta":{"ngg_post_thumbnail":0,"footnotes":""},"categories":[243],"tags":[],"class_list":["post-196102","post","type-post","status-publish","format-standard","has-post-thumbnail","hentry","category-geral"],"views":603,"meta_data":{"thumb":"https:\/\/portalv1.com.br\/app\/wp-content\/uploads\/2024\/04\/ACS.jpg","imagem":{"fullsize":{"url":"https:\/\/portalv1.com.br\/app\/wp-content\/uploads\/2024\/04\/ACS.jpg","width":1280,"height":720},"medium":{"url":"https:\/\/portalv1.com.br\/app\/wp-content\/uploads\/2024\/04\/ACS-300x169.jpg","width":300,"height":169},"large":{"url":"https:\/\/portalv1.com.br\/app\/wp-content\/uploads\/2024\/04\/ACS-640x360.jpg","width":640,"height":360},"thumbnail":{"url":"https:\/\/portalv1.com.br\/app\/wp-content\/uploads\/2024\/04\/ACS-100x100.jpg","width":100,"height":100},"medium_large":{"url":"https:\/\/portalv1.com.br\/app\/wp-content\/uploads\/2024\/04\/ACS-768x432.jpg","width":768,"height":432}},"data":{"simple":"01\/04\/2024","date_time":"01\/04\/2024 13:03:30","date":"h\u00e1 2 anos"},"chapeu":"Associa\u00e7\u00e3o dos Agentes Comunit\u00e1rios de Sa\u00fade","source":"slide"},"_links":{"self":[{"href":"https:\/\/portalv1.com.br\/api\/wp\/v2\/posts\/196102","targetHints":{"allow":["GET"]}}],"collection":[{"href":"https:\/\/portalv1.com.br\/api\/wp\/v2\/posts"}],"about":[{"href":"https:\/\/portalv1.com.br\/api\/wp\/v2\/types\/post"}],"author":[{"embeddable":true,"href":"https:\/\/portalv1.com.br\/api\/wp\/v2\/users\/1"}],"replies":[{"embeddable":true,"href":"https:\/\/portalv1.com.br\/api\/wp\/v2\/comments?post=196102"}],"version-history":[{"count":0,"href":"https:\/\/portalv1.com.br\/api\/wp\/v2\/posts\/196102\/revisions"}],"wp:featuredmedia":[{"embeddable":true,"href":"https:\/\/portalv1.com.br\/api\/wp\/v2\/media\/196109"}],"wp:attachment":[{"href":"https:\/\/portalv1.com.br\/api\/wp\/v2\/media?parent=196102"}],"wp:term":[{"taxonomy":"category","embeddable":true,"href":"https:\/\/portalv1.com.br\/api\/wp\/v2\/categories?post=196102"},{"taxonomy":"post_tag","embeddable":true,"href":"https:\/\/portalv1.com.br\/api\/wp\/v2\/tags?post=196102"}],"curies":[{"name":"wp","href":"https:\/\/api.w.org\/{rel}","templated":true}]}}