{"id":19615,"date":"2014-11-07T15:44:35","date_gmt":"2014-11-07T18:44:35","guid":{"rendered":"https:\/\/portalv1.com.br\/?p=19615"},"modified":"2014-11-07T15:51:44","modified_gmt":"2014-11-07T18:51:44","slug":"cidade-verde-destaca-cassacao-em-valenca-do-piaui","status":"publish","type":"post","link":"https:\/\/portalv1.com.br\/cidade-verde-destaca-cassacao-em-valenca-do-piaui\/","title":{"rendered":"Sites estaduais destacam cassa\u00e7\u00e3o em Valen\u00e7a do Piau\u00ed"},"content":{"rendered":"<p>Ap\u00f3s a cassa\u00e7\u00e3o do prefeito Walfredo Filho nesta sexta-feira (07) as especula\u00e7\u00f5es em torno da nova elei\u00e7\u00e3o j\u00e1 come\u00e7ou a v\u00e1rios dias. Nesta sexta o rep\u00f3rter Elivaldo Barbosa em sua coluna Tempo Real destacou o nome do presidente do PMDB Rubens Alencar como candidato com o apoio da vice-governadora eleita Margarete Coelho que \u00e9 ao lado de Rubens Alencar os respons\u00e1veis pelos custo do processo que resultou na cassa\u00e7\u00e3o do prefeito Walfredo Filho. Veja a coluna.<\/p>\n<h1 class=\"post-title\">Oposi\u00e7\u00e3o tem candidato em Valen\u00e7a<\/h1>\n<figure id=\"attachment_19616\" aria-describedby=\"caption-attachment-19616\" style=\"width: 300px\" class=\"wp-caption aligncenter\"><a href=\"https:\/\/portalv1.com.br\/app\/wp-content\/uploads\/2014\/11\/rubens-alencar.jpg\"><img loading=\"lazy\" decoding=\"async\" class=\"wp-image-19616 size-medium\" src=\"https:\/\/portalv1.com.br\/app\/wp-content\/uploads\/2014\/11\/rubens-alencar-300x200.jpg\" alt=\"Rubens Alencar\" width=\"300\" height=\"200\" srcset=\"https:\/\/portalv1.com.br\/app\/wp-content\/uploads\/2014\/11\/rubens-alencar-300x200.jpg 300w, https:\/\/portalv1.com.br\/app\/wp-content\/uploads\/2014\/11\/rubens-alencar.jpg 500w\" sizes=\"auto, (max-width: 300px) 100vw, 300px\" \/><\/a><figcaption id=\"caption-attachment-19616\" class=\"wp-caption-text\">Rubens Alencar<\/figcaption><\/figure>\n<p>O Tribunal Regional Eleitoral confirmou, nesta sexta-feira, 07, a cassa\u00e7\u00e3o do prefeito de Valen\u00e7a do Piau\u00ed, Walfredo Filho (PSB). Recursos \u00e0 parte, o pr\u00f3ximo passo ser\u00e1 a marca\u00e7\u00e3o de novo pleito no munic\u00edpio. A oposi\u00e7\u00e3o j\u00e1 tem coliga\u00e7\u00e3o e candidato a prefeito, com apoio do deputado estadual eleito J\u00falio Arcoverde (PP), deputada federal reeleita Iracema Portella (PP), vice-governadora eleita Margarete Coelho (PP). O pr\u00e9-candidato \u00e9 Rubens Alencar (PMDB), que investir\u00e1 no apoio do governador eleito Wellington Dias (PT).<\/p>\n<p>&nbsp;<\/p>\n<h1><strong>TRE mant\u00e9m cassa\u00e7\u00e3o de diploma do prefeito de Valen\u00e7a Walfredo Val<\/strong><\/h1>\n<p>O Tribunal Regional Eleitoral (TRE-PI) manteve por 3 votos a 2, a decis\u00e3o de 1\u00ba grau da ju\u00edza Keylla Ranyeri Lopes Teixeira Proc\u00f3pio, da 18\u00ba Zona Eleitoral de Valen\u00e7a, que cassou o diploma do Prefeito de Valen\u00e7a, Walfredo Val de Carvalho Filho (PSB) e sua vice, Paula Jeanne. A decis\u00e3o aconteceu na manh\u00e3 desta sexta-feira (07), nos termos do visto do relator, o Desembargador Jos\u00e9 Gonzaga Carneiro, em harmonia com o perecer ministerial.<\/p>\n<p>O prefeito Walfredo Val de Carvalho Filho \u00e9 acusado de presta\u00e7\u00e3o irregular das contas, utiliza\u00e7\u00e3o indevida de recursos arrecadados e aplica\u00e7\u00e3o irregular de gastos no valor de R$ 41.248,24 (Quarenta e um mil, duzentos e quarenta e oito reais e vinte e quatro centavos), desproporcional entre os valores declarados ao que foram gastos, oficialmente, na campanha das elei\u00e7\u00f5es para prefeito no ano de 2012. A irregularidades na presta\u00e7\u00e3o de contas, em face da oculta\u00e7\u00e3o de receitas, configura a pr\u00e1tica de caixa dois.<\/p>\n<p>Al\u00e9m da cassa\u00e7\u00e3o, o prefeito Walfredo Val e a vice Paula Rejane est\u00e3o ineleg\u00edveis por 8 anos, a contar a partir de outubro de 2012. Com a decis\u00e3o, o munic\u00edpio de Valen\u00e7a dever\u00e1 passar por nova elei\u00e7\u00e3o com data ainda a ser definida. Neste caso, o presidente da C\u00e2mara Municipal de Valen\u00e7a deve assumir a chefia do munic\u00edpio.<\/p>\n<p>Fonte: GP1<\/p>\n<p>&nbsp;<\/p>\n<p>&nbsp;<\/p>\n","protected":false},"excerpt":{"rendered":"<p>Ap\u00f3s a cassa\u00e7\u00e3o do prefeito Walfredo Filho nesta sexta-feira (07) as especula\u00e7\u00f5es em torno da nova elei\u00e7\u00e3o j\u00e1 come\u00e7ou a v\u00e1rios dias. Nesta sexta o rep\u00f3rter Elivaldo Barbosa em sua&#8230;<\/p>\n","protected":false},"author":1,"featured_media":0,"comment_status":"open","ping_status":"open","sticky":false,"template":"","format":"standard","meta":{"ngg_post_thumbnail":0,"footnotes":""},"categories":[12],"tags":[],"class_list":["post-19615","post","type-post","status-publish","format-standard","hentry","category-valenca-news"],"views":2312,"meta_data":{"thumb":null,"imagem":{"fullsize":{"url":"https:\/\/portalv1.com.br\/app\/wp-content\/uploads\/2014\/11\/rubens-alencar.jpg","width":500,"height":334},"thumbnail":{"url":"https:\/\/portalv1.com.br\/app\/wp-content\/uploads\/2014\/11\/rubens-alencar-100x100.jpg","width":100,"height":100},"medium":{"url":"https:\/\/portalv1.com.br\/app\/wp-content\/uploads\/2014\/11\/rubens-alencar-300x200.jpg","width":300,"height":200}},"data":{"simple":"07\/11\/2014","date_time":"07\/11\/2014 12:44:35","date":"h\u00e1 11 anos"},"chapeu":"Repercuss\u00e3o ","source":"m_destacada"},"_links":{"self":[{"href":"https:\/\/portalv1.com.br\/api\/wp\/v2\/posts\/19615","targetHints":{"allow":["GET"]}}],"collection":[{"href":"https:\/\/portalv1.com.br\/api\/wp\/v2\/posts"}],"about":[{"href":"https:\/\/portalv1.com.br\/api\/wp\/v2\/types\/post"}],"author":[{"embeddable":true,"href":"https:\/\/portalv1.com.br\/api\/wp\/v2\/users\/1"}],"replies":[{"embeddable":true,"href":"https:\/\/portalv1.com.br\/api\/wp\/v2\/comments?post=19615"}],"version-history":[{"count":0,"href":"https:\/\/portalv1.com.br\/api\/wp\/v2\/posts\/19615\/revisions"}],"wp:attachment":[{"href":"https:\/\/portalv1.com.br\/api\/wp\/v2\/media?parent=19615"}],"wp:term":[{"taxonomy":"category","embeddable":true,"href":"https:\/\/portalv1.com.br\/api\/wp\/v2\/categories?post=19615"},{"taxonomy":"post_tag","embeddable":true,"href":"https:\/\/portalv1.com.br\/api\/wp\/v2\/tags?post=19615"}],"curies":[{"name":"wp","href":"https:\/\/api.w.org\/{rel}","templated":true}]}}