{"id":19661,"date":"2014-11-13T16:42:59","date_gmt":"2014-11-13T19:42:59","guid":{"rendered":"https:\/\/portalv1.com.br\/?p=19661"},"modified":"2014-11-17T09:41:44","modified_gmt":"2014-11-17T12:41:44","slug":"18a-zona-eleitoral-passara-por-correicao-ordinaria-anual","status":"publish","type":"post","link":"https:\/\/portalv1.com.br\/18a-zona-eleitoral-passara-por-correicao-ordinaria-anual\/","title":{"rendered":"18\u00aa Zona Eleitoral passar\u00e1 por Correi\u00e7\u00e3o Ordin\u00e1ria Anual"},"content":{"rendered":"<figure id=\"attachment_19662\" aria-describedby=\"caption-attachment-19662\" style=\"width: 300px\" class=\"wp-caption alignright\"><a href=\"https:\/\/portalv1.com.br\/app\/wp-content\/uploads\/2014\/11\/cartorioeleitoral.jpg\"><img loading=\"lazy\" decoding=\"async\" class=\"size-full wp-image-19662\" src=\"https:\/\/portalv1.com.br\/app\/wp-content\/uploads\/2014\/11\/cartorioeleitoral.jpg\" alt=\"Cart\u00f3rio Eleitoral \" width=\"300\" height=\"225\" \/><\/a><figcaption id=\"caption-attachment-19662\" class=\"wp-caption-text\">Cart\u00f3rio Eleitoral<\/figcaption><\/figure>\n<p>A 18\u00aa Zona Eleitoral (Valen\u00e7a, Novo Oriente e Lagoa do Sitio) ir\u00e1 passar por Correi\u00e7\u00e3o Ordin\u00e1ria Anual o Edital 063\/2014 foi publicado no Di\u00e1rio Eletr\u00f4nico da Justi\u00e7a Eleitoral nessa quinta-feira 13 de novembro. A correi\u00e7\u00e3o ter\u00e1 inicio as 08h do dia 02 de dezembro com termino previsto para o dia 18 de dezembro de 2014.<\/p>\n<p>O convite \u00e9 estendido para os representantes dos partidos pol\u00edticos integrantes da 18\u00aa Zona Eleitoral e a sociedade em geral. Os trabalhos de correi\u00e7\u00e3o ir\u00e3o se concentrar na sede do Cart\u00f3rio Eleitoral situado na Rua C\u00edcero Portela, n\u00ba 537, no centro de Valen\u00e7a do Piau\u00ed.<\/p>\n<p>A Correi\u00e7\u00e3o Ordin\u00e1ria Anual tem a finalidade de aferir a regularidade do funcionamento do cart\u00f3rio e de seus servi\u00e7os, da situa\u00e7\u00e3o da respectiva Escrivania Eleitoral e seus auxiliares e verificar\u00e1 todos os processos, pap\u00e9is, documentos e livros, bem como o cumprimento de todos os prazos processuais e demais atos atinentes \u00e0 regularidade dos processos e documentos do Cart\u00f3rio Eleitoral.<\/p>\n","protected":false},"excerpt":{"rendered":"<p>A 18\u00aa Zona Eleitoral (Valen\u00e7a, Novo Oriente e Lagoa do Sitio) ir\u00e1 passar por Correi\u00e7\u00e3o Ordin\u00e1ria Anual o Edital 063\/2014 foi publicado no Di\u00e1rio Eletr\u00f4nico da Justi\u00e7a Eleitoral nessa quinta-feira&#8230;<\/p>\n","protected":false},"author":1,"featured_media":0,"comment_status":"open","ping_status":"open","sticky":false,"template":"","format":"standard","meta":{"ngg_post_thumbnail":0,"footnotes":""},"categories":[12],"tags":[],"class_list":["post-19661","post","type-post","status-publish","format-standard","hentry","category-valenca-news"],"views":608,"meta_data":{"thumb":"https:\/\/portalv1.com.br\/app\/wp-content\/uploads\/2014\/11\/cartorioeleitoral.jpg","data":{"simple":"13\/11\/2014","date_time":"13\/11\/2014 13:42:59","date":"h\u00e1 11 anos"},"chapeu":"Correi\u00e7\u00e3o ","source":"foto_menor"},"_links":{"self":[{"href":"https:\/\/portalv1.com.br\/api\/wp\/v2\/posts\/19661","targetHints":{"allow":["GET"]}}],"collection":[{"href":"https:\/\/portalv1.com.br\/api\/wp\/v2\/posts"}],"about":[{"href":"https:\/\/portalv1.com.br\/api\/wp\/v2\/types\/post"}],"author":[{"embeddable":true,"href":"https:\/\/portalv1.com.br\/api\/wp\/v2\/users\/1"}],"replies":[{"embeddable":true,"href":"https:\/\/portalv1.com.br\/api\/wp\/v2\/comments?post=19661"}],"version-history":[{"count":0,"href":"https:\/\/portalv1.com.br\/api\/wp\/v2\/posts\/19661\/revisions"}],"wp:attachment":[{"href":"https:\/\/portalv1.com.br\/api\/wp\/v2\/media?parent=19661"}],"wp:term":[{"taxonomy":"category","embeddable":true,"href":"https:\/\/portalv1.com.br\/api\/wp\/v2\/categories?post=19661"},{"taxonomy":"post_tag","embeddable":true,"href":"https:\/\/portalv1.com.br\/api\/wp\/v2\/tags?post=19661"}],"curies":[{"name":"wp","href":"https:\/\/api.w.org\/{rel}","templated":true}]}}