{"id":196738,"date":"2024-04-05T23:32:01","date_gmt":"2024-04-06T02:32:01","guid":{"rendered":"https:\/\/portalv1.com.br\/?p=196738"},"modified":"2024-04-05T23:32:01","modified_gmt":"2024-04-06T02:32:01","slug":"pge-pi-espera-que-laudo-do-exercito-colabore-com-decisao-sobre-litigio-a-favor-do-piaui","status":"publish","type":"post","link":"https:\/\/portalv1.com.br\/pge-pi-espera-que-laudo-do-exercito-colabore-com-decisao-sobre-litigio-a-favor-do-piaui\/","title":{"rendered":"PGE-PI espera que laudo do Ex\u00e9rcito colabore com decis\u00e3o sobre lit\u00edgio a favor do Piau\u00ed"},"content":{"rendered":"<p>A decis\u00e3o sobre as divisas entre Piau\u00ed e Cear\u00e1 parece se aproximar cada vez mais. A A\u00e7\u00e3o Civil Ordin\u00e1ria n\u00b01831\/2011, ajuizada pelo Piau\u00ed, ainda no governo de Wilson Martins, visa declarar como linha divis\u00f3ria entre os estados os marcos naturais da regi\u00e3o, especialmente a Serra da Ibiapaba, conforme Decreto Imperial n\u00b03012\/1880 e Conv\u00eanio Arbitral, de 1\u00b0 de julho de 1920.<\/p>\n<p>A disputa envolve cerca de 3.000km\u00b2, dividida em tr\u00eas regi\u00f5es, que abrangem sete munic\u00edpios piauienses e 14 cearenses e objetiva a prote\u00e7\u00e3o do territ\u00f3rio piauiense contra avan\u00e7os do Estado vizinho.<\/p>\n<p>Para a Procuradoria-Geral do Estado (PGE-PI), a decis\u00e3o deve se apoiar em dois fatos importantes e que devem ser os principais motivos para que a decis\u00e3o seja favor\u00e1vel ao Piau\u00ed.<\/p>\n<p>\u201cTemos como embasamento nesta a\u00e7\u00e3o dois textos normativos. O primeiro \u00e9 o Decreto Imperial (1880), que coloca a Serra da Ibiapaba como divisor das \u00e1reas entre os estados, e tamb\u00e9m uma conven\u00e7\u00e3o arbitral que foi realizada 40 anos depois do Decreto, fixando uma linha entre os dois Estados. Estes s\u00e3o os dois argumentos fundamentais que o Estado do Piau\u00ed colocou nesta A\u00e7\u00e3o\u201d, explicou o Procurador L\u00edvio Bonfim, chefe da Procuradoria do Patrim\u00f4nio Imobili\u00e1rio.<\/p>\n<p>Ao fim de 2023, a ministra do Supremo Tribunal Federal (STF), C\u00e1rmen L\u00facia, relatora do processo, solicitou ao Ex\u00e9rcito Brasileiro uma per\u00edcia na \u00e1rea em quest\u00e3o para a elabora\u00e7\u00e3o de um laudo. A apresenta\u00e7\u00e3o desse relat\u00f3rio pericial deve ser feita em maio de 2024 e a PGE-PI mostra boas expectativas em rela\u00e7\u00e3o a esse resultado.<\/p>\n<p>\u201cA expectativa \u00e9 que o laudo do Ex\u00e9rcito corrobore o decreto e o conv\u00eanio arbitral que foram celebrados entre os dois Estados, a fim de que tenhamos uma defini\u00e7\u00e3o geogr\u00e1fica, e assim possamos estabelecer seguran\u00e7a jur\u00eddica para investimentos naquela regi\u00e3o\u201d, completou o procurador L\u00edvio Bonfim.<\/p>\n<p>Ao todo, o territ\u00f3rio em lit\u00edgio abrange 14 munic\u00edpios do Cear\u00e1. Caso a decis\u00e3o seja favor\u00e1vel ao Piau\u00ed, toda essa \u00e1rea ser\u00e1 devolvida a oito munic\u00edpios piauienses. Para o Procurador-Geral do Estado, Pierot J\u00fanior, a a\u00e7\u00e3o movida em 2011 \u00e9 apenas uma quest\u00e3o reparadora e de justi\u00e7a para o Piau\u00ed.<\/p>\n<p>\u201c\u00c9 oportuno esclarecer que o estado do Piau\u00ed n\u00e3o busca retirar nada de ningu\u00e9m. Queremos apenas reaver com seguran\u00e7a jur\u00eddica aquilo que sempre foi nosso por direito. Tudo est\u00e1 documentado na Hist\u00f3ria, e \u00e9 com esse argumento, al\u00e9m do laudo t\u00e9cnico exigido pelo STF, que estaremos assessorando o Piau\u00ed nesse processo para que a decis\u00e3o seja favor\u00e1vel ao nosso Estado\u201d, finalizou o Procurador-Geral.<\/p>\n<p><a href=\"https:\/\/portalv1.com.br\/app\/wp-content\/uploads\/2024\/04\/divisa.png\"><img loading=\"lazy\" decoding=\"async\" class=\"aligncenter size-large wp-image-196739\" src=\"https:\/\/portalv1.com.br\/app\/wp-content\/uploads\/2024\/04\/divisa-640x356.png\" alt=\"\" width=\"600\" height=\"334\" srcset=\"https:\/\/portalv1.com.br\/app\/wp-content\/uploads\/2024\/04\/divisa-640x356.png 640w, https:\/\/portalv1.com.br\/app\/wp-content\/uploads\/2024\/04\/divisa-300x167.png 300w, https:\/\/portalv1.com.br\/app\/wp-content\/uploads\/2024\/04\/divisa.png 750w\" sizes=\"auto, (max-width: 600px) 100vw, 600px\" \/><\/a><\/p>\n","protected":false},"excerpt":{"rendered":"<p>A decis\u00e3o sobre as divisas entre Piau\u00ed e Cear\u00e1 parece se aproximar cada vez mais. A A\u00e7\u00e3o Civil Ordin\u00e1ria n\u00b01831\/2011, ajuizada pelo Piau\u00ed, ainda no governo de Wilson Martins, visa&#8230;<\/p>\n","protected":false},"author":1,"featured_media":196739,"comment_status":"open","ping_status":"open","sticky":false,"template":"","format":"standard","meta":{"ngg_post_thumbnail":0,"footnotes":""},"categories":[243],"tags":[],"class_list":["post-196738","post","type-post","status-publish","format-standard","has-post-thumbnail","hentry","category-geral"],"views":618,"meta_data":{"thumb":"https:\/\/portalv1.com.br\/app\/wp-content\/uploads\/2024\/04\/divisa.png","imagem":{"fullsize":{"url":"https:\/\/portalv1.com.br\/app\/wp-content\/uploads\/2024\/04\/divisa.png","width":750,"height":417},"medium":{"url":"https:\/\/portalv1.com.br\/app\/wp-content\/uploads\/2024\/04\/divisa-300x167.png","width":300,"height":167},"large":{"url":"https:\/\/portalv1.com.br\/app\/wp-content\/uploads\/2024\/04\/divisa-640x356.png","width":640,"height":356},"thumbnail":{"url":"https:\/\/portalv1.com.br\/app\/wp-content\/uploads\/2024\/04\/divisa-100x100.png","width":100,"height":100}},"data":{"simple":"05\/04\/2024","date_time":"05\/04\/2024 20:32:01","date":"h\u00e1 2 anos"},"chapeu":"Veja detalhes ","source":"slide"},"_links":{"self":[{"href":"https:\/\/portalv1.com.br\/api\/wp\/v2\/posts\/196738","targetHints":{"allow":["GET"]}}],"collection":[{"href":"https:\/\/portalv1.com.br\/api\/wp\/v2\/posts"}],"about":[{"href":"https:\/\/portalv1.com.br\/api\/wp\/v2\/types\/post"}],"author":[{"embeddable":true,"href":"https:\/\/portalv1.com.br\/api\/wp\/v2\/users\/1"}],"replies":[{"embeddable":true,"href":"https:\/\/portalv1.com.br\/api\/wp\/v2\/comments?post=196738"}],"version-history":[{"count":0,"href":"https:\/\/portalv1.com.br\/api\/wp\/v2\/posts\/196738\/revisions"}],"wp:featuredmedia":[{"embeddable":true,"href":"https:\/\/portalv1.com.br\/api\/wp\/v2\/media\/196739"}],"wp:attachment":[{"href":"https:\/\/portalv1.com.br\/api\/wp\/v2\/media?parent=196738"}],"wp:term":[{"taxonomy":"category","embeddable":true,"href":"https:\/\/portalv1.com.br\/api\/wp\/v2\/categories?post=196738"},{"taxonomy":"post_tag","embeddable":true,"href":"https:\/\/portalv1.com.br\/api\/wp\/v2\/tags?post=196738"}],"curies":[{"name":"wp","href":"https:\/\/api.w.org\/{rel}","templated":true}]}}