{"id":196746,"date":"2024-04-06T13:30:20","date_gmt":"2024-04-06T16:30:20","guid":{"rendered":"https:\/\/portalv1.com.br\/?p=196746"},"modified":"2024-04-06T13:30:20","modified_gmt":"2024-04-06T16:30:20","slug":"ailton-krenak-toma-posse-como-primeiro-indigena-na-academia-brasileira-de-letras","status":"publish","type":"post","link":"https:\/\/portalv1.com.br\/ailton-krenak-toma-posse-como-primeiro-indigena-na-academia-brasileira-de-letras\/","title":{"rendered":"Ailton Krenak toma posse como primeiro ind\u00edgena na Academia Brasileira de Letras"},"content":{"rendered":"<p>Em cerim\u00f4nia realizada ontem (5) na sede da Academia Brasileira de Letras (ABL), o escritor, fil\u00f3sofo e ativista ambiental Ailton Krenak foi empossado como membro da institui\u00e7\u00e3o, tornando-se o primeiro ind\u00edgena a ocupar uma cadeira na ABL. Aos 73 anos de idade, Krenak assume a cadeira de n\u00famero 5, que antes pertencia ao historiador Jos\u00e9 Murilo de Carvalho, falecido em agosto de 2023.<\/p>\n<p>A posse de Krenak na ABL representa um marco significativo na hist\u00f3ria liter\u00e1ria do Brasil, simbolizando uma mudan\u00e7a na rela\u00e7\u00e3o da academia com os povos origin\u00e1rios do pa\u00eds. Durante seu discurso de posse, Krenak destacou a import\u00e2ncia de trazer as l\u00ednguas e culturas ind\u00edgenas para o centro das discuss\u00f5es liter\u00e1rias e promover a diversidade \u00e9tnica e cultural do Brasil.<\/p>\n<p>A cerim\u00f4nia contou com a presen\u00e7a de autoridades governamentais, l\u00edderes ind\u00edgenas e membros da sociedade civil, que prestigiaram esse momento hist\u00f3rico. Krenak, que \u00e9 mineiro de Itabirinha, tem uma longa trajet\u00f3ria como defensor dos direitos ind\u00edgenas e ambientais, e sua posse na ABL representa um reconhecimento significativo de sua contribui\u00e7\u00e3o para a cultura e a sociedade brasileira.<\/p>\n<p>Com sua nomea\u00e7\u00e3o, Krenak espera promover um di\u00e1logo mais inclusivo e diversificado dentro da academia, abrindo espa\u00e7o para vozes e perspectivas at\u00e9 ent\u00e3o pouco representadas na literatura brasileira. <a href=\"https:\/\/portalv1.com.br\/app\/wp-content\/uploads\/2024\/04\/rt.jpg\"><img loading=\"lazy\" decoding=\"async\" class=\"aligncenter size-large wp-image-196747\" src=\"https:\/\/portalv1.com.br\/app\/wp-content\/uploads\/2024\/04\/rt-640x307.jpg\" alt=\"\" width=\"600\" height=\"288\" srcset=\"https:\/\/portalv1.com.br\/app\/wp-content\/uploads\/2024\/04\/rt-640x307.jpg 640w, https:\/\/portalv1.com.br\/app\/wp-content\/uploads\/2024\/04\/rt-300x144.jpg 300w, https:\/\/portalv1.com.br\/app\/wp-content\/uploads\/2024\/04\/rt-768x369.jpg 768w, https:\/\/portalv1.com.br\/app\/wp-content\/uploads\/2024\/04\/rt.jpg 1250w\" sizes=\"auto, (max-width: 600px) 100vw, 600px\" \/><\/a><\/p>\n<p>Fonte:&nbsp;<em>Com informa\u00e7\u00f5es do Correio Braziliense<\/em><\/p>\n","protected":false},"excerpt":{"rendered":"<p>Em cerim\u00f4nia realizada ontem (5) na sede da Academia Brasileira de Letras (ABL), o escritor, fil\u00f3sofo e ativista ambiental Ailton Krenak foi empossado como membro da institui\u00e7\u00e3o, tornando-se o primeiro&#8230;<\/p>\n","protected":false},"author":1,"featured_media":196747,"comment_status":"open","ping_status":"open","sticky":false,"template":"","format":"standard","meta":{"ngg_post_thumbnail":0,"footnotes":""},"categories":[243],"tags":[],"class_list":["post-196746","post","type-post","status-publish","format-standard","has-post-thumbnail","hentry","category-geral"],"views":90,"meta_data":{"thumb":"https:\/\/portalv1.com.br\/app\/wp-content\/uploads\/2024\/04\/rt.jpg","imagem":{"fullsize":{"url":"https:\/\/portalv1.com.br\/app\/wp-content\/uploads\/2024\/04\/rt.jpg","width":1250,"height":600},"medium":{"url":"https:\/\/portalv1.com.br\/app\/wp-content\/uploads\/2024\/04\/rt-300x144.jpg","width":300,"height":144},"large":{"url":"https:\/\/portalv1.com.br\/app\/wp-content\/uploads\/2024\/04\/rt-640x307.jpg","width":640,"height":307},"thumbnail":{"url":"https:\/\/portalv1.com.br\/app\/wp-content\/uploads\/2024\/04\/rt-100x100.jpg","width":100,"height":100},"medium_large":{"url":"https:\/\/portalv1.com.br\/app\/wp-content\/uploads\/2024\/04\/rt-768x369.jpg","width":768,"height":369}},"data":{"simple":"06\/04\/2024","date_time":"06\/04\/2024 10:30:20","date":"h\u00e1 2 anos"},"chapeu":"Veja detalhes ","source":"m_destacada"},"_links":{"self":[{"href":"https:\/\/portalv1.com.br\/api\/wp\/v2\/posts\/196746","targetHints":{"allow":["GET"]}}],"collection":[{"href":"https:\/\/portalv1.com.br\/api\/wp\/v2\/posts"}],"about":[{"href":"https:\/\/portalv1.com.br\/api\/wp\/v2\/types\/post"}],"author":[{"embeddable":true,"href":"https:\/\/portalv1.com.br\/api\/wp\/v2\/users\/1"}],"replies":[{"embeddable":true,"href":"https:\/\/portalv1.com.br\/api\/wp\/v2\/comments?post=196746"}],"version-history":[{"count":0,"href":"https:\/\/portalv1.com.br\/api\/wp\/v2\/posts\/196746\/revisions"}],"wp:featuredmedia":[{"embeddable":true,"href":"https:\/\/portalv1.com.br\/api\/wp\/v2\/media\/196747"}],"wp:attachment":[{"href":"https:\/\/portalv1.com.br\/api\/wp\/v2\/media?parent=196746"}],"wp:term":[{"taxonomy":"category","embeddable":true,"href":"https:\/\/portalv1.com.br\/api\/wp\/v2\/categories?post=196746"},{"taxonomy":"post_tag","embeddable":true,"href":"https:\/\/portalv1.com.br\/api\/wp\/v2\/tags?post=196746"}],"curies":[{"name":"wp","href":"https:\/\/api.w.org\/{rel}","templated":true}]}}