{"id":19677,"date":"2014-11-17T09:40:41","date_gmt":"2014-11-17T12:40:41","guid":{"rendered":"https:\/\/portalv1.com.br\/?p=19677"},"modified":"2014-11-19T16:35:18","modified_gmt":"2014-11-19T19:35:18","slug":"prefeito-walfredo-filho-volta-atras-e-revoga-diminuicao-de-seu-subsidio","status":"publish","type":"post","link":"https:\/\/portalv1.com.br\/prefeito-walfredo-filho-volta-atras-e-revoga-diminuicao-de-seu-subsidio\/","title":{"rendered":"Prefeito Walfredo Filho volta atr\u00e1s e revoga diminui\u00e7\u00e3o de seu subsidio"},"content":{"rendered":"<figure id=\"attachment_18231\" aria-describedby=\"caption-attachment-18231\" style=\"width: 300px\" class=\"wp-caption alignright\"><a href=\"https:\/\/portalv1.com.br\/app\/wp-content\/uploads\/2014\/05\/prefeito-walfredo-filho.jpg\"><img loading=\"lazy\" decoding=\"async\" class=\"wp-image-18231 size-medium\" src=\"https:\/\/portalv1.com.br\/app\/wp-content\/uploads\/2014\/05\/prefeito-walfredo-filho-300x225.jpg\" alt=\"Prefeito Walfredo Filho\" width=\"300\" height=\"225\" srcset=\"https:\/\/portalv1.com.br\/app\/wp-content\/uploads\/2014\/05\/prefeito-walfredo-filho-300x225.jpg 300w, https:\/\/portalv1.com.br\/app\/wp-content\/uploads\/2014\/05\/prefeito-walfredo-filho.jpg 400w\" sizes=\"auto, (max-width: 300px) 100vw, 300px\" \/><\/a><figcaption id=\"caption-attachment-18231\" class=\"wp-caption-text\">Prefeito Walfredo Filho<\/figcaption><\/figure>\n<p>O prefeito Walfredo Filho baixou o Decreto n\u00ba 51 modificando em partes o Decreto n\u00ba 39 de julho de 2014, que reduzia os gastos em secretarias e \u00f3rg\u00e3os municipais, al\u00e9m da diminuir em 20% os subs\u00eddios do prefeito, vice-prefeita e secret\u00e1rios municipais.<\/p>\n<p>Pelo Decreto 51, as medidas de redu\u00e7\u00e3o de despesas com pessoal foram mantidas mais a redu\u00e7\u00e3o dos subs\u00eddios foi revogada a partir de 01 de novembro, com isso o prefeito, vice-prefeita e secret\u00e1rios voltam a receber seus subs\u00eddios integrais a partir de dezembro.<\/p>\n","protected":false},"excerpt":{"rendered":"<p>O prefeito Walfredo Filho baixou o Decreto n\u00ba 51 modificando em partes o Decreto n\u00ba 39 de julho de 2014, que reduzia os gastos em secretarias e \u00f3rg\u00e3os municipais, al\u00e9m&#8230;<\/p>\n","protected":false},"author":1,"featured_media":0,"comment_status":"open","ping_status":"open","sticky":false,"template":"","format":"standard","meta":{"ngg_post_thumbnail":0,"footnotes":""},"categories":[12],"tags":[],"class_list":["post-19677","post","type-post","status-publish","format-standard","hentry","category-valenca-news"],"views":1408,"meta_data":{"thumb":"https:\/\/portalv1.com.br\/app\/wp-content\/uploads\/2014\/05\/prefeito-walfredo-filho.jpg","data":{"simple":"17\/11\/2014","date_time":"17\/11\/2014 06:40:41","date":"h\u00e1 11 anos"},"chapeu":"20%","source":"foto_menor"},"_links":{"self":[{"href":"https:\/\/portalv1.com.br\/api\/wp\/v2\/posts\/19677","targetHints":{"allow":["GET"]}}],"collection":[{"href":"https:\/\/portalv1.com.br\/api\/wp\/v2\/posts"}],"about":[{"href":"https:\/\/portalv1.com.br\/api\/wp\/v2\/types\/post"}],"author":[{"embeddable":true,"href":"https:\/\/portalv1.com.br\/api\/wp\/v2\/users\/1"}],"replies":[{"embeddable":true,"href":"https:\/\/portalv1.com.br\/api\/wp\/v2\/comments?post=19677"}],"version-history":[{"count":0,"href":"https:\/\/portalv1.com.br\/api\/wp\/v2\/posts\/19677\/revisions"}],"wp:attachment":[{"href":"https:\/\/portalv1.com.br\/api\/wp\/v2\/media?parent=19677"}],"wp:term":[{"taxonomy":"category","embeddable":true,"href":"https:\/\/portalv1.com.br\/api\/wp\/v2\/categories?post=19677"},{"taxonomy":"post_tag","embeddable":true,"href":"https:\/\/portalv1.com.br\/api\/wp\/v2\/tags?post=19677"}],"curies":[{"name":"wp","href":"https:\/\/api.w.org\/{rel}","templated":true}]}}