{"id":197058,"date":"2024-04-08T07:36:20","date_gmt":"2024-04-08T10:36:20","guid":{"rendered":"https:\/\/portalv1.com.br\/?p=197058"},"modified":"2024-04-08T08:52:29","modified_gmt":"2024-04-08T11:52:29","slug":"ex-vereador-marcelo-silva-fala-sobre-a-decisao-de-apoiar-a-reeleicao-de-savio-moura","status":"publish","type":"post","link":"https:\/\/portalv1.com.br\/ex-vereador-marcelo-silva-fala-sobre-a-decisao-de-apoiar-a-reeleicao-de-savio-moura\/","title":{"rendered":"Ex-vereador Marcelo Silva fala sobre a decis\u00e3o de apoiar a reelei\u00e7\u00e3o de S\u00e1vio Moura"},"content":{"rendered":"<p>Uma das ades\u00f5es mais aplaudidas do Ato de Filia\u00e7\u00e3o realizada pelo PP e MDB, em Lagoa do S\u00edtio, na \u00faltima quarta-feira (3), foi a do ex-presidente da C\u00e2mara e vereador por seis mandatos Marcelo Silva. Na elei\u00e7\u00e3o de 2020 ele foi candidato a vice-prefeito pela oposi\u00e7\u00e3o representando O Partido dos Trabalhadores. Neste domingo (7), em conversa com o Portal V1, ele falou dos motivos de apoiar a reelei\u00e7\u00e3o do prefeito S\u00e1vio Moura.<\/p>\n<p>\u201cA minha decis\u00e3o de sair da oposi\u00e7\u00e3o e apoiar o S\u00e1vio se d\u00e1 por ver uma boa administra\u00e7\u00e3o em todo o munic\u00edpio e ap\u00f3s consultar alguns amigos no munic\u00edpio percebi que eles comungavam com os meus pensamentos\u201d, disse o ex-vereador, que tamb\u00e9m afirmou.<\/p>\n<p>\u201cPude observar que o prefeito \u00e9 talvez um dos mais queridos dentre os que j\u00e1 passaram pela gest\u00e3o, e sem sombra de d\u00favida ele alavancou uma s\u00e9rie de benfeitorias no munic\u00edpio seja na educa\u00e7\u00e3o, sa\u00fade e principalmente na infraestrutura do munic\u00edpio\u201d, observou Marcelo Silva, que disse do momento decisivo de apoiar a pr\u00e9-candidatura do prefeito S\u00e1vio.<\/p>\n<p>\u201cUm dos acontecimentos marcantes para mim foram as in\u00fameras inaugura\u00e7\u00f5es de obras, poliesportivas na Pinicada e o est\u00e1dio de futebol na sede do munic\u00edpio e os in\u00fameros cal\u00e7amentos feito na zona rural e na sede\u201d, apontou. O respeito do prefeito por seus advers\u00e1rios pol\u00edticos tamb\u00e9m foi lembrado pelo ex-vereador.&nbsp;<\/p>\n<p>\u201cUma caracter\u00edstica marcante da administra\u00e7\u00e3o do prefeito S\u00e1vio \u00e9 que n\u00e3o faz e n\u00e3o deixa os correligion\u00e1rios perseguirem a ningu\u00e9m politicamente por n\u00e3o terem votado nele da\u00ed as in\u00fameras ades\u00f5es da oposi\u00e7\u00e3o para o seu grupo pol\u00edtico\u201d, afirmou Marcelo Silva, que apesar da filia\u00e7\u00e3o, confirmou que n\u00e3o ser\u00e1 candidato.<\/p>\n<p>\u201cN\u00e3o colocarei o meu nome este ano para disputar uma vaga no legislativo, entendo que ap\u00f3s os seis mandatos j\u00e1 \u00e9 hora de d\u00e1 uma pausa, mas com a certeza de ainda poder continuar na pol\u00edtica\u201d, concluiu.<\/p>\n<p>Na foto ele aparece ladeado pelo prefeito S\u00e1vio Moura, pelo deputado federal Atila Filho e pelo presidente do Progressistas Joel Rodrigues.<\/p>\n<p><a href=\"https:\/\/portalv1.com.br\/app\/wp-content\/uploads\/2024\/04\/marcelo-silva.jpg\"><img loading=\"lazy\" decoding=\"async\" class=\"aligncenter size-large wp-image-197117\" src=\"https:\/\/portalv1.com.br\/app\/wp-content\/uploads\/2024\/04\/marcelo-silva-640x360.jpg\" alt=\"\" width=\"600\" height=\"338\" srcset=\"https:\/\/portalv1.com.br\/app\/wp-content\/uploads\/2024\/04\/marcelo-silva-640x360.jpg 640w, https:\/\/portalv1.com.br\/app\/wp-content\/uploads\/2024\/04\/marcelo-silva-300x169.jpg 300w, https:\/\/portalv1.com.br\/app\/wp-content\/uploads\/2024\/04\/marcelo-silva-768x432.jpg 768w, https:\/\/portalv1.com.br\/app\/wp-content\/uploads\/2024\/04\/marcelo-silva.jpg 1280w\" sizes=\"auto, (max-width: 600px) 100vw, 600px\" \/><\/a><\/p>\n<p>&nbsp;<\/p>\n","protected":false},"excerpt":{"rendered":"<p>Uma das ades\u00f5es mais aplaudidas do Ato de Filia\u00e7\u00e3o realizada pelo PP e MDB, em Lagoa do S\u00edtio, na \u00faltima quarta-feira (3), foi a do ex-presidente da C\u00e2mara e vereador&#8230;<\/p>\n","protected":false},"author":1,"featured_media":197117,"comment_status":"open","ping_status":"open","sticky":false,"template":"","format":"standard","meta":{"ngg_post_thumbnail":0,"footnotes":""},"categories":[243],"tags":[],"class_list":["post-197058","post","type-post","status-publish","format-standard","has-post-thumbnail","hentry","category-geral"],"views":450,"meta_data":{"thumb":"https:\/\/portalv1.com.br\/app\/wp-content\/uploads\/2024\/04\/marcelo-silva.jpg","imagem":{"fullsize":{"url":"https:\/\/portalv1.com.br\/app\/wp-content\/uploads\/2024\/04\/marcelo-silva.jpg","width":1280,"height":720},"medium":{"url":"https:\/\/portalv1.com.br\/app\/wp-content\/uploads\/2024\/04\/marcelo-silva-300x169.jpg","width":300,"height":169},"large":{"url":"https:\/\/portalv1.com.br\/app\/wp-content\/uploads\/2024\/04\/marcelo-silva-640x360.jpg","width":640,"height":360},"thumbnail":{"url":"https:\/\/portalv1.com.br\/app\/wp-content\/uploads\/2024\/04\/marcelo-silva-100x100.jpg","width":100,"height":100},"medium_large":{"url":"https:\/\/portalv1.com.br\/app\/wp-content\/uploads\/2024\/04\/marcelo-silva-768x432.jpg","width":768,"height":432}},"data":{"simple":"08\/04\/2024","date_time":"08\/04\/2024 04:36:20","date":"h\u00e1 2 anos"},"chapeu":"Elei\u00e7\u00f5es 2024","source":"slide"},"_links":{"self":[{"href":"https:\/\/portalv1.com.br\/api\/wp\/v2\/posts\/197058","targetHints":{"allow":["GET"]}}],"collection":[{"href":"https:\/\/portalv1.com.br\/api\/wp\/v2\/posts"}],"about":[{"href":"https:\/\/portalv1.com.br\/api\/wp\/v2\/types\/post"}],"author":[{"embeddable":true,"href":"https:\/\/portalv1.com.br\/api\/wp\/v2\/users\/1"}],"replies":[{"embeddable":true,"href":"https:\/\/portalv1.com.br\/api\/wp\/v2\/comments?post=197058"}],"version-history":[{"count":0,"href":"https:\/\/portalv1.com.br\/api\/wp\/v2\/posts\/197058\/revisions"}],"wp:featuredmedia":[{"embeddable":true,"href":"https:\/\/portalv1.com.br\/api\/wp\/v2\/media\/197117"}],"wp:attachment":[{"href":"https:\/\/portalv1.com.br\/api\/wp\/v2\/media?parent=197058"}],"wp:term":[{"taxonomy":"category","embeddable":true,"href":"https:\/\/portalv1.com.br\/api\/wp\/v2\/categories?post=197058"},{"taxonomy":"post_tag","embeddable":true,"href":"https:\/\/portalv1.com.br\/api\/wp\/v2\/tags?post=197058"}],"curies":[{"name":"wp","href":"https:\/\/api.w.org\/{rel}","templated":true}]}}