{"id":197174,"date":"2024-04-08T23:42:06","date_gmt":"2024-04-09T02:42:06","guid":{"rendered":"https:\/\/portalv1.com.br\/?p=197174"},"modified":"2024-04-09T07:59:54","modified_gmt":"2024-04-09T10:59:54","slug":"prefeitura-de-varzea-grande-resolve-problema-historico-de-falta-de-agua-na-comunidade-junco","status":"publish","type":"post","link":"https:\/\/portalv1.com.br\/prefeitura-de-varzea-grande-resolve-problema-historico-de-falta-de-agua-na-comunidade-junco\/","title":{"rendered":"Prefeitura de V\u00e1rzea Grande resolve problema hist\u00f3rico de falta de \u00e1gua na comunidade Junco"},"content":{"rendered":"<p>O Prefeito de V\u00e1rzea Grande, Dr. Segundo, comemorou nas redes sociais a instala\u00e7\u00e3o de um po\u00e7o tubular na comunidade Junco, que h\u00e1 anos reivindicava o benef\u00edcio. Dr. Segundo visitou o local e constatou a import\u00e2ncia da obra realizada pelo Governo da Reconstru\u00e7\u00e3o.<\/p>\n<p>\u201cEstamos aqui no Junco, nessa obra que muito me orgulha a perfura\u00e7\u00e3o desse po\u00e7o tubular revertido e movido a energia solar numa das comunidades mais carentes de \u00e1gua aqui de V\u00e1rzea Grande\u201d, disse o gestor, que observou tamb\u00e9m.<\/p>\n<p>\u201cNosso novo po\u00e7o tubular, impulsionado pela energia solar, n\u00e3o apenas traz \u00e1gua limpa e acess\u00edvel para nossa comunidade, mas tamb\u00e9m representa um passo vital em dire\u00e7\u00e3o \u00e0 sustentabilidade e ao progresso tecnol\u00f3gico para V\u00e1rzea Grande. Juntos, estamos construindo um futuro mais brilhante e sustent\u00e1vel para todos\u201d, frisou o chefe do Executivo Municipal.<\/p>\n<blockquote class=\"instagram-media\" style=\"background: #FFF; border: 0; border-radius: 3px; box-shadow: 0 0 1px 0 rgba(0,0,0,0.5),0 1px 10px 0 rgba(0,0,0,0.15); margin: 1px; max-width: 540px; min-width: 326px; padding: 0; width: calc(100% - 2px);\" data-instgrm-captioned=\"\" data-instgrm-permalink=\"https:\/\/www.instagram.com\/reel\/C5gkkM4Lo0x\/?utm_source=ig_embed&amp;utm_campaign=loading\" data-instgrm-version=\"14\">\n<div style=\"padding: 16px;\">\n<p>&nbsp;<\/p>\n<div style=\"display: flex; flex-direction: row; align-items: center;\">\n<div style=\"background-color: #f4f4f4; border-radius: 50%; flex-grow: 0; height: 40px; margin-right: 14px; width: 40px;\">&nbsp;<\/div>\n<div style=\"display: flex; flex-direction: column; flex-grow: 1; justify-content: center;\">\n<div style=\"background-color: #f4f4f4; border-radius: 4px; flex-grow: 0; height: 14px; margin-bottom: 6px; width: 100px;\">&nbsp;<\/div>\n<div style=\"background-color: #f4f4f4; border-radius: 4px; flex-grow: 0; height: 14px; width: 60px;\">&nbsp;<\/div>\n<\/div>\n<\/div>\n<div style=\"padding: 19% 0;\">&nbsp;<\/div>\n<div style=\"display: block; height: 50px; margin: 0 auto 12px; width: 50px;\">&nbsp;<\/div>\n<div style=\"padding-top: 8px;\">\n<div style=\"color: #3897f0; font-family: Arial,sans-serif; font-size: 14px; font-style: normal; font-weight: 550; line-height: 18px;\">Ver essa foto no Instagram<\/div>\n<\/div>\n<div style=\"padding: 12.5% 0;\">&nbsp;<\/div>\n<div style=\"display: flex; flex-direction: row; margin-bottom: 14px; align-items: center;\">\n<div>\n<div style=\"background-color: #f4f4f4; border-radius: 50%; height: 12.5px; width: 12.5px; transform: translateX(0px) translateY(7px);\">&nbsp;<\/div>\n<div style=\"background-color: #f4f4f4; height: 12.5px; transform: rotate(-45deg) translateX(3px) translateY(1px); width: 12.5px; flex-grow: 0; margin-right: 14px; margin-left: 2px;\">&nbsp;<\/div>\n<div style=\"background-color: #f4f4f4; border-radius: 50%; height: 12.5px; width: 12.5px; transform: translateX(9px) translateY(-18px);\">&nbsp;<\/div>\n<\/div>\n<div style=\"margin-left: 8px;\">\n<div style=\"background-color: #f4f4f4; border-radius: 50%; flex-grow: 0; height: 20px; width: 20px;\">&nbsp;<\/div>\n<div style=\"width: 0; height: 0; border-top: 2px solid transparent; border-left: 6px solid #f4f4f4; border-bottom: 2px solid transparent; transform: translateX(16px) translateY(-4px) rotate(30deg);\">&nbsp;<\/div>\n<\/div>\n<div style=\"margin-left: auto;\">\n<div style=\"width: 0px; border-top: 8px solid #F4F4F4; border-right: 8px solid transparent; transform: translateY(16px);\">&nbsp;<\/div>\n<div style=\"background-color: #f4f4f4; flex-grow: 0; height: 12px; width: 16px; transform: translateY(-4px);\">&nbsp;<\/div>\n<div style=\"width: 0; height: 0; border-top: 8px solid #F4F4F4; border-left: 8px solid transparent; transform: translateY(-4px) translateX(8px);\">&nbsp;<\/div>\n<\/div>\n<\/div>\n<div style=\"display: flex; flex-direction: column; flex-grow: 1; justify-content: center; margin-bottom: 24px;\">\n<div style=\"background-color: #f4f4f4; border-radius: 4px; flex-grow: 0; height: 14px; margin-bottom: 6px; width: 224px;\">&nbsp;<\/div>\n<div style=\"background-color: #f4f4f4; border-radius: 4px; flex-grow: 0; height: 14px; width: 144px;\">&nbsp;<\/div>\n<\/div>\n<p>&nbsp;<\/p>\n<p style=\"color: #c9c8cd; font-family: Arial,sans-serif; font-size: 14px; line-height: 17px; margin-bottom: 0; margin-top: 8px; overflow: hidden; padding: 8px 0 7px; text-align: center; text-overflow: ellipsis; white-space: nowrap;\"><a style=\"color: #c9c8cd; font-family: Arial,sans-serif; font-size: 14px; font-style: normal; font-weight: normal; line-height: 17px; text-decoration: none;\" href=\"https:\/\/www.instagram.com\/reel\/C5gkkM4Lo0x\/?utm_source=ig_embed&amp;utm_campaign=loading\" target=\"_blank\" rel=\"noopener\">Uma publica\u00e7\u00e3o compartilhada por Dr Segundo (@drsegundo.varzeagrande)<\/a><\/p>\n<\/div>\n<\/blockquote>\n<p><script async=\"\" src=\"\/\/www.instagram.com\/embed.js\"><\/script>&nbsp;<\/p>\n","protected":false},"excerpt":{"rendered":"<p>O Prefeito de V\u00e1rzea Grande, Dr. Segundo, comemorou nas redes sociais a instala\u00e7\u00e3o de um po\u00e7o tubular na comunidade Junco, que h\u00e1 anos reivindicava o benef\u00edcio. Dr. Segundo visitou o&#8230;<\/p>\n","protected":false},"author":1,"featured_media":197175,"comment_status":"open","ping_status":"open","sticky":false,"template":"","format":"standard","meta":{"ngg_post_thumbnail":0,"footnotes":""},"categories":[243],"tags":[],"class_list":["post-197174","post","type-post","status-publish","format-standard","has-post-thumbnail","hentry","category-geral"],"views":1052,"meta_data":{"thumb":"https:\/\/portalv1.com.br\/app\/wp-content\/uploads\/2024\/04\/Imagem-do-WhatsApp-de-2024-04-08-as-23.39.12_b18a3dcc.jpg","imagem":{"fullsize":{"url":"https:\/\/portalv1.com.br\/app\/wp-content\/uploads\/2024\/04\/Imagem-do-WhatsApp-de-2024-04-08-as-23.39.12_b18a3dcc.jpg","width":1080,"height":810},"medium":{"url":"https:\/\/portalv1.com.br\/app\/wp-content\/uploads\/2024\/04\/Imagem-do-WhatsApp-de-2024-04-08-as-23.39.12_b18a3dcc-300x225.jpg","width":300,"height":225},"large":{"url":"https:\/\/portalv1.com.br\/app\/wp-content\/uploads\/2024\/04\/Imagem-do-WhatsApp-de-2024-04-08-as-23.39.12_b18a3dcc-640x480.jpg","width":640,"height":480},"thumbnail":{"url":"https:\/\/portalv1.com.br\/app\/wp-content\/uploads\/2024\/04\/Imagem-do-WhatsApp-de-2024-04-08-as-23.39.12_b18a3dcc-100x100.jpg","width":100,"height":100},"medium_large":{"url":"https:\/\/portalv1.com.br\/app\/wp-content\/uploads\/2024\/04\/Imagem-do-WhatsApp-de-2024-04-08-as-23.39.12_b18a3dcc-768x576.jpg","width":768,"height":576}},"data":{"simple":"08\/04\/2024","date_time":"08\/04\/2024 20:42:06","date":"h\u00e1 2 anos"},"chapeu":"Veja detalhes ","source":"slide"},"_links":{"self":[{"href":"https:\/\/portalv1.com.br\/api\/wp\/v2\/posts\/197174","targetHints":{"allow":["GET"]}}],"collection":[{"href":"https:\/\/portalv1.com.br\/api\/wp\/v2\/posts"}],"about":[{"href":"https:\/\/portalv1.com.br\/api\/wp\/v2\/types\/post"}],"author":[{"embeddable":true,"href":"https:\/\/portalv1.com.br\/api\/wp\/v2\/users\/1"}],"replies":[{"embeddable":true,"href":"https:\/\/portalv1.com.br\/api\/wp\/v2\/comments?post=197174"}],"version-history":[{"count":0,"href":"https:\/\/portalv1.com.br\/api\/wp\/v2\/posts\/197174\/revisions"}],"wp:featuredmedia":[{"embeddable":true,"href":"https:\/\/portalv1.com.br\/api\/wp\/v2\/media\/197175"}],"wp:attachment":[{"href":"https:\/\/portalv1.com.br\/api\/wp\/v2\/media?parent=197174"}],"wp:term":[{"taxonomy":"category","embeddable":true,"href":"https:\/\/portalv1.com.br\/api\/wp\/v2\/categories?post=197174"},{"taxonomy":"post_tag","embeddable":true,"href":"https:\/\/portalv1.com.br\/api\/wp\/v2\/tags?post=197174"}],"curies":[{"name":"wp","href":"https:\/\/api.w.org\/{rel}","templated":true}]}}