{"id":197249,"date":"2024-04-11T07:28:01","date_gmt":"2024-04-11T10:28:01","guid":{"rendered":"https:\/\/portalv1.com.br\/?p=197249"},"modified":"2024-04-11T07:28:01","modified_gmt":"2024-04-11T10:28:01","slug":"prefeitura-de-novo-oriente-emite-nota-de-pesar-pela-morte-do-senhor-sebastiao-pinto","status":"publish","type":"post","link":"https:\/\/portalv1.com.br\/prefeitura-de-novo-oriente-emite-nota-de-pesar-pela-morte-do-senhor-sebastiao-pinto\/","title":{"rendered":"Prefeitura de Novo Oriente emite Nota de Pesar pela morte do senhor Sebastiao Pinto"},"content":{"rendered":"<p>A Prefeitura Municipal de Novo Oriente lamentou, com profundo pesar, o falecimento do senhor Sebasti\u00e3o Pinto da Costa na tarde desta quarta-feira (10), ocorrido em Teresina onde estava internado. Em Nota de Pesar, a Prefeitura Municipal, assim como a Capela de S\u00e3o Jos\u00e9 do Oper\u00e1rio lamentaram sua partida.<\/p>\n<p>\u201c\u00c9 com profunda tristeza e pesar que informamos o falecimento do Sr. Sebasti\u00e3o Pinto como era conhecido em nossa cidade, o qual prestou grandes servi\u00e7os de transporte durante anos ao povo novorientino. Novo Oriente a Valen\u00e7a (Empresa Pinto) como ele citava. Ele partiu deixando sua hist\u00f3ria e seu legado e muita saudade em nossos cora\u00e7\u00f5es\u201d lembrou.<\/p>\n<p>Sebastiao Pinto como lembrou a nota foi a primeira pessoa a trabalhar transportando pessoas entre as cidades de Novo Oriente e Valen\u00e7a sempre com um sorriso amigo, al\u00e9m de outras contribui\u00e7\u00f5es a sociedade novoorientina.<a href=\"https:\/\/portalv1.com.br\/app\/wp-content\/uploads\/2024\/04\/Imagem-do-WhatsApp-de-2024-04-11-as-07.22.06_d8ad979e.jpg\"><img loading=\"lazy\" decoding=\"async\" class=\"aligncenter size-large wp-image-197251\" src=\"https:\/\/portalv1.com.br\/app\/wp-content\/uploads\/2024\/04\/Imagem-do-WhatsApp-de-2024-04-11-as-07.22.06_d8ad979e-640x736.jpg\" alt=\"\" width=\"600\" height=\"690\" srcset=\"https:\/\/portalv1.com.br\/app\/wp-content\/uploads\/2024\/04\/Imagem-do-WhatsApp-de-2024-04-11-as-07.22.06_d8ad979e-640x736.jpg 640w, https:\/\/portalv1.com.br\/app\/wp-content\/uploads\/2024\/04\/Imagem-do-WhatsApp-de-2024-04-11-as-07.22.06_d8ad979e-300x345.jpg 300w, https:\/\/portalv1.com.br\/app\/wp-content\/uploads\/2024\/04\/Imagem-do-WhatsApp-de-2024-04-11-as-07.22.06_d8ad979e-768x883.jpg 768w, https:\/\/portalv1.com.br\/app\/wp-content\/uploads\/2024\/04\/Imagem-do-WhatsApp-de-2024-04-11-as-07.22.06_d8ad979e.jpg 1080w\" sizes=\"auto, (max-width: 600px) 100vw, 600px\" \/><\/a><\/p>\n<p><a href=\"https:\/\/portalv1.com.br\/app\/wp-content\/uploads\/2024\/04\/Imagem-do-WhatsApp-de-2024-04-10-as-19.37.10_29732501.jpg\"><img loading=\"lazy\" decoding=\"async\" class=\"aligncenter size-large wp-image-197250\" src=\"https:\/\/portalv1.com.br\/app\/wp-content\/uploads\/2024\/04\/Imagem-do-WhatsApp-de-2024-04-10-as-19.37.10_29732501-640x1138.jpg\" alt=\"\" width=\"600\" height=\"1067\" srcset=\"https:\/\/portalv1.com.br\/app\/wp-content\/uploads\/2024\/04\/Imagem-do-WhatsApp-de-2024-04-10-as-19.37.10_29732501-640x1138.jpg 640w, https:\/\/portalv1.com.br\/app\/wp-content\/uploads\/2024\/04\/Imagem-do-WhatsApp-de-2024-04-10-as-19.37.10_29732501-300x533.jpg 300w, https:\/\/portalv1.com.br\/app\/wp-content\/uploads\/2024\/04\/Imagem-do-WhatsApp-de-2024-04-10-as-19.37.10_29732501-768x1365.jpg 768w, https:\/\/portalv1.com.br\/app\/wp-content\/uploads\/2024\/04\/Imagem-do-WhatsApp-de-2024-04-10-as-19.37.10_29732501-864x1536.jpg 864w, https:\/\/portalv1.com.br\/app\/wp-content\/uploads\/2024\/04\/Imagem-do-WhatsApp-de-2024-04-10-as-19.37.10_29732501.jpg 900w\" sizes=\"auto, (max-width: 600px) 100vw, 600px\" \/><\/a><\/p>\n","protected":false},"excerpt":{"rendered":"<p>A Prefeitura Municipal de Novo Oriente lamentou, com profundo pesar, o falecimento do senhor Sebasti\u00e3o Pinto da Costa na tarde desta quarta-feira (10), ocorrido em Teresina onde estava internado. Em&#8230;<\/p>\n","protected":false},"author":1,"featured_media":197251,"comment_status":"open","ping_status":"open","sticky":false,"template":"","format":"standard","meta":{"ngg_post_thumbnail":0,"footnotes":""},"categories":[243],"tags":[],"class_list":["post-197249","post","type-post","status-publish","format-standard","has-post-thumbnail","hentry","category-geral"],"views":392,"meta_data":{"thumb":"https:\/\/portalv1.com.br\/app\/wp-content\/uploads\/2024\/04\/Imagem-do-WhatsApp-de-2024-04-11-as-07.22.06_d8ad979e.jpg","imagem":{"fullsize":{"url":"https:\/\/portalv1.com.br\/app\/wp-content\/uploads\/2024\/04\/Imagem-do-WhatsApp-de-2024-04-11-as-07.22.06_d8ad979e.jpg","width":1080,"height":1242},"medium":{"url":"https:\/\/portalv1.com.br\/app\/wp-content\/uploads\/2024\/04\/Imagem-do-WhatsApp-de-2024-04-11-as-07.22.06_d8ad979e-300x345.jpg","width":300,"height":345},"large":{"url":"https:\/\/portalv1.com.br\/app\/wp-content\/uploads\/2024\/04\/Imagem-do-WhatsApp-de-2024-04-11-as-07.22.06_d8ad979e-640x736.jpg","width":640,"height":736},"thumbnail":{"url":"https:\/\/portalv1.com.br\/app\/wp-content\/uploads\/2024\/04\/Imagem-do-WhatsApp-de-2024-04-11-as-07.22.06_d8ad979e-100x100.jpg","width":100,"height":100},"medium_large":{"url":"https:\/\/portalv1.com.br\/app\/wp-content\/uploads\/2024\/04\/Imagem-do-WhatsApp-de-2024-04-11-as-07.22.06_d8ad979e-768x883.jpg","width":768,"height":883}},"data":{"simple":"11\/04\/2024","date_time":"11\/04\/2024 04:28:01","date":"h\u00e1 2 anos"},"chapeu":"LUTO","source":"m_destacada"},"_links":{"self":[{"href":"https:\/\/portalv1.com.br\/api\/wp\/v2\/posts\/197249","targetHints":{"allow":["GET"]}}],"collection":[{"href":"https:\/\/portalv1.com.br\/api\/wp\/v2\/posts"}],"about":[{"href":"https:\/\/portalv1.com.br\/api\/wp\/v2\/types\/post"}],"author":[{"embeddable":true,"href":"https:\/\/portalv1.com.br\/api\/wp\/v2\/users\/1"}],"replies":[{"embeddable":true,"href":"https:\/\/portalv1.com.br\/api\/wp\/v2\/comments?post=197249"}],"version-history":[{"count":0,"href":"https:\/\/portalv1.com.br\/api\/wp\/v2\/posts\/197249\/revisions"}],"wp:featuredmedia":[{"embeddable":true,"href":"https:\/\/portalv1.com.br\/api\/wp\/v2\/media\/197251"}],"wp:attachment":[{"href":"https:\/\/portalv1.com.br\/api\/wp\/v2\/media?parent=197249"}],"wp:term":[{"taxonomy":"category","embeddable":true,"href":"https:\/\/portalv1.com.br\/api\/wp\/v2\/categories?post=197249"},{"taxonomy":"post_tag","embeddable":true,"href":"https:\/\/portalv1.com.br\/api\/wp\/v2\/tags?post=197249"}],"curies":[{"name":"wp","href":"https:\/\/api.w.org\/{rel}","templated":true}]}}