{"id":19754,"date":"2014-11-26T08:41:14","date_gmt":"2014-11-26T11:41:14","guid":{"rendered":"https:\/\/portalv1.com.br\/?p=19754"},"modified":"2014-11-26T08:41:14","modified_gmt":"2014-11-26T11:41:14","slug":"violencia-contra-a-mulher-ainda-e-grande-em-valenca","status":"publish","type":"post","link":"https:\/\/portalv1.com.br\/violencia-contra-a-mulher-ainda-e-grande-em-valenca\/","title":{"rendered":"Viol\u00eancia contra a mulher ainda \u00e9 grande em Valen\u00e7a"},"content":{"rendered":"<figure id=\"attachment_19755\" aria-describedby=\"caption-attachment-19755\" style=\"width: 300px\" class=\"wp-caption alignright\"><a href=\"https:\/\/portalv1.com.br\/app\/wp-content\/uploads\/2014\/11\/mauricelia.jpg\"><img loading=\"lazy\" decoding=\"async\" class=\"wp-image-19755 size-medium\" src=\"https:\/\/portalv1.com.br\/app\/wp-content\/uploads\/2014\/11\/mauricelia-300x168.jpg\" alt=\"Mauricelia Sousa no est\u00fadio da  Radio Confedera\u00e7\u00e3o Valenciana  AM 1450 KHZ\" width=\"300\" height=\"168\" srcset=\"https:\/\/portalv1.com.br\/app\/wp-content\/uploads\/2014\/11\/mauricelia-300x168.jpg 300w, https:\/\/portalv1.com.br\/app\/wp-content\/uploads\/2014\/11\/mauricelia.jpg 640w\" sizes=\"auto, (max-width: 300px) 100vw, 300px\" \/><\/a><figcaption id=\"caption-attachment-19755\" class=\"wp-caption-text\">Mauricelia Sousa no est\u00fadio da Radio Confedera\u00e7\u00e3o Valenciana AM 1450 KHZ<\/figcaption><\/figure>\n<p>A presidenta do Conselho da Mulher Mauricelia Sousa destacou nesta ter\u00e7a-feira (25), que ainda \u00e9 preciso avan\u00e7ar no combate a viol\u00eancia contra a mulher. A declara\u00e7\u00e3o foi dada durante entrevista ao Jornal da Confedera\u00e7\u00e3o nesta ter\u00e7a-feira dia em que se comemora o Dia Internacional para a Elimina\u00e7\u00e3o da Viol\u00eancia Contra a Mulher, comemorado no dia 25 de novembro.<\/p>\n<p>Mauricelia Sousa afirmou que apesar das campanhas realizadas, o \u00edndice de viol\u00eancia contra mulher ainda \u00e9 grande e que necessita de mais a\u00e7\u00f5es de combate. A presidenta informou que Valen\u00e7a est\u00e1 inserida nessas campanhas que agora devem ganhar as escolas com o objetivo de formar uma conscientiza\u00e7\u00e3o escolar.<\/p>\n<p>Mauricelia Sousa destacou ainda a atua\u00e7\u00e3o do Minist\u00e9rio Publico, Policia Civil e da Justi\u00e7a como um todo que nos \u00faltimos anos assumiu suas responsabilidades no tocante a acolher e formalizar as denuncias contra os agressores. O Jornal da Confedera\u00e7\u00e3o vai ar de segunda a sexta-feira na Radio Confedera\u00e7\u00e3o Valenciana AM a partir do meio-dia com a apresenta\u00e7\u00e3o do radialista S\u00e9rgio Alves.<\/p>\n","protected":false},"excerpt":{"rendered":"<p>A presidenta do Conselho da Mulher Mauricelia Sousa destacou nesta ter\u00e7a-feira (25), que ainda \u00e9 preciso avan\u00e7ar no combate a viol\u00eancia contra a mulher. A declara\u00e7\u00e3o foi dada durante entrevista&#8230;<\/p>\n","protected":false},"author":1,"featured_media":0,"comment_status":"open","ping_status":"open","sticky":false,"template":"","format":"standard","meta":{"ngg_post_thumbnail":0,"footnotes":""},"categories":[12],"tags":[],"class_list":["post-19754","post","type-post","status-publish","format-standard","hentry","category-valenca-news"],"views":411,"meta_data":{"thumb":"https:\/\/portalv1.com.br\/app\/wp-content\/uploads\/2014\/11\/mauricelia.jpg","data":{"simple":"26\/11\/2014","date_time":"26\/11\/2014 05:41:14","date":"h\u00e1 11 anos"},"chapeu":"Radio Confedera\u00e7\u00e3o Valenciana ","source":"slide"},"_links":{"self":[{"href":"https:\/\/portalv1.com.br\/api\/wp\/v2\/posts\/19754","targetHints":{"allow":["GET"]}}],"collection":[{"href":"https:\/\/portalv1.com.br\/api\/wp\/v2\/posts"}],"about":[{"href":"https:\/\/portalv1.com.br\/api\/wp\/v2\/types\/post"}],"author":[{"embeddable":true,"href":"https:\/\/portalv1.com.br\/api\/wp\/v2\/users\/1"}],"replies":[{"embeddable":true,"href":"https:\/\/portalv1.com.br\/api\/wp\/v2\/comments?post=19754"}],"version-history":[{"count":0,"href":"https:\/\/portalv1.com.br\/api\/wp\/v2\/posts\/19754\/revisions"}],"wp:attachment":[{"href":"https:\/\/portalv1.com.br\/api\/wp\/v2\/media?parent=19754"}],"wp:term":[{"taxonomy":"category","embeddable":true,"href":"https:\/\/portalv1.com.br\/api\/wp\/v2\/categories?post=19754"},{"taxonomy":"post_tag","embeddable":true,"href":"https:\/\/portalv1.com.br\/api\/wp\/v2\/tags?post=19754"}],"curies":[{"name":"wp","href":"https:\/\/api.w.org\/{rel}","templated":true}]}}