{"id":197577,"date":"2024-04-15T15:44:53","date_gmt":"2024-04-15T18:44:53","guid":{"rendered":"https:\/\/portalv1.com.br\/?p=197577"},"modified":"2024-04-15T15:44:53","modified_gmt":"2024-04-15T18:44:53","slug":"missa-pelos-30-dias-de-morte-do-empresario-carlim-reis-sera-realizada-neste-sabado-em-valenca","status":"publish","type":"post","link":"https:\/\/portalv1.com.br\/missa-pelos-30-dias-de-morte-do-empresario-carlim-reis-sera-realizada-neste-sabado-em-valenca\/","title":{"rendered":"Missa pelos 30 dias de morte do empres\u00e1rio Carlim Reis ser\u00e1 realizada neste s\u00e1bado em Valen\u00e7a"},"content":{"rendered":"<p>Ser\u00e1 celebrada no pr\u00f3ximo s\u00e1bado, 20 de abril, \u00e0s 17h na Matriz de S\u00e3o Francisco de Assis, a missa pelos 30 dias do falecimento do empres\u00e1rio Ant\u00f4nio Carlos Alves dos Reis.<\/p>\n<p>Carlim Reis de 56 anos faleceu precocemente em Teresina de fal\u00eancia m\u00faltipla dos \u00f3rg\u00e3os no dia 23 de mar\u00e7o e sua partida para o oriente eterno foi lamentada pelos amigos, familiares, autoridades e entidades como a CDL Valen\u00e7a.<\/p>\n<p><a href=\"https:\/\/portalv1.com.br\/app\/wp-content\/uploads\/2024\/04\/Imagem-do-WhatsApp-de-2024-04-15-as-08.17.19_307d5700.jpg\"><img loading=\"lazy\" decoding=\"async\" class=\"aligncenter size-large wp-image-197578\" src=\"https:\/\/portalv1.com.br\/app\/wp-content\/uploads\/2024\/04\/Imagem-do-WhatsApp-de-2024-04-15-as-08.17.19_307d5700-640x1138.jpg\" alt=\"\" width=\"600\" height=\"1067\" srcset=\"https:\/\/portalv1.com.br\/app\/wp-content\/uploads\/2024\/04\/Imagem-do-WhatsApp-de-2024-04-15-as-08.17.19_307d5700-640x1138.jpg 640w, https:\/\/portalv1.com.br\/app\/wp-content\/uploads\/2024\/04\/Imagem-do-WhatsApp-de-2024-04-15-as-08.17.19_307d5700-300x534.jpg 300w, https:\/\/portalv1.com.br\/app\/wp-content\/uploads\/2024\/04\/Imagem-do-WhatsApp-de-2024-04-15-as-08.17.19_307d5700-768x1366.jpg 768w, https:\/\/portalv1.com.br\/app\/wp-content\/uploads\/2024\/04\/Imagem-do-WhatsApp-de-2024-04-15-as-08.17.19_307d5700-864x1536.jpg 864w, https:\/\/portalv1.com.br\/app\/wp-content\/uploads\/2024\/04\/Imagem-do-WhatsApp-de-2024-04-15-as-08.17.19_307d5700.jpg 899w\" sizes=\"auto, (max-width: 600px) 100vw, 600px\" \/><\/a><\/p>\n","protected":false},"excerpt":{"rendered":"<p>Ser\u00e1 celebrada no pr\u00f3ximo s\u00e1bado, 20 de abril, \u00e0s 17h na Matriz de S\u00e3o Francisco de Assis, a missa pelos 30 dias do falecimento do empres\u00e1rio Ant\u00f4nio Carlos Alves dos&#8230;<\/p>\n","protected":false},"author":1,"featured_media":197579,"comment_status":"open","ping_status":"open","sticky":false,"template":"","format":"standard","meta":{"ngg_post_thumbnail":0,"footnotes":""},"categories":[243],"tags":[],"class_list":["post-197577","post","type-post","status-publish","format-standard","has-post-thumbnail","hentry","category-geral"],"views":567,"meta_data":{"thumb":"https:\/\/portalv1.com.br\/app\/wp-content\/uploads\/2024\/04\/Imagem-do-WhatsApp-de-2024-04-15-as-15.40.23_e0740cae.jpg","imagem":{"fullsize":{"url":"https:\/\/portalv1.com.br\/app\/wp-content\/uploads\/2024\/04\/Imagem-do-WhatsApp-de-2024-04-15-as-15.40.23_e0740cae.jpg","width":899,"height":784},"medium":{"url":"https:\/\/portalv1.com.br\/app\/wp-content\/uploads\/2024\/04\/Imagem-do-WhatsApp-de-2024-04-15-as-15.40.23_e0740cae-300x262.jpg","width":300,"height":262},"large":{"url":"https:\/\/portalv1.com.br\/app\/wp-content\/uploads\/2024\/04\/Imagem-do-WhatsApp-de-2024-04-15-as-15.40.23_e0740cae-640x558.jpg","width":640,"height":558},"thumbnail":{"url":"https:\/\/portalv1.com.br\/app\/wp-content\/uploads\/2024\/04\/Imagem-do-WhatsApp-de-2024-04-15-as-15.40.23_e0740cae-100x100.jpg","width":100,"height":100},"medium_large":{"url":"https:\/\/portalv1.com.br\/app\/wp-content\/uploads\/2024\/04\/Imagem-do-WhatsApp-de-2024-04-15-as-15.40.23_e0740cae-768x670.jpg","width":768,"height":670}},"data":{"simple":"15\/04\/2024","date_time":"15\/04\/2024 12:44:53","date":"h\u00e1 2 anos"},"chapeu":"LUTO","source":"slide"},"_links":{"self":[{"href":"https:\/\/portalv1.com.br\/api\/wp\/v2\/posts\/197577","targetHints":{"allow":["GET"]}}],"collection":[{"href":"https:\/\/portalv1.com.br\/api\/wp\/v2\/posts"}],"about":[{"href":"https:\/\/portalv1.com.br\/api\/wp\/v2\/types\/post"}],"author":[{"embeddable":true,"href":"https:\/\/portalv1.com.br\/api\/wp\/v2\/users\/1"}],"replies":[{"embeddable":true,"href":"https:\/\/portalv1.com.br\/api\/wp\/v2\/comments?post=197577"}],"version-history":[{"count":0,"href":"https:\/\/portalv1.com.br\/api\/wp\/v2\/posts\/197577\/revisions"}],"wp:featuredmedia":[{"embeddable":true,"href":"https:\/\/portalv1.com.br\/api\/wp\/v2\/media\/197579"}],"wp:attachment":[{"href":"https:\/\/portalv1.com.br\/api\/wp\/v2\/media?parent=197577"}],"wp:term":[{"taxonomy":"category","embeddable":true,"href":"https:\/\/portalv1.com.br\/api\/wp\/v2\/categories?post=197577"},{"taxonomy":"post_tag","embeddable":true,"href":"https:\/\/portalv1.com.br\/api\/wp\/v2\/tags?post=197577"}],"curies":[{"name":"wp","href":"https:\/\/api.w.org\/{rel}","templated":true}]}}