{"id":197596,"date":"2024-04-15T20:30:02","date_gmt":"2024-04-15T23:30:02","guid":{"rendered":"https:\/\/portalv1.com.br\/?p=197596"},"modified":"2024-04-15T20:30:02","modified_gmt":"2024-04-15T23:30:02","slug":"traficante-preso-em-valenca-tem-a-prisao-preventiva-decretada","status":"publish","type":"post","link":"https:\/\/portalv1.com.br\/traficante-preso-em-valenca-tem-a-prisao-preventiva-decretada\/","title":{"rendered":"Traficante preso em Valen\u00e7a tem a pris\u00e3o preventiva decretada"},"content":{"rendered":"<p>Durante audi\u00eancia realizada na tarde desta segunda-feira (15), o juiz plantonista da Central Regional de Audi\u00eancia de Cust\u00f3dia de Inqu\u00e9ritos de Picos, Dr Ant\u00f4nio Genival Pereira de Sousa converteu e preventiva a pris\u00e3o de um traficante, preso no \u00faltimo s\u00e1bado em Valen\u00e7a.<\/p>\n<p>Equipes da For\u00e7a T\u00e1tica do 23\u00b0 BPM, durante acompanhamento e trabalho sistem\u00e1tico, realizou a pris\u00e3o em flagrante de R.C.S.S de 34 anos, quando este comercializava por\u00e7\u00f5es de subst\u00e2ncias an\u00e1logas \u00e0 coca\u00edna.<\/p>\n<p>A abordagem e pris\u00e3o, aconteceu na tarde do \u00faltimo s\u00e1bado em Valen\u00e7a, no bairro Vale Verde. O infrator j\u00e1 havia sido preso pela For\u00e7a T\u00e1tica nos anos de 2020, 2021 e 2023 pelo mesmo crime. Durante audi\u00eancia de cust\u00f3dia, o magistrado decretou a pris\u00e3o preventiva do mesmo.<\/p>\n<p>Conforme consta em certid\u00e3o, o flagranteado possui diversos registros criminais, dentre eles uma condena\u00e7\u00e3o recente, no qual o autuado est\u00e1 cumprindo pena pelo mesmo delito ensejador do flagrante, o que indica probabilidade de reitera\u00e7\u00e3o delituosa do autuado e corrobora o perigo gerado pelo estado de liberdade, al\u00e9m da inefic\u00e1cia de aplica\u00e7\u00e3o da medida cautelar diversas \u00e0 pris\u00e3o para garantia da ordem p\u00fablica.<\/p>\n","protected":false},"excerpt":{"rendered":"<p>Durante audi\u00eancia realizada na tarde desta segunda-feira (15), o juiz plantonista da Central Regional de Audi\u00eancia de Cust\u00f3dia de Inqu\u00e9ritos de Picos, Dr Ant\u00f4nio Genival Pereira de Sousa converteu e&#8230;<\/p>\n","protected":false},"author":1,"featured_media":109989,"comment_status":"open","ping_status":"open","sticky":false,"template":"","format":"standard","meta":{"ngg_post_thumbnail":0,"footnotes":""},"categories":[243],"tags":[],"class_list":["post-197596","post","type-post","status-publish","format-standard","has-post-thumbnail","hentry","category-geral"],"views":540,"meta_data":{"thumb":"https:\/\/portalv1.com.br\/app\/wp-content\/uploads\/2022\/01\/policia-Copia.jpg","imagem":{"fullsize":{"url":"https:\/\/portalv1.com.br\/app\/wp-content\/uploads\/2022\/01\/policia-Copia.jpg","width":615,"height":768},"medium":{"url":"https:\/\/portalv1.com.br\/app\/wp-content\/uploads\/2022\/01\/policia-Copia-300x375.jpg","width":300,"height":375},"thumbnail":{"url":"https:\/\/portalv1.com.br\/app\/wp-content\/uploads\/2022\/01\/policia-Copia-100x100.jpg","width":100,"height":100}},"data":{"simple":"15\/04\/2024","date_time":"15\/04\/2024 17:30:02","date":"h\u00e1 2 anos"},"chapeu":"Veja decis\u00e3o","source":"m_destacada"},"_links":{"self":[{"href":"https:\/\/portalv1.com.br\/api\/wp\/v2\/posts\/197596","targetHints":{"allow":["GET"]}}],"collection":[{"href":"https:\/\/portalv1.com.br\/api\/wp\/v2\/posts"}],"about":[{"href":"https:\/\/portalv1.com.br\/api\/wp\/v2\/types\/post"}],"author":[{"embeddable":true,"href":"https:\/\/portalv1.com.br\/api\/wp\/v2\/users\/1"}],"replies":[{"embeddable":true,"href":"https:\/\/portalv1.com.br\/api\/wp\/v2\/comments?post=197596"}],"version-history":[{"count":0,"href":"https:\/\/portalv1.com.br\/api\/wp\/v2\/posts\/197596\/revisions"}],"wp:featuredmedia":[{"embeddable":true,"href":"https:\/\/portalv1.com.br\/api\/wp\/v2\/media\/109989"}],"wp:attachment":[{"href":"https:\/\/portalv1.com.br\/api\/wp\/v2\/media?parent=197596"}],"wp:term":[{"taxonomy":"category","embeddable":true,"href":"https:\/\/portalv1.com.br\/api\/wp\/v2\/categories?post=197596"},{"taxonomy":"post_tag","embeddable":true,"href":"https:\/\/portalv1.com.br\/api\/wp\/v2\/tags?post=197596"}],"curies":[{"name":"wp","href":"https:\/\/api.w.org\/{rel}","templated":true}]}}