{"id":197712,"date":"2024-04-16T17:01:52","date_gmt":"2024-04-16T20:01:52","guid":{"rendered":"https:\/\/portalv1.com.br\/?p=197712"},"modified":"2024-04-16T17:18:27","modified_gmt":"2024-04-16T20:18:27","slug":"amigos-e-empresas-lamentam-morte-do-empresario-edvaldo-dantas","status":"publish","type":"post","link":"https:\/\/portalv1.com.br\/amigos-e-empresas-lamentam-morte-do-empresario-edvaldo-dantas\/","title":{"rendered":"Amigos e empresas lamentam morte do empres\u00e1rio Edvaldo Dantas"},"content":{"rendered":"<p>Amigos e empresas de Valen\u00e7a do Piau\u00ed lamentaram nas redes sociais, a morte do empres\u00e1rio Edivaldo Dantas (61), propriet\u00e1rio das Lojas Construf\u00e9, em Valen\u00e7a do Piau\u00ed, que foi encontrado nesta ter\u00e7a-feira (16) sem vida no centro de Teresina.<br \/>\nEdivaldo Dantas tinha uma rela\u00e7\u00e3o muito grande com nossa cidade pelos investimentos e pelos grandes amigos. O vel\u00f3rio acontece por toda essa ter\u00e7a-feira na Capela do Cemit\u00e9rio Recanto da Saudade em Teresina e o sepultamento est\u00e1 marcado para \u00e0s 08h desta quarta-feira.<a href=\"https:\/\/portalv1.com.br\/app\/wp-content\/uploads\/2024\/04\/24.jpg\"><img loading=\"lazy\" decoding=\"async\" class=\"aligncenter size-large wp-image-197717\" src=\"https:\/\/portalv1.com.br\/app\/wp-content\/uploads\/2024\/04\/24-640x1139.jpg\" alt=\"\" width=\"600\" height=\"1068\" srcset=\"https:\/\/portalv1.com.br\/app\/wp-content\/uploads\/2024\/04\/24-640x1139.jpg 640w, https:\/\/portalv1.com.br\/app\/wp-content\/uploads\/2024\/04\/24-300x534.jpg 300w, https:\/\/portalv1.com.br\/app\/wp-content\/uploads\/2024\/04\/24-768x1367.jpg 768w, https:\/\/portalv1.com.br\/app\/wp-content\/uploads\/2024\/04\/24-863x1536.jpg 863w, https:\/\/portalv1.com.br\/app\/wp-content\/uploads\/2024\/04\/24.jpg 899w\" sizes=\"auto, (max-width: 600px) 100vw, 600px\" \/><\/a><a href=\"https:\/\/portalv1.com.br\/app\/wp-content\/uploads\/2024\/04\/Imagem-do-WhatsApp-de-2024-04-16-as-17.10.36_bf53c6de.jpg\"><img loading=\"lazy\" decoding=\"async\" class=\"aligncenter size-large wp-image-197720\" src=\"https:\/\/portalv1.com.br\/app\/wp-content\/uploads\/2024\/04\/Imagem-do-WhatsApp-de-2024-04-16-as-17.10.36_bf53c6de-640x640.jpg\" alt=\"\" width=\"600\" height=\"600\" srcset=\"https:\/\/portalv1.com.br\/app\/wp-content\/uploads\/2024\/04\/Imagem-do-WhatsApp-de-2024-04-16-as-17.10.36_bf53c6de-640x640.jpg 640w, https:\/\/portalv1.com.br\/app\/wp-content\/uploads\/2024\/04\/Imagem-do-WhatsApp-de-2024-04-16-as-17.10.36_bf53c6de-300x300.jpg 300w, https:\/\/portalv1.com.br\/app\/wp-content\/uploads\/2024\/04\/Imagem-do-WhatsApp-de-2024-04-16-as-17.10.36_bf53c6de-100x100.jpg 100w, https:\/\/portalv1.com.br\/app\/wp-content\/uploads\/2024\/04\/Imagem-do-WhatsApp-de-2024-04-16-as-17.10.36_bf53c6de-768x768.jpg 768w, https:\/\/portalv1.com.br\/app\/wp-content\/uploads\/2024\/04\/Imagem-do-WhatsApp-de-2024-04-16-as-17.10.36_bf53c6de-1536x1536.jpg 1536w, https:\/\/portalv1.com.br\/app\/wp-content\/uploads\/2024\/04\/Imagem-do-WhatsApp-de-2024-04-16-as-17.10.36_bf53c6de.jpg 1600w\" sizes=\"auto, (max-width: 600px) 100vw, 600px\" \/><\/a><\/p>\n<p><a href=\"https:\/\/portalv1.com.br\/app\/wp-content\/uploads\/2024\/04\/20.jpg\"><img loading=\"lazy\" decoding=\"async\" class=\"aligncenter size-large wp-image-197714\" src=\"https:\/\/portalv1.com.br\/app\/wp-content\/uploads\/2024\/04\/20-640x799.jpg\" alt=\"\" width=\"600\" height=\"749\" srcset=\"https:\/\/portalv1.com.br\/app\/wp-content\/uploads\/2024\/04\/20-640x799.jpg 640w, https:\/\/portalv1.com.br\/app\/wp-content\/uploads\/2024\/04\/20-300x374.jpg 300w, https:\/\/portalv1.com.br\/app\/wp-content\/uploads\/2024\/04\/20-768x959.jpg 768w, https:\/\/portalv1.com.br\/app\/wp-content\/uploads\/2024\/04\/20.jpg 1080w\" sizes=\"auto, (max-width: 600px) 100vw, 600px\" \/><\/a> <a href=\"https:\/\/portalv1.com.br\/app\/wp-content\/uploads\/2024\/04\/21.jpg\"><img loading=\"lazy\" decoding=\"async\" class=\"aligncenter size-large wp-image-197715\" src=\"https:\/\/portalv1.com.br\/app\/wp-content\/uploads\/2024\/04\/21-640x1107.jpg\" alt=\"\" width=\"600\" height=\"1038\" srcset=\"https:\/\/portalv1.com.br\/app\/wp-content\/uploads\/2024\/04\/21-640x1107.jpg 640w, https:\/\/portalv1.com.br\/app\/wp-content\/uploads\/2024\/04\/21-300x519.jpg 300w, https:\/\/portalv1.com.br\/app\/wp-content\/uploads\/2024\/04\/21-768x1328.jpg 768w, https:\/\/portalv1.com.br\/app\/wp-content\/uploads\/2024\/04\/21-888x1536.jpg 888w, https:\/\/portalv1.com.br\/app\/wp-content\/uploads\/2024\/04\/21.jpg 925w\" sizes=\"auto, (max-width: 600px) 100vw, 600px\" \/><\/a> <a href=\"https:\/\/portalv1.com.br\/app\/wp-content\/uploads\/2024\/04\/22.jpg\"><img loading=\"lazy\" decoding=\"async\" class=\"aligncenter size-large wp-image-197716\" src=\"https:\/\/portalv1.com.br\/app\/wp-content\/uploads\/2024\/04\/22-640x616.jpg\" alt=\"\" width=\"600\" height=\"578\" srcset=\"https:\/\/portalv1.com.br\/app\/wp-content\/uploads\/2024\/04\/22-640x616.jpg 640w, https:\/\/portalv1.com.br\/app\/wp-content\/uploads\/2024\/04\/22-300x289.jpg 300w, https:\/\/portalv1.com.br\/app\/wp-content\/uploads\/2024\/04\/22-768x740.jpg 768w, https:\/\/portalv1.com.br\/app\/wp-content\/uploads\/2024\/04\/22.jpg 1080w\" sizes=\"auto, (max-width: 600px) 100vw, 600px\" \/><\/a><\/p>\n<p>&nbsp;<\/p>\n","protected":false},"excerpt":{"rendered":"<p>Amigos e empresas de Valen\u00e7a do Piau\u00ed lamentaram nas redes sociais, a morte do empres\u00e1rio Edivaldo Dantas (61), propriet\u00e1rio das Lojas Construf\u00e9, em Valen\u00e7a do Piau\u00ed, que foi encontrado nesta&#8230;<\/p>\n","protected":false},"author":1,"featured_media":197718,"comment_status":"open","ping_status":"open","sticky":false,"template":"","format":"standard","meta":{"ngg_post_thumbnail":0,"footnotes":""},"categories":[243],"tags":[],"class_list":["post-197712","post","type-post","status-publish","format-standard","has-post-thumbnail","hentry","category-geral"],"views":2647,"meta_data":{"thumb":"https:\/\/portalv1.com.br\/app\/wp-content\/uploads\/2024\/04\/edvaldo-dantas.jpg","imagem":{"fullsize":{"url":"https:\/\/portalv1.com.br\/app\/wp-content\/uploads\/2024\/04\/edvaldo-dantas.jpg","width":1280,"height":720},"medium":{"url":"https:\/\/portalv1.com.br\/app\/wp-content\/uploads\/2024\/04\/edvaldo-dantas-300x169.jpg","width":300,"height":169},"large":{"url":"https:\/\/portalv1.com.br\/app\/wp-content\/uploads\/2024\/04\/edvaldo-dantas-640x360.jpg","width":640,"height":360},"thumbnail":{"url":"https:\/\/portalv1.com.br\/app\/wp-content\/uploads\/2024\/04\/edvaldo-dantas-100x100.jpg","width":100,"height":100},"medium_large":{"url":"https:\/\/portalv1.com.br\/app\/wp-content\/uploads\/2024\/04\/edvaldo-dantas-768x432.jpg","width":768,"height":432}},"data":{"simple":"16\/04\/2024","date_time":"16\/04\/2024 14:01:52","date":"h\u00e1 2 anos"},"chapeu":"LUTO","source":"m_destacada"},"_links":{"self":[{"href":"https:\/\/portalv1.com.br\/api\/wp\/v2\/posts\/197712","targetHints":{"allow":["GET"]}}],"collection":[{"href":"https:\/\/portalv1.com.br\/api\/wp\/v2\/posts"}],"about":[{"href":"https:\/\/portalv1.com.br\/api\/wp\/v2\/types\/post"}],"author":[{"embeddable":true,"href":"https:\/\/portalv1.com.br\/api\/wp\/v2\/users\/1"}],"replies":[{"embeddable":true,"href":"https:\/\/portalv1.com.br\/api\/wp\/v2\/comments?post=197712"}],"version-history":[{"count":0,"href":"https:\/\/portalv1.com.br\/api\/wp\/v2\/posts\/197712\/revisions"}],"wp:featuredmedia":[{"embeddable":true,"href":"https:\/\/portalv1.com.br\/api\/wp\/v2\/media\/197718"}],"wp:attachment":[{"href":"https:\/\/portalv1.com.br\/api\/wp\/v2\/media?parent=197712"}],"wp:term":[{"taxonomy":"category","embeddable":true,"href":"https:\/\/portalv1.com.br\/api\/wp\/v2\/categories?post=197712"},{"taxonomy":"post_tag","embeddable":true,"href":"https:\/\/portalv1.com.br\/api\/wp\/v2\/tags?post=197712"}],"curies":[{"name":"wp","href":"https:\/\/api.w.org\/{rel}","templated":true}]}}