{"id":19772,"date":"2014-11-27T15:58:29","date_gmt":"2014-11-27T18:58:29","guid":{"rendered":"https:\/\/portalv1.com.br\/?p=19772"},"modified":"2014-12-02T09:44:46","modified_gmt":"2014-12-02T12:44:46","slug":"agende-se-confiras-as-principais-festas-de-dezembro-em-valenca","status":"publish","type":"post","link":"https:\/\/portalv1.com.br\/agende-se-confiras-as-principais-festas-de-dezembro-em-valenca\/","title":{"rendered":"Agende-se: Confiras as principais festas de dezembro em Valen\u00e7a"},"content":{"rendered":"<figure id=\"attachment_19773\" aria-describedby=\"caption-attachment-19773\" style=\"width: 300px\" class=\"wp-caption alignright\"><a href=\"https:\/\/portalv1.com.br\/app\/wp-content\/uploads\/2014\/11\/dsc_0181.jpg\"><img loading=\"lazy\" decoding=\"async\" class=\"size-medium wp-image-19773\" src=\"https:\/\/portalv1.com.br\/app\/wp-content\/uploads\/2014\/11\/dsc_0181-300x200.jpg\" alt=\"Festejo de Valen\u00e7a \" width=\"300\" height=\"200\" srcset=\"https:\/\/portalv1.com.br\/app\/wp-content\/uploads\/2014\/11\/dsc_0181-300x200.jpg 300w, https:\/\/portalv1.com.br\/app\/wp-content\/uploads\/2014\/11\/dsc_0181.jpg 640w\" sizes=\"auto, (max-width: 300px) 100vw, 300px\" \/><\/a><figcaption id=\"caption-attachment-19773\" class=\"wp-caption-text\">Festejo de Valen\u00e7a<\/figcaption><\/figure>\n<p>Boa parte das atra\u00e7\u00f5es musicais que ir\u00e3o tocar no m\u00eas de dezembro nos festejos de Valen\u00e7a j\u00e1 foi definida. Esse ano os valencianos e turistas ter\u00e3o grandes atra\u00e7\u00f5es musicais. A programa\u00e7\u00e3o come\u00e7a dia 13 de dezembro com a eletrizante Dandinha no Kanto Azul. Dia 19 tem o Natal Solid\u00e1rio no est\u00e1dio municipal com as bandas Arreio de Ouro, Forr\u00f3 da Curti\u00e7\u00e3o e Buteco dos Teclados, cuja entrada ser\u00e1 um kg de alimento.<\/p>\n<p>Dia 20 tem Moleque Doido, Kangas do Forro, Jo\u00e3o e Vitor e Buteco dos Teclados no Pimpim Folia. As festas no posto Lava Show ser\u00e3o nos dias 22, 24 e 25 com Felipe e Banda Envolvente, Gerson Pinheiro no dia 22 e 24 e 25 com Buteco dos Teclados e Forroz\u00e3o Montagem.<\/p>\n<p>A banda Forr\u00f3 da Pega\u00e7\u00e3o ser\u00e1 a atra\u00e7\u00e3o do Crovapi no dia 25 de dezembro. Dia 26 tem Avi\u00f5es do Forro, Solteir\u00f5es e Felipe e Banda Envolvente no est\u00e1dio municipal.<\/p>\n","protected":false},"excerpt":{"rendered":"<p>Boa parte das atra\u00e7\u00f5es musicais que ir\u00e3o tocar no m\u00eas de dezembro nos festejos de Valen\u00e7a j\u00e1 foi definida. Esse ano os valencianos e turistas ter\u00e3o grandes atra\u00e7\u00f5es musicais. A&#8230;<\/p>\n","protected":false},"author":1,"featured_media":0,"comment_status":"open","ping_status":"open","sticky":false,"template":"","format":"standard","meta":{"ngg_post_thumbnail":0,"footnotes":""},"categories":[245,12],"tags":[],"class_list":["post-19772","post","type-post","status-publish","format-standard","hentry","category-entretenimento","category-valenca-news"],"views":2789,"meta_data":{"thumb":"https:\/\/portalv1.com.br\/app\/wp-content\/uploads\/2014\/11\/dsc_0181.jpg","data":{"simple":"27\/11\/2014","date_time":"27\/11\/2014 12:58:29","date":"h\u00e1 11 anos"},"chapeu":"Muitas festas","source":"retirar"},"_links":{"self":[{"href":"https:\/\/portalv1.com.br\/api\/wp\/v2\/posts\/19772","targetHints":{"allow":["GET"]}}],"collection":[{"href":"https:\/\/portalv1.com.br\/api\/wp\/v2\/posts"}],"about":[{"href":"https:\/\/portalv1.com.br\/api\/wp\/v2\/types\/post"}],"author":[{"embeddable":true,"href":"https:\/\/portalv1.com.br\/api\/wp\/v2\/users\/1"}],"replies":[{"embeddable":true,"href":"https:\/\/portalv1.com.br\/api\/wp\/v2\/comments?post=19772"}],"version-history":[{"count":0,"href":"https:\/\/portalv1.com.br\/api\/wp\/v2\/posts\/19772\/revisions"}],"wp:attachment":[{"href":"https:\/\/portalv1.com.br\/api\/wp\/v2\/media?parent=19772"}],"wp:term":[{"taxonomy":"category","embeddable":true,"href":"https:\/\/portalv1.com.br\/api\/wp\/v2\/categories?post=19772"},{"taxonomy":"post_tag","embeddable":true,"href":"https:\/\/portalv1.com.br\/api\/wp\/v2\/tags?post=19772"}],"curies":[{"name":"wp","href":"https:\/\/api.w.org\/{rel}","templated":true}]}}