{"id":19782,"date":"2014-11-30T12:39:46","date_gmt":"2014-11-30T15:39:46","guid":{"rendered":"https:\/\/portalv1.com.br\/?p=19782"},"modified":"2014-11-30T12:39:46","modified_gmt":"2014-11-30T15:39:46","slug":"conselho-tutela-de-pimenteiras-ganha-veiculo-0-km","status":"publish","type":"post","link":"https:\/\/portalv1.com.br\/conselho-tutela-de-pimenteiras-ganha-veiculo-0-km\/","title":{"rendered":"Conselho Tutela de Pimenteiras ganha veiculo 0 km"},"content":{"rendered":"<figure id=\"attachment_19783\" aria-describedby=\"caption-attachment-19783\" style=\"width: 300px\" class=\"wp-caption alignright\"><a href=\"https:\/\/portalv1.com.br\/app\/wp-content\/uploads\/2014\/11\/06.jpg\"><img loading=\"lazy\" decoding=\"async\" class=\"size-medium wp-image-19783\" src=\"https:\/\/portalv1.com.br\/app\/wp-content\/uploads\/2014\/11\/06-300x169.jpg\" alt=\"Conselho Tutelar de Pimenteiras \" width=\"300\" height=\"169\" srcset=\"https:\/\/portalv1.com.br\/app\/wp-content\/uploads\/2014\/11\/06-300x169.jpg 300w, https:\/\/portalv1.com.br\/app\/wp-content\/uploads\/2014\/11\/06.jpg 600w\" sizes=\"auto, (max-width: 300px) 100vw, 300px\" \/><\/a><figcaption id=\"caption-attachment-19783\" class=\"wp-caption-text\">Conselho Tutelar de Pimenteiras<\/figcaption><\/figure>\n<p>O Conselho Tutelar de Pimenteiras ganhou um novo refor\u00e7o para auxiliar em suas atividades. Trata-se da aquisi\u00e7\u00e3o de um veiculo O KM (Spin Chevrolet), que foi entregue aos conselheiros tutelares pela prefeita em exerc\u00edcio Lucia Lacerda. A prefeita destacou a import\u00e2ncia do veiculo para o conselho. \u201cEsse carro ser\u00e1 importante para nossos conselheiros ampliar o atendimento a nossas crian\u00e7as e adolescentes, fico feliz em participar desse tipo de solenidade, que atende positivamente a popula\u00e7\u00e3o. Essa \u00e9 mais uma promessa cumprida da gest\u00e3o do prefeito Venicio do \u00d3\u201d afirmou.<\/p>\n<p>Lucia Lacerda fez quest\u00e3o de parabenizar os conselheiros que segundo ela se dedicam a causa. \u201cNosso quadro de conselheiros \u00e9 um dos melhores dos pa\u00eds. S\u00e3o pessoas dedicadas e comprometidas em garantir o bem estar de nossas crian\u00e7as\u201d pontuou. Al\u00e9m do veiculo, os conselheiros pimenteirenses receberam ainda um kit com cinco computadores, uma impressora, bebedouro e uma geladeira.<\/p>\n<p>Jos\u00e9 Carvalho presidente do conselho da crian\u00e7a e adolescente agradeceu ao empenho da prefeitura em conseguir mais esse ben\u00e9fico de preven\u00e7\u00e3o \u00e0 crian\u00e7a pimenteirense. Ele tamb\u00e9m reafirmou o profissionalismo dos conselheiros que de acordo com ele estao 24 horas a disposi\u00e7\u00e3o da popula\u00e7\u00e3o. Participaram da solenidade de entrega o secretario de cultura Jean Lucas, coordenador do CAPS Carlos Pires, conselheiros, \u00a0entre outras autoridades locais.<\/p>\n<p><strong><div class=\"ngg-galleryoverview\" data-widget=\"Galeria\" data-props='{&quot;galeria&quot;:{&quot;gallery_id&quot;:1683,&quot;total&quot;:8,&quot;max_page&quot;:1,&quot;page&quot;:1,&quot;images&quot;:[{&quot;pid&quot;:34445,&quot;imageURL&quot;:&quot;https:\\\/\\\/portalv1.com.br\\\/app\\\/wp-content\\\/gallery\\\/conselho-pimenteiras\\\/01.jpg?t=1723120501&quot;,&quot;thumbnailURL&quot;:&quot;https:\\\/\\\/portalv1.com.br\\\/app\\\/wp-content\\\/gallery\\\/conselho-pimenteiras\\\/thumbs\\\/thumbs_01.jpg?t=1723120501&quot;,&quot;description&quot;:&quot;U&quot;,&quot;alttext&quot;:&quot;01&quot;,&quot;style&quot;:&quot;&quot;},{&quot;pid&quot;:34446,&quot;imageURL&quot;:&quot;https:\\\/\\\/portalv1.com.br\\\/app\\\/wp-content\\\/gallery\\\/conselho-pimenteiras\\\/02.jpg?t=1723120618&quot;,&quot;thumbnailURL&quot;:&quot;https:\\\/\\\/portalv1.com.br\\\/app\\\/wp-content\\\/gallery\\\/conselho-pimenteiras\\\/thumbs\\\/thumbs_02.jpg?t=1723120618&quot;,&quot;description&quot;:&quot;U&quot;,&quot;alttext&quot;:&quot;02&quot;,&quot;style&quot;:&quot;&quot;},{&quot;pid&quot;:34447,&quot;imageURL&quot;:&quot;https:\\\/\\\/portalv1.com.br\\\/app\\\/wp-content\\\/gallery\\\/conselho-pimenteiras\\\/03.jpg?t=1723120242&quot;,&quot;thumbnailURL&quot;:&quot;https:\\\/\\\/portalv1.com.br\\\/app\\\/wp-content\\\/gallery\\\/conselho-pimenteiras\\\/thumbs\\\/thumbs_03.jpg?t=1723120242&quot;,&quot;description&quot;:&quot;U&quot;,&quot;alttext&quot;:&quot;03&quot;,&quot;style&quot;:&quot;&quot;},{&quot;pid&quot;:34448,&quot;imageURL&quot;:&quot;https:\\\/\\\/portalv1.com.br\\\/app\\\/wp-content\\\/gallery\\\/conselho-pimenteiras\\\/04.jpg?t=1723120277&quot;,&quot;thumbnailURL&quot;:&quot;https:\\\/\\\/portalv1.com.br\\\/app\\\/wp-content\\\/gallery\\\/conselho-pimenteiras\\\/thumbs\\\/thumbs_04.jpg?t=1723120277&quot;,&quot;description&quot;:&quot;U&quot;,&quot;alttext&quot;:&quot;04&quot;,&quot;style&quot;:&quot;&quot;},{&quot;pid&quot;:34449,&quot;imageURL&quot;:&quot;https:\\\/\\\/portalv1.com.br\\\/app\\\/wp-content\\\/gallery\\\/conselho-pimenteiras\\\/05.jpg?t=1723119996&quot;,&quot;thumbnailURL&quot;:&quot;https:\\\/\\\/portalv1.com.br\\\/app\\\/wp-content\\\/gallery\\\/conselho-pimenteiras\\\/thumbs\\\/thumbs_05.jpg?t=1723119996&quot;,&quot;description&quot;:&quot;U&quot;,&quot;alttext&quot;:&quot;05&quot;,&quot;style&quot;:&quot;&quot;},{&quot;pid&quot;:34450,&quot;imageURL&quot;:&quot;https:\\\/\\\/portalv1.com.br\\\/app\\\/wp-content\\\/gallery\\\/conselho-pimenteiras\\\/06.jpg?t=1723120314&quot;,&quot;thumbnailURL&quot;:&quot;https:\\\/\\\/portalv1.com.br\\\/app\\\/wp-content\\\/gallery\\\/conselho-pimenteiras\\\/thumbs\\\/thumbs_06.jpg?t=1723120314&quot;,&quot;description&quot;:&quot;U&quot;,&quot;alttext&quot;:&quot;06&quot;,&quot;style&quot;:&quot;&quot;},{&quot;pid&quot;:34451,&quot;imageURL&quot;:&quot;https:\\\/\\\/portalv1.com.br\\\/app\\\/wp-content\\\/gallery\\\/conselho-pimenteiras\\\/07.jpg?t=1723120249&quot;,&quot;thumbnailURL&quot;:&quot;https:\\\/\\\/portalv1.com.br\\\/app\\\/wp-content\\\/gallery\\\/conselho-pimenteiras\\\/thumbs\\\/thumbs_07.jpg?t=1723120249&quot;,&quot;description&quot;:&quot;U&quot;,&quot;alttext&quot;:&quot;07&quot;,&quot;style&quot;:&quot;&quot;},{&quot;pid&quot;:34452,&quot;imageURL&quot;:&quot;https:\\\/\\\/portalv1.com.br\\\/app\\\/wp-content\\\/gallery\\\/conselho-pimenteiras\\\/08.jpg?t=1723119964&quot;,&quot;thumbnailURL&quot;:&quot;https:\\\/\\\/portalv1.com.br\\\/app\\\/wp-content\\\/gallery\\\/conselho-pimenteiras\\\/thumbs\\\/thumbs_08.jpg?t=1723119964&quot;,&quot;description&quot;:&quot;U&quot;,&quot;alttext&quot;:&quot;08&quot;,&quot;style&quot;:&quot;&quot;}]}}'><\/div><\/strong>.<\/p>\n","protected":false},"excerpt":{"rendered":"<p>O Conselho Tutelar de Pimenteiras ganhou um novo refor\u00e7o para auxiliar em suas atividades. Trata-se da aquisi\u00e7\u00e3o de um veiculo O KM (Spin Chevrolet), que foi entregue aos conselheiros tutelares&#8230;<\/p>\n","protected":false},"author":1,"featured_media":0,"comment_status":"open","ping_status":"open","sticky":false,"template":"","format":"standard","meta":{"ngg_post_thumbnail":0,"footnotes":""},"categories":[12],"tags":[],"class_list":["post-19782","post","type-post","status-publish","format-standard","hentry","category-valenca-news"],"views":286,"meta_data":{"thumb":"https:\/\/portalv1.com.br\/app\/wp-content\/uploads\/2014\/11\/06.jpg","data":{"simple":"30\/11\/2014","date_time":"30\/11\/2014 09:39:46","date":"h\u00e1 11 anos"},"chapeu":"FOTOS ","source":"slide"},"_links":{"self":[{"href":"https:\/\/portalv1.com.br\/api\/wp\/v2\/posts\/19782","targetHints":{"allow":["GET"]}}],"collection":[{"href":"https:\/\/portalv1.com.br\/api\/wp\/v2\/posts"}],"about":[{"href":"https:\/\/portalv1.com.br\/api\/wp\/v2\/types\/post"}],"author":[{"embeddable":true,"href":"https:\/\/portalv1.com.br\/api\/wp\/v2\/users\/1"}],"replies":[{"embeddable":true,"href":"https:\/\/portalv1.com.br\/api\/wp\/v2\/comments?post=19782"}],"version-history":[{"count":0,"href":"https:\/\/portalv1.com.br\/api\/wp\/v2\/posts\/19782\/revisions"}],"wp:attachment":[{"href":"https:\/\/portalv1.com.br\/api\/wp\/v2\/media?parent=19782"}],"wp:term":[{"taxonomy":"category","embeddable":true,"href":"https:\/\/portalv1.com.br\/api\/wp\/v2\/categories?post=19782"},{"taxonomy":"post_tag","embeddable":true,"href":"https:\/\/portalv1.com.br\/api\/wp\/v2\/tags?post=19782"}],"curies":[{"name":"wp","href":"https:\/\/api.w.org\/{rel}","templated":true}]}}