{"id":19792,"date":"2014-12-01T15:27:45","date_gmt":"2014-12-01T18:27:45","guid":{"rendered":"https:\/\/portalv1.com.br\/?p=19792"},"modified":"2014-12-05T15:55:54","modified_gmt":"2014-12-05T18:55:54","slug":"campus-de-valenca-do-ifpi-abre-160-vagas-confira-os-cursos","status":"publish","type":"post","link":"https:\/\/portalv1.com.br\/campus-de-valenca-do-ifpi-abre-160-vagas-confira-os-cursos\/","title":{"rendered":"Campus de Valen\u00e7a do IFPI abre 160 vagas. Confira os cursos"},"content":{"rendered":"<figure id=\"attachment_19793\" aria-describedby=\"caption-attachment-19793\" style=\"width: 300px\" class=\"wp-caption alignright\"><a href=\"https:\/\/portalv1.com.br\/app\/wp-content\/uploads\/2014\/12\/diandersom.jpg\"><img loading=\"lazy\" decoding=\"async\" class=\"size-medium wp-image-19793\" src=\"https:\/\/portalv1.com.br\/app\/wp-content\/uploads\/2014\/12\/diandersom-300x168.jpg\" alt=\"Coordenador pedag\u00f3gico do IFPI Dianderson \" width=\"300\" height=\"168\" srcset=\"https:\/\/portalv1.com.br\/app\/wp-content\/uploads\/2014\/12\/diandersom-300x168.jpg 300w, https:\/\/portalv1.com.br\/app\/wp-content\/uploads\/2014\/12\/diandersom.jpg 640w\" sizes=\"auto, (max-width: 300px) 100vw, 300px\" \/><\/a><figcaption id=\"caption-attachment-19793\" class=\"wp-caption-text\">Coordenador pedag\u00f3gico do IFPI Dianderson<\/figcaption><\/figure>\n<p>O Instituto Federal do Piau\u00ed, Campus de Valen\u00e7a est\u00e1 com inscri\u00e7\u00f5es abertas para os cursos integrados em Meio Ambiente e Administra\u00e7\u00e3o para alunos que est\u00e3o concluindo o 9\u00ba ano do ensino fundamental e concomitante\/subsequente em Administra\u00e7\u00e3o e Agricultura para alunos que est\u00e3o matriculados do 1\u00ba ao 3\u00ba ano do ensino m\u00e9dio.<\/p>\n<p>As inscri\u00e7\u00f5es que custam R$ 25 reais v\u00e3o at\u00e9 essa sexta-feira, 05 de dezembro e pode ser feita pelo endere\u00e7o eletr\u00f4nico <a href=\"http:\/\/www.ifpi.edu.br\">www.ifpi.edu.br<\/a>. O coordenador pedag\u00f3gico do IFPI Dianderson disse \u00e0 reportagem que ser\u00e3o oferecidas apenas 160 vagas, sendo 40 vagas em cada curso.<\/p>\n<p>Cursos:<\/p>\n<ol>\n<li>40 Vagas para o <strong>curso integrado<\/strong> em <strong>MEIO AMBIENTE<\/strong> \u2013 p\u00fablico alvo: Alunos que est\u00e3o concluindo o 9\u00b0 ano do ensino fundamental<\/li>\n<li>40 Vagas para o <strong>curso integrado e<\/strong>m <strong>ADMINISTRA\u00c7\u00c3O<\/strong> \u2013 p\u00fablico alvo: Alunos que est\u00e3o concluindo o 9\u00b0 ano do ensino fundamental<\/li>\n<\/ol>\n<ol start=\"3\">\n<li>40 Vagas para o curso <strong>Concomitante\/subsequente<\/strong> em <strong>ADMINISTRA\u00c7\u00c3O (Noite)<\/strong> \u2013 p\u00fablico alvo: Alunos que est\u00e3o matriculados do 1\u00b0 ao 3\u00b0 ano do ensino m\u00e9dio ou que j\u00e1 conclu\u00edram o ensino m\u00e9dio<\/li>\n<li>40 Vagas para o curso <strong>Concomitante\/subsequente<\/strong> em <strong>Agricultura (tarde)<\/strong> \u2013 p\u00fablico alvo: Alunos que est\u00e3o matriculados do 1\u00b0 ao 3\u00b0 ano do ensino m\u00e9dio ou que j\u00e1 conclu\u00edram o ensino m\u00e9dio.\u00a0<a href=\"https:\/\/portalv1.com.br\/app\/wp-content\/uploads\/2014\/12\/CLIQUE-AQUI-E-ACESSE-O-EDITAL.pdf\">CLIQUE AQUI E ACESSE O EDITAL<\/a><\/li>\n<\/ol>\n","protected":false},"excerpt":{"rendered":"<p>O Instituto Federal do Piau\u00ed, Campus de Valen\u00e7a est\u00e1 com inscri\u00e7\u00f5es abertas para os cursos integrados em Meio Ambiente e Administra\u00e7\u00e3o para alunos que est\u00e3o concluindo o 9\u00ba ano do&#8230;<\/p>\n","protected":false},"author":1,"featured_media":0,"comment_status":"open","ping_status":"open","sticky":false,"template":"","format":"standard","meta":{"ngg_post_thumbnail":0,"footnotes":""},"categories":[12],"tags":[],"class_list":["post-19792","post","type-post","status-publish","format-standard","hentry","category-valenca-news"],"views":1031,"meta_data":{"thumb":"https:\/\/portalv1.com.br\/app\/wp-content\/uploads\/2014\/12\/diandersom.jpg","data":{"simple":"01\/12\/2014","date_time":"01\/12\/2014 12:27:45","date":"h\u00e1 11 anos"},"chapeu":"Confira o edital ","source":"retirar"},"_links":{"self":[{"href":"https:\/\/portalv1.com.br\/api\/wp\/v2\/posts\/19792","targetHints":{"allow":["GET"]}}],"collection":[{"href":"https:\/\/portalv1.com.br\/api\/wp\/v2\/posts"}],"about":[{"href":"https:\/\/portalv1.com.br\/api\/wp\/v2\/types\/post"}],"author":[{"embeddable":true,"href":"https:\/\/portalv1.com.br\/api\/wp\/v2\/users\/1"}],"replies":[{"embeddable":true,"href":"https:\/\/portalv1.com.br\/api\/wp\/v2\/comments?post=19792"}],"version-history":[{"count":0,"href":"https:\/\/portalv1.com.br\/api\/wp\/v2\/posts\/19792\/revisions"}],"wp:attachment":[{"href":"https:\/\/portalv1.com.br\/api\/wp\/v2\/media?parent=19792"}],"wp:term":[{"taxonomy":"category","embeddable":true,"href":"https:\/\/portalv1.com.br\/api\/wp\/v2\/categories?post=19792"},{"taxonomy":"post_tag","embeddable":true,"href":"https:\/\/portalv1.com.br\/api\/wp\/v2\/tags?post=19792"}],"curies":[{"name":"wp","href":"https:\/\/api.w.org\/{rel}","templated":true}]}}