{"id":19797,"date":"2014-12-02T09:43:09","date_gmt":"2014-12-02T12:43:09","guid":{"rendered":"https:\/\/portalv1.com.br\/?p=19797"},"modified":"2014-12-03T10:06:24","modified_gmt":"2014-12-03T13:06:24","slug":"natal-solidario-tras-a-valenca-forro-da-curticao-e-arreio-de-ouro","status":"publish","type":"post","link":"https:\/\/portalv1.com.br\/natal-solidario-tras-a-valenca-forro-da-curticao-e-arreio-de-ouro\/","title":{"rendered":"Natal Solid\u00e1rio tr\u00e1s a Valen\u00e7a Forro da Curti\u00e7\u00e3o e Arreio de Ouro"},"content":{"rendered":"<figure id=\"attachment_19798\" aria-describedby=\"caption-attachment-19798\" style=\"width: 300px\" class=\"wp-caption alignright\"><a href=\"https:\/\/portalv1.com.br\/app\/wp-content\/uploads\/2014\/12\/IMG-20141130-WA0009.jpg\"><img loading=\"lazy\" decoding=\"async\" class=\"size-medium wp-image-19798\" src=\"https:\/\/portalv1.com.br\/app\/wp-content\/uploads\/2014\/12\/IMG-20141130-WA0009-300x419.jpg\" alt=\"Natal Solid\u00e1rio dos Amigos \" width=\"300\" height=\"419\" srcset=\"https:\/\/portalv1.com.br\/app\/wp-content\/uploads\/2014\/12\/IMG-20141130-WA0009-300x419.jpg 300w, https:\/\/portalv1.com.br\/app\/wp-content\/uploads\/2014\/12\/IMG-20141130-WA0009.jpg 458w\" sizes=\"auto, (max-width: 300px) 100vw, 300px\" \/><\/a><figcaption id=\"caption-attachment-19798\" class=\"wp-caption-text\">Natal Solid\u00e1rio dos Amigos<\/figcaption><\/figure>\n<p>A Shimamoto Produ\u00e7\u00f5es ir\u00e1 realizar no dia 19 de dezembro no Est\u00e1dio Gaud\u00eancio Veloso a primeira edi\u00e7\u00e3o do Natal Solid\u00e1rio dos Amigos com duas grandes atra\u00e7\u00f5es musicais Forro da Curti\u00e7\u00e3o e Arreio de Ouro.<\/p>\n<p>A entrada ser\u00e1 um kg de alimento n\u00e3o perec\u00edvel que ser\u00e1 revestido para as fam\u00edlias carentes de Valen\u00e7a. Os empres\u00e1rios Marcelo Casto e Venicio do \u00d3 est\u00e3o entre os apoiadores do evento que promete reunir um grande publico.<\/p>\n","protected":false},"excerpt":{"rendered":"<p>A Shimamoto Produ\u00e7\u00f5es ir\u00e1 realizar no dia 19 de dezembro no Est\u00e1dio Gaud\u00eancio Veloso a primeira edi\u00e7\u00e3o do Natal Solid\u00e1rio dos Amigos com duas grandes atra\u00e7\u00f5es musicais Forro da Curti\u00e7\u00e3o&#8230;<\/p>\n","protected":false},"author":1,"featured_media":0,"comment_status":"open","ping_status":"open","sticky":false,"template":"","format":"standard","meta":{"ngg_post_thumbnail":0,"footnotes":""},"categories":[243,12],"tags":[],"class_list":["post-19797","post","type-post","status-publish","format-standard","hentry","category-geral","category-valenca-news"],"views":570,"meta_data":{"thumb":"https:\/\/portalv1.com.br\/app\/wp-content\/uploads\/2014\/12\/IMG-20141130-WA0009.jpg","data":{"simple":"02\/12\/2014","date_time":"02\/12\/2014 06:43:09","date":"h\u00e1 11 anos"},"chapeu":"ENTRADA 1 KG DE ALEIMENTO","source":"retirar"},"_links":{"self":[{"href":"https:\/\/portalv1.com.br\/api\/wp\/v2\/posts\/19797","targetHints":{"allow":["GET"]}}],"collection":[{"href":"https:\/\/portalv1.com.br\/api\/wp\/v2\/posts"}],"about":[{"href":"https:\/\/portalv1.com.br\/api\/wp\/v2\/types\/post"}],"author":[{"embeddable":true,"href":"https:\/\/portalv1.com.br\/api\/wp\/v2\/users\/1"}],"replies":[{"embeddable":true,"href":"https:\/\/portalv1.com.br\/api\/wp\/v2\/comments?post=19797"}],"version-history":[{"count":0,"href":"https:\/\/portalv1.com.br\/api\/wp\/v2\/posts\/19797\/revisions"}],"wp:attachment":[{"href":"https:\/\/portalv1.com.br\/api\/wp\/v2\/media?parent=19797"}],"wp:term":[{"taxonomy":"category","embeddable":true,"href":"https:\/\/portalv1.com.br\/api\/wp\/v2\/categories?post=19797"},{"taxonomy":"post_tag","embeddable":true,"href":"https:\/\/portalv1.com.br\/api\/wp\/v2\/tags?post=19797"}],"curies":[{"name":"wp","href":"https:\/\/api.w.org\/{rel}","templated":true}]}}