{"id":198201,"date":"2024-04-23T13:15:11","date_gmt":"2024-04-23T16:15:11","guid":{"rendered":"https:\/\/portalv1.com.br\/?p=198201"},"modified":"2024-04-23T13:16:57","modified_gmt":"2024-04-23T16:16:57","slug":"governador-apresenta-projeto-de-concessao-dos-servicos-de-agua-e-esgoto-a-empresarios-paulistas","status":"publish","type":"post","link":"https:\/\/portalv1.com.br\/governador-apresenta-projeto-de-concessao-dos-servicos-de-agua-e-esgoto-a-empresarios-paulistas\/","title":{"rendered":"Governador apresenta projeto de concess\u00e3o dos servi\u00e7os de \u00e1gua e esgoto a empres\u00e1rios paulistas"},"content":{"rendered":"<p>O Governo do Estado, por meio da Secretaria da Administra\u00e7\u00e3o (Sead), realizou, nessa segunda-feira (22), em S\u00e3o Paulo (SP), um roadshow do projeto de Concess\u00e3o dos Servi\u00e7os de Abastecimento de \u00c1gua e Esgotamento Sanit\u00e1rio da Microrregi\u00e3o de \u00c1gua e Esgoto do Piau\u00ed (MRAE).<\/p>\n<p>Durante o evento, foram apresentados o modelo de concess\u00e3o, as metas e objetivos do projeto, al\u00e9m de informa\u00e7\u00f5es sobre o mercado de saneamento b\u00e1sico no Piau\u00ed. O evento reuniu empres\u00e1rios e investidores e contou com a presen\u00e7a do governador Rafael Fonteles; do secret\u00e1rio da Administra\u00e7\u00e3o, Samuel Nascimento, que tamb\u00e9m \u00e9 o secret\u00e1rio-geral da MRAE; e da superintendente de Parcerias e Concess\u00f5es do Estado, Monique Menezes.<\/p>\n<p>O governador apresentou n\u00fameros relacionados \u00e0 popula\u00e7\u00e3o e extens\u00e3o territorial do estado e ressaltou a evolu\u00e7\u00e3o econ\u00f4mica do Piau\u00ed. \u201cViemos demonstrar para os investidores, para as empresas interessadas, a import\u00e2ncia desse projeto para o estado e para o governo; [mostrar] o n\u00edvel de prioridade que este projeto tem no nosso plano de governo e nosso planejamento de longo prazo para o Piau\u00ed. Ao mesmo tempo, apresentar nossas credenciais para garantir seguran\u00e7a jur\u00eddica e atratividade econ\u00f4mico-financeira para os participantes desse futuro leil\u00e3o\u201d, disse Rafael Fonteles aos presentes.<a href=\"https:\/\/portalv1.com.br\/app\/wp-content\/uploads\/2024\/04\/2-1.jpeg\"><img loading=\"lazy\" decoding=\"async\" class=\"aligncenter size-large wp-image-198202\" src=\"https:\/\/portalv1.com.br\/app\/wp-content\/uploads\/2024\/04\/2-1-640x480.jpeg\" alt=\"\" width=\"600\" height=\"450\" srcset=\"https:\/\/portalv1.com.br\/app\/wp-content\/uploads\/2024\/04\/2-1-640x480.jpeg 640w, https:\/\/portalv1.com.br\/app\/wp-content\/uploads\/2024\/04\/2-1-300x225.jpeg 300w, https:\/\/portalv1.com.br\/app\/wp-content\/uploads\/2024\/04\/2-1-768x576.jpeg 768w, https:\/\/portalv1.com.br\/app\/wp-content\/uploads\/2024\/04\/2-1.jpeg 1000w\" sizes=\"auto, (max-width: 600px) 100vw, 600px\" \/><\/a><\/p>\n<p>A expectativa do governador \u00e9 que o certame seja realizado at\u00e9 o fim do m\u00eas de julho. O objetivo principal \u00e9 atender 99% da popula\u00e7\u00e3o do Piau\u00ed com \u00e1gua de qualidade em um prazo de oito anos. O esgotamento sanit\u00e1rio atender\u00e1 90% da popula\u00e7\u00e3o em 15 anos e o prazo para redu\u00e7\u00e3o das perdas de \u00e1gua em 30% ser\u00e1 de 8 anos. A concess\u00e3o ser\u00e1 por 35 anos, com um investimento total de R$ 8,6 bilh\u00f5es.<\/p>\n<p>\u201cReunimos os principais nomes do mercado de saneamento e poss\u00edveis investidores neste roadshow, que tem o objetivo de apresentar o projeto e atrair investidores interessados em participar do processo. A iniciativa faz parte de um esfor\u00e7o do Governo do Estado para melhorar a qualidade dos servi\u00e7os de saneamento b\u00e1sico e garantir o acesso \u00e0 \u00e1gua pot\u00e1vel e tratamento de esgoto para a popula\u00e7\u00e3o\u201d, explicou o secret\u00e1rio da Administra\u00e7\u00e3o, Samuel Nascimento.<\/p>\n<p>Tamb\u00e9m<strong>&nbsp;<\/strong>foram realizadas reuni\u00f5es individuais com empresas e fundos de investimentos, que seguir\u00e3o nesta ter\u00e7a-feira (23), com o intuito de fomentar o interesse de investidores no setor. \u201cEssas reuni\u00f5es individuais s\u00e3o para as empresas tirarem d\u00favidas espec\u00edficas, al\u00e9m de ser um momento de networking entre os participantes\u201d, destacou Monique Menezes, superintendente da Suparc.<a href=\"https:\/\/portalv1.com.br\/app\/wp-content\/uploads\/2024\/04\/1-1.jpeg\"><img loading=\"lazy\" decoding=\"async\" class=\"aligncenter size-large wp-image-198203\" src=\"https:\/\/portalv1.com.br\/app\/wp-content\/uploads\/2024\/04\/1-1-640x479.jpeg\" alt=\"\" width=\"600\" height=\"449\" srcset=\"https:\/\/portalv1.com.br\/app\/wp-content\/uploads\/2024\/04\/1-1-640x479.jpeg 640w, https:\/\/portalv1.com.br\/app\/wp-content\/uploads\/2024\/04\/1-1-300x225.jpeg 300w, https:\/\/portalv1.com.br\/app\/wp-content\/uploads\/2024\/04\/1-1-768x575.jpeg 768w, https:\/\/portalv1.com.br\/app\/wp-content\/uploads\/2024\/04\/1-1.jpeg 1000w\" sizes=\"auto, (max-width: 600px) 100vw, 600px\" \/><\/a><\/p>\n<p><strong>Microrregional de \u00c1gua e Esgoto (MRAE)<\/strong><\/p>\n<p>Os documentos relativos ao projeto de Concess\u00e3o est\u00e3o dispon\u00edveis, na \u00edntegra, at\u00e9 o dia 26 de abril, no site&nbsp;<a href=\"https:\/\/suparc.sead.pi.gov.br\/mrae-consulta-publica\/\" target=\"_blank\" rel=\"noopener noreferrer\">https:\/\/suparc.sead.pi.gov.br\/mrae-consulta-publica<\/a>. O objetivo da microrregi\u00e3o de \u00e1gua e esgoto do estado do Piau\u00ed \u00e9 cumprir as prerrogativas legais do Novo Marco Regulat\u00f3rio do Saneamento B\u00e1sico.<\/p>\n<p>De acordo com as leis federais n\u00ba 11405\/2007 e n\u00ba 14.026\/2020 e pela lei complementar estadual n\u00ba 262\/2022, a meta \u00e9 universalizar o acesso \u00e0 \u00e1gua pot\u00e1vel e viabilizar a coleta de esgoto a 90% da popula\u00e7\u00e3o. O projeto que determina a cria\u00e7\u00e3o da MRAE abrange 11 microrregi\u00f5es do Piau\u00ed.<\/p>\n","protected":false},"excerpt":{"rendered":"<p>O Governo do Estado, por meio da Secretaria da Administra\u00e7\u00e3o (Sead), realizou, nessa segunda-feira (22), em S\u00e3o Paulo (SP), um roadshow do projeto de Concess\u00e3o dos Servi\u00e7os de Abastecimento de&#8230;<\/p>\n","protected":false},"author":1,"featured_media":198202,"comment_status":"open","ping_status":"open","sticky":false,"template":"","format":"standard","meta":{"ngg_post_thumbnail":0,"footnotes":""},"categories":[243],"tags":[],"class_list":["post-198201","post","type-post","status-publish","format-standard","has-post-thumbnail","hentry","category-geral"],"views":84,"meta_data":{"thumb":"https:\/\/portalv1.com.br\/app\/wp-content\/uploads\/2024\/04\/2-1.jpeg","imagem":{"fullsize":{"url":"https:\/\/portalv1.com.br\/app\/wp-content\/uploads\/2024\/04\/2-1.jpeg","width":1000,"height":750},"medium":{"url":"https:\/\/portalv1.com.br\/app\/wp-content\/uploads\/2024\/04\/2-1-300x225.jpeg","width":300,"height":225},"large":{"url":"https:\/\/portalv1.com.br\/app\/wp-content\/uploads\/2024\/04\/2-1-640x480.jpeg","width":640,"height":480},"thumbnail":{"url":"https:\/\/portalv1.com.br\/app\/wp-content\/uploads\/2024\/04\/2-1-100x100.jpeg","width":100,"height":100},"medium_large":{"url":"https:\/\/portalv1.com.br\/app\/wp-content\/uploads\/2024\/04\/2-1-768x576.jpeg","width":768,"height":576}},"data":{"simple":"23\/04\/2024","date_time":"23\/04\/2024 10:15:11","date":"h\u00e1 2 anos"},"chapeu":"Agespisa ","source":"m_destacada"},"_links":{"self":[{"href":"https:\/\/portalv1.com.br\/api\/wp\/v2\/posts\/198201","targetHints":{"allow":["GET"]}}],"collection":[{"href":"https:\/\/portalv1.com.br\/api\/wp\/v2\/posts"}],"about":[{"href":"https:\/\/portalv1.com.br\/api\/wp\/v2\/types\/post"}],"author":[{"embeddable":true,"href":"https:\/\/portalv1.com.br\/api\/wp\/v2\/users\/1"}],"replies":[{"embeddable":true,"href":"https:\/\/portalv1.com.br\/api\/wp\/v2\/comments?post=198201"}],"version-history":[{"count":0,"href":"https:\/\/portalv1.com.br\/api\/wp\/v2\/posts\/198201\/revisions"}],"wp:featuredmedia":[{"embeddable":true,"href":"https:\/\/portalv1.com.br\/api\/wp\/v2\/media\/198202"}],"wp:attachment":[{"href":"https:\/\/portalv1.com.br\/api\/wp\/v2\/media?parent=198201"}],"wp:term":[{"taxonomy":"category","embeddable":true,"href":"https:\/\/portalv1.com.br\/api\/wp\/v2\/categories?post=198201"},{"taxonomy":"post_tag","embeddable":true,"href":"https:\/\/portalv1.com.br\/api\/wp\/v2\/tags?post=198201"}],"curies":[{"name":"wp","href":"https:\/\/api.w.org\/{rel}","templated":true}]}}