{"id":19835,"date":"2014-12-05T17:01:50","date_gmt":"2014-12-05T20:01:50","guid":{"rendered":"https:\/\/portalv1.com.br\/?p=19835"},"modified":"2014-12-05T17:01:50","modified_gmt":"2014-12-05T20:01:50","slug":"margarete-coelho-assina-termo-de-compromisso-com-movimento-brasil-competitivo","status":"publish","type":"post","link":"https:\/\/portalv1.com.br\/margarete-coelho-assina-termo-de-compromisso-com-movimento-brasil-competitivo\/","title":{"rendered":"Margarete Coelho assina termo de compromisso com Movimento Brasil Competitivo"},"content":{"rendered":"<figure id=\"attachment_19840\" aria-describedby=\"caption-attachment-19840\" style=\"width: 300px\" class=\"wp-caption alignright\"><a href=\"https:\/\/portalv1.com.br\/app\/wp-content\/uploads\/2014\/12\/Margarete-Coelho-vice.jpg\"><img loading=\"lazy\" decoding=\"async\" class=\"wp-image-19840 size-medium\" src=\"https:\/\/portalv1.com.br\/app\/wp-content\/uploads\/2014\/12\/Margarete-Coelho-vice-300x225.jpg\" alt=\" Vice-governadora eleita, Margarete Coelho\" width=\"300\" height=\"225\" srcset=\"https:\/\/portalv1.com.br\/app\/wp-content\/uploads\/2014\/12\/Margarete-Coelho-vice-300x225.jpg 300w, https:\/\/portalv1.com.br\/app\/wp-content\/uploads\/2014\/12\/Margarete-Coelho-vice.jpg 640w\" sizes=\"auto, (max-width: 300px) 100vw, 300px\" \/><\/a><figcaption id=\"caption-attachment-19840\" class=\"wp-caption-text\">Vice-governadora eleita, Margarete Coelho<\/figcaption><\/figure>\n<p class=\"ecxMsoNormal\">O Pia<span class=\"ecxtextexposedshow\">u\u00ed aderiu <\/span>ao movimento pela melhoria da gest\u00e3o p\u00fablica no Brasil liderado pelo Movimento Brasil Competitivo \u2013 MBC, por meio do Programa Modernizando a Gest\u00e3o P\u00fablica (PMGP).\u00a0 A vice-governadora eleita, Margarete Coelho (PP), representando o Estado assinou termo d<span class=\"ecxtextexposedshow\">e compromisso durante reuni\u00e3o de trabalho no\u00a0Encontro<\/span> de Encerramento das Atividades de 2014, em S\u00e3o Paulo.<\/p>\n<p class=\"ecxMsoNormal\">Com intuito de reduzir as desigualdades socioecon\u00f4micas, melhorar a qualidade dos servi\u00e7os oferecidos \u00e0 popula\u00e7\u00e3o e, consequentemente, a qualidade de vida dos cidad\u00e3os, o PMGP \u00e9 respons\u00e1vel por implantar projetos nos Governos Federal, Estaduais e Municipais.\u00a0 Neste encontro, Irani Carlos Varella, diretor volunt\u00e1rio e Romeu Luiz Neto, Superintendente do Movimento Brasil Competitivo apresentaram o movimento com as possibilidades e os desafios da pr\u00f3xima gest\u00e3o estadual.<\/p>\n<p class=\"ecxMsoNormal\">\u00a0\u201cA melhoria da gest\u00e3o de recursos p\u00fablicos e da governan\u00e7a ser\u00e1 a t\u00f4nica do governo de Wellington Dias. A parceria do movimento com o Estado vai garantir aos piauienses uma melhor gest\u00e3o p\u00fablica, principalmente da seguran\u00e7a p\u00fablica e mortalidade infantil que, segundo estudo apresentado, os indicadores do Piau\u00ed s\u00e3o preocupantes\u201d, explicou Margarete Coelho.<\/p>\n<p class=\"ecxMsoNormal\"><em>Na ocasi\u00e3o, o <\/em>diretor Associado da Macroplan, Gustavo Morelli, tamb\u00e9m <em>apresentou <\/em>o Estudo \u201cO Desafio da Gest\u00e3o Estadual\u201d para os governadores eleitos do MT, MS, DF, RN, GO, o presidente do TCU, do TJ do Maranh\u00e3o, prefeito de Recife e a delegada e diretora da Academia de Pol\u00edcia Civil do Estado do<span class=\"ecxapple-converted-space\">\u00a0<\/span><em>Piau\u00ed, Eug\u00eania Villa.\u00a0<\/em><\/p>\n<p class=\"ecxMsoNormal\">O Piau\u00ed atrav\u00e9s da ACADEPOL j\u00e1 vem desenvolvendo projetos na \u00e1rea de gest\u00e3o estrat\u00e9gica nas institui\u00e7\u00f5es de seguran\u00e7a p\u00fablica, os quais, dois ficaram em primeiro lugar na avalia\u00e7\u00e3o com perspectiva de mais dois projetos na \u00e1rea de valoriza\u00e7\u00e3o profissional. \u201cTivemos conhecimento de como foi o desempenho dos Estados, que heran\u00e7a os novos governos est\u00e3o recebendo e quais as estrat\u00e9gias para acelerar a obten\u00e7\u00e3o de resultados. Visto isso, vamos trabalhar para alterar a realidade encontrada, contribuindo para a melhoria da gest\u00e3o p\u00fablica no pa\u00eds\u201d, ressaltou a vice-governadora eleita.<\/p>\n","protected":false},"excerpt":{"rendered":"<p>O Piau\u00ed aderiu ao movimento pela melhoria da gest\u00e3o p\u00fablica no Brasil liderado pelo Movimento Brasil Competitivo \u2013 MBC, por meio do Programa Modernizando a Gest\u00e3o P\u00fablica (PMGP).\u00a0 A vice-governadora&#8230;<\/p>\n","protected":false},"author":1,"featured_media":0,"comment_status":"open","ping_status":"open","sticky":false,"template":"","format":"standard","meta":{"ngg_post_thumbnail":0,"footnotes":""},"categories":[12],"tags":[],"class_list":["post-19835","post","type-post","status-publish","format-standard","hentry","category-valenca-news"],"views":303,"meta_data":{"thumb":"https:\/\/portalv1.com.br\/app\/wp-content\/uploads\/2014\/12\/Margarete-Coelho-vice.jpg","data":{"simple":"05\/12\/2014","date_time":"05\/12\/2014 14:01:50","date":"h\u00e1 11 anos"},"chapeu":"Mais Piaui ","source":"m_destacada"},"_links":{"self":[{"href":"https:\/\/portalv1.com.br\/api\/wp\/v2\/posts\/19835","targetHints":{"allow":["GET"]}}],"collection":[{"href":"https:\/\/portalv1.com.br\/api\/wp\/v2\/posts"}],"about":[{"href":"https:\/\/portalv1.com.br\/api\/wp\/v2\/types\/post"}],"author":[{"embeddable":true,"href":"https:\/\/portalv1.com.br\/api\/wp\/v2\/users\/1"}],"replies":[{"embeddable":true,"href":"https:\/\/portalv1.com.br\/api\/wp\/v2\/comments?post=19835"}],"version-history":[{"count":0,"href":"https:\/\/portalv1.com.br\/api\/wp\/v2\/posts\/19835\/revisions"}],"wp:attachment":[{"href":"https:\/\/portalv1.com.br\/api\/wp\/v2\/media?parent=19835"}],"wp:term":[{"taxonomy":"category","embeddable":true,"href":"https:\/\/portalv1.com.br\/api\/wp\/v2\/categories?post=19835"},{"taxonomy":"post_tag","embeddable":true,"href":"https:\/\/portalv1.com.br\/api\/wp\/v2\/tags?post=19835"}],"curies":[{"name":"wp","href":"https:\/\/api.w.org\/{rel}","templated":true}]}}