{"id":19875,"date":"2014-12-11T00:36:39","date_gmt":"2014-12-11T03:36:39","guid":{"rendered":"https:\/\/portalv1.com.br\/?p=19875"},"modified":"2014-12-11T00:42:40","modified_gmt":"2014-12-11T03:42:40","slug":"educacao-de-lagoa-do-sitio-realizo-ii-seminario-do-pnaic-fotos","status":"publish","type":"post","link":"https:\/\/portalv1.com.br\/educacao-de-lagoa-do-sitio-realizo-ii-seminario-do-pnaic-fotos\/","title":{"rendered":"Educa\u00e7\u00e3o de Lagoa do Sitio realiza II Semin\u00e1rio do PNAIC. Fotos"},"content":{"rendered":"<figure id=\"attachment_19876\" aria-describedby=\"caption-attachment-19876\" style=\"width: 300px\" class=\"wp-caption alignright\"><a href=\"https:\/\/portalv1.com.br\/app\/wp-content\/uploads\/2014\/12\/20141210_084608.jpg\"><img loading=\"lazy\" decoding=\"async\" class=\"size-medium wp-image-19876\" src=\"https:\/\/portalv1.com.br\/app\/wp-content\/uploads\/2014\/12\/20141210_084608-300x168.jpg\" alt=\"II Semin\u00e1rio do PNAIC\" width=\"300\" height=\"168\" srcset=\"https:\/\/portalv1.com.br\/app\/wp-content\/uploads\/2014\/12\/20141210_084608-300x168.jpg 300w, https:\/\/portalv1.com.br\/app\/wp-content\/uploads\/2014\/12\/20141210_084608.jpg 640w\" sizes=\"auto, (max-width: 300px) 100vw, 300px\" \/><\/a><figcaption id=\"caption-attachment-19876\" class=\"wp-caption-text\">II Semin\u00e1rio do PNAIC<\/figcaption><\/figure>\n<p>A Secretaria de Educa\u00e7\u00e3o de Lagoa do S\u00edtio realizou no dia 10 de dezembro de 2014 o II Semin\u00e1rio Municipal do Pacto Nacional de Alfabetiza\u00e7\u00e3o-PNAIC. O Semin\u00e1rio contou com a participa\u00e7\u00e3o do Secret\u00e1rio de Educa\u00e7\u00e3o Professor Nilton Filho, da Equipe Local do PNAIC, e dos Professores Alfabetizadores da Rede Municipal.<\/p>\n<p>A Professora Geane Vieira participou do evento ministrando a palestra Matem\u00e1tica na Perspectiva do Letramento: Um Repensar da Pr\u00e1tica Pedag\u00f3gica.<\/p>\n<p>Professores realizaram exposi\u00e7\u00f5es e socializaram os trabalhos realizados em 2014. Dentre os trabalhos tiveram destaque o Projeto de leitura Sacola Viajante e o Projeto Jogos Matem\u00e1ticos e Alfabetiza\u00e7\u00e3o: Uma Perfeita Combina\u00e7\u00e3o. Todos os participantes foram unanimes em afirmar da import\u00e2ncia do semin\u00e1rio e suas aplica\u00e7\u00f5es para o contexto educacional. Veja fotos<\/p>\n<p><strong><div class=\"ngg-galleryoverview\" data-widget=\"Galeria\" data-props='{&quot;galeria&quot;:{&quot;gallery_id&quot;:1692,&quot;total&quot;:11,&quot;max_page&quot;:1,&quot;page&quot;:1,&quot;images&quot;:[{&quot;pid&quot;:34603,&quot;imageURL&quot;:&quot;https:\\\/\\\/portalv1.com.br\\\/app\\\/wp-content\\\/gallery\\\/lagoa_3\\\/20141210_081307.jpg?t=1706447866&quot;,&quot;thumbnailURL&quot;:&quot;https:\\\/\\\/portalv1.com.br\\\/app\\\/wp-content\\\/gallery\\\/lagoa_3\\\/thumbs\\\/thumbs_20141210_081307.jpg?t=1706447866&quot;,&quot;description&quot;:&quot; &quot;,&quot;alttext&quot;:&quot;20141210_081307&quot;,&quot;style&quot;:&quot;&quot;},{&quot;pid&quot;:34604,&quot;imageURL&quot;:&quot;https:\\\/\\\/portalv1.com.br\\\/app\\\/wp-content\\\/gallery\\\/lagoa_3\\\/20141210_081600.jpg?t=1706463234&quot;,&quot;thumbnailURL&quot;:&quot;https:\\\/\\\/portalv1.com.br\\\/app\\\/wp-content\\\/gallery\\\/lagoa_3\\\/thumbs\\\/thumbs_20141210_081600.jpg?t=1706463234&quot;,&quot;description&quot;:&quot; &quot;,&quot;alttext&quot;:&quot;20141210_081600&quot;,&quot;style&quot;:&quot;&quot;},{&quot;pid&quot;:34605,&quot;imageURL&quot;:&quot;https:\\\/\\\/portalv1.com.br\\\/app\\\/wp-content\\\/gallery\\\/lagoa_3\\\/20141210_081756.jpg?t=1706447814&quot;,&quot;thumbnailURL&quot;:&quot;https:\\\/\\\/portalv1.com.br\\\/app\\\/wp-content\\\/gallery\\\/lagoa_3\\\/thumbs\\\/thumbs_20141210_081756.jpg?t=1706447814&quot;,&quot;description&quot;:&quot; &quot;,&quot;alttext&quot;:&quot;20141210_081756&quot;,&quot;style&quot;:&quot;&quot;},{&quot;pid&quot;:34606,&quot;imageURL&quot;:&quot;https:\\\/\\\/portalv1.com.br\\\/app\\\/wp-content\\\/gallery\\\/lagoa_3\\\/20141210_081937.jpg?t=1706447857&quot;,&quot;thumbnailURL&quot;:&quot;https:\\\/\\\/portalv1.com.br\\\/app\\\/wp-content\\\/gallery\\\/lagoa_3\\\/thumbs\\\/thumbs_20141210_081937.jpg?t=1706447857&quot;,&quot;description&quot;:&quot; &quot;,&quot;alttext&quot;:&quot;20141210_081937&quot;,&quot;style&quot;:&quot;&quot;},{&quot;pid&quot;:34607,&quot;imageURL&quot;:&quot;https:\\\/\\\/portalv1.com.br\\\/app\\\/wp-content\\\/gallery\\\/lagoa_3\\\/20141210_082440.jpg?t=1706447874&quot;,&quot;thumbnailURL&quot;:&quot;https:\\\/\\\/portalv1.com.br\\\/app\\\/wp-content\\\/gallery\\\/lagoa_3\\\/thumbs\\\/thumbs_20141210_082440.jpg?t=1706447874&quot;,&quot;description&quot;:&quot; &quot;,&quot;alttext&quot;:&quot;20141210_082440&quot;,&quot;style&quot;:&quot;&quot;},{&quot;pid&quot;:34608,&quot;imageURL&quot;:&quot;https:\\\/\\\/portalv1.com.br\\\/app\\\/wp-content\\\/gallery\\\/lagoa_3\\\/20141210_082625.jpg?t=1706447849&quot;,&quot;thumbnailURL&quot;:&quot;https:\\\/\\\/portalv1.com.br\\\/app\\\/wp-content\\\/gallery\\\/lagoa_3\\\/thumbs\\\/thumbs_20141210_082625.jpg?t=1706447849&quot;,&quot;description&quot;:&quot; &quot;,&quot;alttext&quot;:&quot;20141210_082625&quot;,&quot;style&quot;:&quot;&quot;},{&quot;pid&quot;:34609,&quot;imageURL&quot;:&quot;https:\\\/\\\/portalv1.com.br\\\/app\\\/wp-content\\\/gallery\\\/lagoa_3\\\/20141210_083210.jpg?t=1706454139&quot;,&quot;thumbnailURL&quot;:&quot;https:\\\/\\\/portalv1.com.br\\\/app\\\/wp-content\\\/gallery\\\/lagoa_3\\\/thumbs\\\/thumbs_20141210_083210.jpg?t=1706454139&quot;,&quot;description&quot;:&quot; &quot;,&quot;alttext&quot;:&quot;20141210_083210&quot;,&quot;style&quot;:&quot;&quot;},{&quot;pid&quot;:34610,&quot;imageURL&quot;:&quot;https:\\\/\\\/portalv1.com.br\\\/app\\\/wp-content\\\/gallery\\\/lagoa_3\\\/20141210_084608.jpg?t=1706447840&quot;,&quot;thumbnailURL&quot;:&quot;https:\\\/\\\/portalv1.com.br\\\/app\\\/wp-content\\\/gallery\\\/lagoa_3\\\/thumbs\\\/thumbs_20141210_084608.jpg?t=1706447840&quot;,&quot;description&quot;:&quot; &quot;,&quot;alttext&quot;:&quot;20141210_084608&quot;,&quot;style&quot;:&quot;&quot;},{&quot;pid&quot;:34611,&quot;imageURL&quot;:&quot;https:\\\/\\\/portalv1.com.br\\\/app\\\/wp-content\\\/gallery\\\/lagoa_3\\\/20141210_090913.jpg?t=1706447832&quot;,&quot;thumbnailURL&quot;:&quot;https:\\\/\\\/portalv1.com.br\\\/app\\\/wp-content\\\/gallery\\\/lagoa_3\\\/thumbs\\\/thumbs_20141210_090913.jpg?t=1706447832&quot;,&quot;description&quot;:&quot; &quot;,&quot;alttext&quot;:&quot;20141210_090913&quot;,&quot;style&quot;:&quot;&quot;},{&quot;pid&quot;:34612,&quot;imageURL&quot;:&quot;https:\\\/\\\/portalv1.com.br\\\/app\\\/wp-content\\\/gallery\\\/lagoa_3\\\/20141210_093118.jpg?t=1706447823&quot;,&quot;thumbnailURL&quot;:&quot;https:\\\/\\\/portalv1.com.br\\\/app\\\/wp-content\\\/gallery\\\/lagoa_3\\\/thumbs\\\/thumbs_20141210_093118.jpg?t=1706447823&quot;,&quot;description&quot;:&quot; &quot;,&quot;alttext&quot;:&quot;20141210_093118&quot;,&quot;style&quot;:&quot;&quot;},{&quot;pid&quot;:34613,&quot;imageURL&quot;:&quot;https:\\\/\\\/portalv1.com.br\\\/app\\\/wp-content\\\/gallery\\\/lagoa_3\\\/20141210_123447.jpg?t=1706447808&quot;,&quot;thumbnailURL&quot;:&quot;https:\\\/\\\/portalv1.com.br\\\/app\\\/wp-content\\\/gallery\\\/lagoa_3\\\/thumbs\\\/thumbs_20141210_123447.jpg?t=1706447808&quot;,&quot;description&quot;:&quot; &quot;,&quot;alttext&quot;:&quot;20141210_123447&quot;,&quot;style&quot;:&quot;&quot;}]}}'><\/div><\/strong>.<\/p>\n","protected":false},"excerpt":{"rendered":"<p>A Secretaria de Educa\u00e7\u00e3o de Lagoa do S\u00edtio realizou no dia 10 de dezembro de 2014 o II Semin\u00e1rio Municipal do Pacto Nacional de Alfabetiza\u00e7\u00e3o-PNAIC. O Semin\u00e1rio contou com a&#8230;<\/p>\n","protected":false},"author":1,"featured_media":0,"comment_status":"open","ping_status":"open","sticky":false,"template":"","format":"standard","meta":{"ngg_post_thumbnail":0,"footnotes":""},"categories":[12],"tags":[],"class_list":["post-19875","post","type-post","status-publish","format-standard","hentry","category-valenca-news"],"views":612,"meta_data":{"thumb":"https:\/\/portalv1.com.br\/app\/wp-content\/uploads\/2014\/12\/20141210_084608.jpg","data":{"simple":"10\/12\/2014","date_time":"10\/12\/2014 21:36:39","date":"h\u00e1 11 anos"},"chapeu":"Mais Educa\u00e7\u00e3o ","source":"slide"},"_links":{"self":[{"href":"https:\/\/portalv1.com.br\/api\/wp\/v2\/posts\/19875","targetHints":{"allow":["GET"]}}],"collection":[{"href":"https:\/\/portalv1.com.br\/api\/wp\/v2\/posts"}],"about":[{"href":"https:\/\/portalv1.com.br\/api\/wp\/v2\/types\/post"}],"author":[{"embeddable":true,"href":"https:\/\/portalv1.com.br\/api\/wp\/v2\/users\/1"}],"replies":[{"embeddable":true,"href":"https:\/\/portalv1.com.br\/api\/wp\/v2\/comments?post=19875"}],"version-history":[{"count":0,"href":"https:\/\/portalv1.com.br\/api\/wp\/v2\/posts\/19875\/revisions"}],"wp:attachment":[{"href":"https:\/\/portalv1.com.br\/api\/wp\/v2\/media?parent=19875"}],"wp:term":[{"taxonomy":"category","embeddable":true,"href":"https:\/\/portalv1.com.br\/api\/wp\/v2\/categories?post=19875"},{"taxonomy":"post_tag","embeddable":true,"href":"https:\/\/portalv1.com.br\/api\/wp\/v2\/tags?post=19875"}],"curies":[{"name":"wp","href":"https:\/\/api.w.org\/{rel}","templated":true}]}}