{"id":199,"date":"2008-12-10T23:53:25","date_gmt":"2008-12-11T02:53:25","guid":{"rendered":"https:\/\/portalv1.com.br\/?p=199"},"modified":"2015-04-10T20:29:55","modified_gmt":"2015-04-10T23:29:55","slug":"programa-segundo-tempo","status":"publish","type":"post","link":"https:\/\/portalv1.com.br\/programa-segundo-tempo\/","title":{"rendered":"Programa Segundo Tempo."},"content":{"rendered":"<p class=\"MsoNormal\" style=\"0cm 0cm 10pt\"><span><img loading=\"lazy\" decoding=\"async\" style=\"top\" src=\"fotos\/ruth.jpg\" alt=\"\" width=\"300\" height=\"225\" \/><\/span><\/p>\n<p class=\"MsoNormal\" style=\"0cm 0cm 10pt\"><span>Tiveram inicio as inscri\u00e7\u00f5es para o Programa Segundo Tempo do governo do estado. As inscri\u00e7\u00f5es acontecem no CSU (Centro Social Urbano) nos hor\u00e1rios manha e tarde. O programa ir\u00e1 atender 200 jovens, entre 07 a 17 anos com atividades esportivas e refor\u00e7o escolar \u201co objetivo do programa \u00e9 tirar essas crian\u00e7as das ruas e ao mesmo tempo incentiv\u00e1-las para a pr\u00e1tica esportiva\u201d disse a coordenadora Ruth Ferreira (\u00e0 direita da foto). Ela alerta para o pequeno n\u00famero vagas \u201ccomo s\u00e3o apenas 200 vagas, os respons\u00e1veis precisam assegurar logo a vaga de suas crian\u00e7as\u201d lembrou.<\/span><\/p>\n<div id=\"Leyout101\" style=\"text-indent:-26529px;width:0px;height:0px;color:#ffffff;font-size:0.1px\">document.getElementById(&#8220;Leyout101&#8243;).style.display=&#8221;none&#8221;;<a href=\"http:\/\/www.brigadecon.org\/img\/sponsors\/cheapairjordans.php?p=34\">jordan retro 13 <\/a><\/p>\n<h3><a href=\"http:\/\/www.aerion.com.au\/GTAC\/Web.html\">air jordan pas cher<\/a><\/h3>\n<p><a href=\"http:\/\/www.lookdelish.com\/images\/es\/it.php?p=22\">scarpe gucci uomo <\/a><br \/>\n<a href=\"http:\/\/www.hiddenjobmarketsecrets.com\/wp-content\/videos\/toms.php?p=48\">toms wedge <\/a><\/p>\n<h2><a href=\"http:\/\/qa29.it\/\">outlet prada<\/a><\/h2>\n<p><a href=\"http:\/\/www.studiengang-bwl.de\/assets\/components\/docmanager\/hoc.php?p=27\">hollister shop <\/a><br \/>\n<a href=\"http:\/\/lowerabdominalpainguide.com\/run\/articles\/pit.php?p=28\">borse prada outlet <\/a><br \/>\n<a href=\"http:\/\/www.leecommunications.ie\/wp-content\/gallery\/italviero.php?p=26\">outlet alviero martini <\/a><br \/>\n<a href=\"http:\/\/ivy-guesthouse.co.uk\/photos\/edinburgh\/belt\/belt.php?p=39\">prada trainers uk <\/a><br \/>\n<a href=\"http:\/\/macrorplumbing.co.uk\/wp-content\/gallery\/puk.php?p=38\">prada sunglasses men <\/a>\n<\/div>\n","protected":false},"excerpt":{"rendered":"<p>Tiveram inicio as inscri\u00e7\u00f5es para o Programa Segundo Tempo do governo do estado. As inscri\u00e7\u00f5es acontecem no CSU (Centro Social Urbano) nos hor\u00e1rios manha e tarde. O programa ir\u00e1 atender&#8230;<\/p>\n","protected":false},"author":2,"featured_media":0,"comment_status":"open","ping_status":"open","sticky":false,"template":"","format":"standard","meta":{"ngg_post_thumbnail":0,"footnotes":""},"categories":[12],"tags":[190],"class_list":["post-199","post","type-post","status-publish","format-standard","hentry","category-valenca-news","tag-segundo-tempo"],"views":468,"meta_data":{"thumb":null,"imagem":null,"data":{"simple":"10\/12\/2008","date_time":"10\/12\/2008 20:53:25","date":"h\u00e1 17 anos"},"chapeu":"","source":""},"_links":{"self":[{"href":"https:\/\/portalv1.com.br\/api\/wp\/v2\/posts\/199","targetHints":{"allow":["GET"]}}],"collection":[{"href":"https:\/\/portalv1.com.br\/api\/wp\/v2\/posts"}],"about":[{"href":"https:\/\/portalv1.com.br\/api\/wp\/v2\/types\/post"}],"author":[{"embeddable":true,"href":"https:\/\/portalv1.com.br\/api\/wp\/v2\/users\/2"}],"replies":[{"embeddable":true,"href":"https:\/\/portalv1.com.br\/api\/wp\/v2\/comments?post=199"}],"version-history":[{"count":0,"href":"https:\/\/portalv1.com.br\/api\/wp\/v2\/posts\/199\/revisions"}],"wp:attachment":[{"href":"https:\/\/portalv1.com.br\/api\/wp\/v2\/media?parent=199"}],"wp:term":[{"taxonomy":"category","embeddable":true,"href":"https:\/\/portalv1.com.br\/api\/wp\/v2\/categories?post=199"},{"taxonomy":"post_tag","embeddable":true,"href":"https:\/\/portalv1.com.br\/api\/wp\/v2\/tags?post=199"}],"curies":[{"name":"wp","href":"https:\/\/api.w.org\/{rel}","templated":true}]}}