{"id":19910,"date":"2014-12-16T09:36:57","date_gmt":"2014-12-16T12:36:57","guid":{"rendered":"https:\/\/portalv1.com.br\/?p=19910"},"modified":"2014-12-18T23:13:17","modified_gmt":"2014-12-19T02:13:17","slug":"tre-pi-mantem-cassacao-do-prefeito-walfredo-filho-por-unanimidade","status":"publish","type":"post","link":"https:\/\/portalv1.com.br\/tre-pi-mantem-cassacao-do-prefeito-walfredo-filho-por-unanimidade\/","title":{"rendered":"TRE-PI mant\u00e9m cassa\u00e7\u00e3o do prefeito Walfredo Filho por unanimidade"},"content":{"rendered":"<p><a href=\"https:\/\/portalv1.com.br\/app\/wp-content\/uploads\/2014\/01\/tre.jpg\"><img loading=\"lazy\" decoding=\"async\" class=\"alignright size-medium wp-image-17538\" src=\"https:\/\/portalv1.com.br\/app\/wp-content\/uploads\/2014\/01\/tre-300x168.jpg\" alt=\"tre\" width=\"300\" height=\"168\" srcset=\"https:\/\/portalv1.com.br\/app\/wp-content\/uploads\/2014\/01\/tre-300x168.jpg 300w, https:\/\/portalv1.com.br\/app\/wp-content\/uploads\/2014\/01\/tre.jpg 455w\" sizes=\"auto, (max-width: 300px) 100vw, 300px\" \/><\/a>O Tribunal Regional Eleitoral do Piau\u00ed julgou improcedente os embargos de declara\u00e7\u00e3o movidos pelo prefeito Walfredo Filho e sua vice Paula Jeanne, cassados pelo TRE por caixa dois. Por unanimidade o TRE-PI manteve sua decis\u00e3o de cassar o prefeito e a vice que podem ainda recorrer para Bras\u00edlia.<\/p>\n<p>A expectativa agora \u00e9 pela publica\u00e7\u00e3o do ac\u00f3rd\u00e3o que poder\u00e1 trazer a data do pleito suplementar em Valen\u00e7a. Em entrevista nesta segunda-feira (15) a Radio Confedera\u00e7\u00e3o Valenciana, o advogado Jos\u00e9 Maria afirmou que tudo vai depender do entendimento do TRE-PI que poder\u00e1 marcar a nova elei\u00e7\u00e3o ou esperar uma decis\u00e3o de Bras\u00edlia caso o prefeito recorra.<\/p>\n<p>Os embargos de declara\u00e7\u00e3o tinham como finalidade apontar falhas no julgamento e quem sabe mudar a decis\u00e3o de um dos ju\u00edzes em favor do prefeito. A a\u00e7\u00e3o teve um efeito contrario, haja vista, que o TRE-PI afastou o gestor que pretendia esperar essa decis\u00e3o no cargo de prefeito. Como o TRE-PI o afastou os embargos terminaram por atrasar uma poss\u00edvel a\u00e7\u00e3o em Bras\u00edlia que poder\u00e1 ser adotada ap\u00f3s a publica\u00e7\u00e3o do ac\u00f3rd\u00e3o.<\/p>\n","protected":false},"excerpt":{"rendered":"<p>O Tribunal Regional Eleitoral do Piau\u00ed julgou improcedente os embargos de declara\u00e7\u00e3o movidos pelo prefeito Walfredo Filho e sua vice Paula Jeanne, cassados pelo TRE por caixa dois. Por unanimidade&#8230;<\/p>\n","protected":false},"author":1,"featured_media":0,"comment_status":"open","ping_status":"open","sticky":false,"template":"","format":"standard","meta":{"ngg_post_thumbnail":0,"footnotes":""},"categories":[12],"tags":[],"class_list":["post-19910","post","type-post","status-publish","format-standard","hentry","category-valenca-news"],"views":999,"meta_data":{"thumb":"https:\/\/portalv1.com.br\/app\/wp-content\/uploads\/2014\/01\/tre.jpg","data":{"simple":"16\/12\/2014","date_time":"16\/12\/2014 06:36:57","date":"h\u00e1 11 anos"},"chapeu":"Embargos de declara\u00e7\u00e3o ","source":"foto_menor"},"_links":{"self":[{"href":"https:\/\/portalv1.com.br\/api\/wp\/v2\/posts\/19910","targetHints":{"allow":["GET"]}}],"collection":[{"href":"https:\/\/portalv1.com.br\/api\/wp\/v2\/posts"}],"about":[{"href":"https:\/\/portalv1.com.br\/api\/wp\/v2\/types\/post"}],"author":[{"embeddable":true,"href":"https:\/\/portalv1.com.br\/api\/wp\/v2\/users\/1"}],"replies":[{"embeddable":true,"href":"https:\/\/portalv1.com.br\/api\/wp\/v2\/comments?post=19910"}],"version-history":[{"count":0,"href":"https:\/\/portalv1.com.br\/api\/wp\/v2\/posts\/19910\/revisions"}],"wp:attachment":[{"href":"https:\/\/portalv1.com.br\/api\/wp\/v2\/media?parent=19910"}],"wp:term":[{"taxonomy":"category","embeddable":true,"href":"https:\/\/portalv1.com.br\/api\/wp\/v2\/categories?post=19910"},{"taxonomy":"post_tag","embeddable":true,"href":"https:\/\/portalv1.com.br\/api\/wp\/v2\/tags?post=19910"}],"curies":[{"name":"wp","href":"https:\/\/api.w.org\/{rel}","templated":true}]}}