{"id":19911,"date":"2014-12-16T20:25:58","date_gmt":"2014-12-16T23:25:58","guid":{"rendered":"https:\/\/portalv1.com.br\/?p=19911"},"modified":"2014-12-18T13:18:46","modified_gmt":"2014-12-18T16:18:46","slug":"batida-entre-motos-deixa-um-morto-e-outro-ferido-em-valenca","status":"publish","type":"post","link":"https:\/\/portalv1.com.br\/batida-entre-motos-deixa-um-morto-e-outro-ferido-em-valenca\/","title":{"rendered":"Batida entre motos deixa um morto e outro ferido em Valen\u00e7a"},"content":{"rendered":"<figure id=\"attachment_19912\" aria-describedby=\"caption-attachment-19912\" style=\"width: 300px\" class=\"wp-caption alignright\"><a href=\"https:\/\/portalv1.com.br\/app\/wp-content\/uploads\/2014\/12\/acidente-grave.jpg\"><img loading=\"lazy\" decoding=\"async\" class=\"size-medium wp-image-19912\" src=\"https:\/\/portalv1.com.br\/app\/wp-content\/uploads\/2014\/12\/acidente-grave-300x225.jpg\" alt=\"Francisco das Chagas n\u00e3o resistiu aos ferimentos e morreu logo ap\u00f3s a batida\" width=\"300\" height=\"225\" srcset=\"https:\/\/portalv1.com.br\/app\/wp-content\/uploads\/2014\/12\/acidente-grave-300x225.jpg 300w, https:\/\/portalv1.com.br\/app\/wp-content\/uploads\/2014\/12\/acidente-grave.jpg 640w\" sizes=\"auto, (max-width: 300px) 100vw, 300px\" \/><\/a><figcaption id=\"caption-attachment-19912\" class=\"wp-caption-text\">Francisco das Chagas n\u00e3o resistiu aos ferimentos e morreu logo ap\u00f3s a batida<\/figcaption><\/figure>\n<p>Uma batida entre duas motos na manha desta ter\u00e7a-feira (16) no cruzamento das ruas C\u00edcero Portela com Professor Jo\u00e3o Soares, conhecida como Avenida Brasil deixou um morto e outro ferido. Francisco das Chagas Rodrigues residente em Valen\u00e7a morreu ap\u00f3s a batida com outra moto guiada pelo motoqueiro Jailson natural de Novo Oriente.<\/p>\n<p>Francisco das Chagas n\u00e3o resistiu aos ferimentos e morreu logo ap\u00f3s a batida. O outro motoqueiro sofreu algumas escoria\u00e7\u00f5es foi levado para o hospital e liberado logo depois.<\/p>\n<p><strong><div class=\"ngg-galleryoverview\" data-widget=\"Galeria\" data-props='{&quot;galeria&quot;:{&quot;gallery_id&quot;:1696,&quot;total&quot;:3,&quot;max_page&quot;:1,&quot;page&quot;:1,&quot;images&quot;:[{&quot;pid&quot;:34675,&quot;imageURL&quot;:&quot;https:\\\/\\\/portalv1.com.br\\\/app\\\/wp-content\\\/gallery\\\/acidente-df\\\/img-20141216-wa0003.jpg?t=1704919269&quot;,&quot;thumbnailURL&quot;:&quot;https:\\\/\\\/portalv1.com.br\\\/app\\\/wp-content\\\/gallery\\\/acidente-df\\\/thumbs\\\/thumbs_img-20141216-wa0003.jpg?t=1704919269&quot;,&quot;description&quot;:&quot; &quot;,&quot;alttext&quot;:&quot;img-20141216-wa0003&quot;,&quot;style&quot;:&quot;&quot;},{&quot;pid&quot;:34676,&quot;imageURL&quot;:&quot;https:\\\/\\\/portalv1.com.br\\\/app\\\/wp-content\\\/gallery\\\/acidente-df\\\/img-20141216-wa0014.jpg?t=1704916373&quot;,&quot;thumbnailURL&quot;:&quot;https:\\\/\\\/portalv1.com.br\\\/app\\\/wp-content\\\/gallery\\\/acidente-df\\\/thumbs\\\/thumbs_img-20141216-wa0014.jpg?t=1704916373&quot;,&quot;description&quot;:&quot; &quot;,&quot;alttext&quot;:&quot;img-20141216-wa0014&quot;,&quot;style&quot;:&quot;&quot;},{&quot;pid&quot;:34677,&quot;imageURL&quot;:&quot;https:\\\/\\\/portalv1.com.br\\\/app\\\/wp-content\\\/gallery\\\/acidente-df\\\/img-20141216-wa0015.jpg?t=1704923388&quot;,&quot;thumbnailURL&quot;:&quot;https:\\\/\\\/portalv1.com.br\\\/app\\\/wp-content\\\/gallery\\\/acidente-df\\\/thumbs\\\/thumbs_img-20141216-wa0015.jpg?t=1704923388&quot;,&quot;description&quot;:&quot; &quot;,&quot;alttext&quot;:&quot;img-20141216-wa0015&quot;,&quot;style&quot;:&quot;&quot;}]}}'><\/div><\/strong>.<\/p>\n","protected":false},"excerpt":{"rendered":"<p>Uma batida entre duas motos na manha desta ter\u00e7a-feira (16) no cruzamento das ruas C\u00edcero Portela com Professor Jo\u00e3o Soares, conhecida como Avenida Brasil deixou um morto e outro ferido&#8230;.<\/p>\n","protected":false},"author":1,"featured_media":0,"comment_status":"open","ping_status":"open","sticky":false,"template":"","format":"standard","meta":{"ngg_post_thumbnail":0,"footnotes":""},"categories":[12],"tags":[],"class_list":["post-19911","post","type-post","status-publish","format-standard","hentry","category-valenca-news"],"views":2841,"meta_data":{"thumb":"https:\/\/portalv1.com.br\/app\/wp-content\/uploads\/2014\/12\/acidente-grave.jpg","data":{"simple":"16\/12\/2014","date_time":"16\/12\/2014 17:25:58","date":"h\u00e1 11 anos"},"chapeu":"Morte","source":"foto_menor"},"_links":{"self":[{"href":"https:\/\/portalv1.com.br\/api\/wp\/v2\/posts\/19911","targetHints":{"allow":["GET"]}}],"collection":[{"href":"https:\/\/portalv1.com.br\/api\/wp\/v2\/posts"}],"about":[{"href":"https:\/\/portalv1.com.br\/api\/wp\/v2\/types\/post"}],"author":[{"embeddable":true,"href":"https:\/\/portalv1.com.br\/api\/wp\/v2\/users\/1"}],"replies":[{"embeddable":true,"href":"https:\/\/portalv1.com.br\/api\/wp\/v2\/comments?post=19911"}],"version-history":[{"count":0,"href":"https:\/\/portalv1.com.br\/api\/wp\/v2\/posts\/19911\/revisions"}],"wp:attachment":[{"href":"https:\/\/portalv1.com.br\/api\/wp\/v2\/media?parent=19911"}],"wp:term":[{"taxonomy":"category","embeddable":true,"href":"https:\/\/portalv1.com.br\/api\/wp\/v2\/categories?post=19911"},{"taxonomy":"post_tag","embeddable":true,"href":"https:\/\/portalv1.com.br\/api\/wp\/v2\/tags?post=19911"}],"curies":[{"name":"wp","href":"https:\/\/api.w.org\/{rel}","templated":true}]}}