{"id":199330,"date":"2024-04-29T19:56:36","date_gmt":"2024-04-29T22:56:36","guid":{"rendered":"https:\/\/portalv1.com.br\/?p=199330"},"modified":"2024-04-29T20:38:45","modified_gmt":"2024-04-29T23:38:45","slug":"francinopolis-celebra-criacao-de-paroquia-e-posse-do-1-paroco-dentro-das-festividades-de-aniversario-da-cidade","status":"publish","type":"post","link":"https:\/\/portalv1.com.br\/francinopolis-celebra-criacao-de-paroquia-e-posse-do-1-paroco-dentro-das-festividades-de-aniversario-da-cidade\/","title":{"rendered":"Francin\u00f3polis celebra cria\u00e7\u00e3o de Par\u00f3quia e posse do 1\u00b0 P\u00e1roco dentro das festividades de anivers\u00e1rio da cidade"},"content":{"rendered":"<p>A cidade de Francin\u00f3polis do Piau\u00ed celebrou neste domingo (28), a Cria\u00e7\u00e3o da Par\u00f3quia de S\u00e3o Francisco de Assis e apresenta\u00e7\u00e3o e posse do 1\u00b0 P\u00e1roco. A instala\u00e7\u00e3o da par\u00f3quia acontece dentro das festividades de 62 anos de emancipa\u00e7\u00e3o pol\u00edtica do munic\u00edpio.<\/p>\n<p>A cerim\u00f4nia eucar\u00edstica e o rito de instala\u00e7\u00e3o e posse foi presidida pelo Arcebispo Metropolitano de Teresina, Dom Juarez, que veio acompanhado com membros do clero, bem como familiares e amigos do padre Raimundo Nonato dos Santos, presb\u00edtero que assumiu a nova par\u00f3quia.<\/p>\n<p>A celebra\u00e7\u00e3o foi marcada por muitos ritos como a leitura do decreto de cria\u00e7\u00e3o da par\u00f3quia, juramento de fidelidade, leitura de provis\u00e3o, entrega das chaves da igreja, do sacr\u00e1rio, batist\u00e9rio, confession\u00e1rio e por fim, o agora p\u00e1roco fez a sua profiss\u00e3o de f\u00e9, ato este que todo sacerdote tem que realizar antes de dar in\u00edcio ao trabalho como p\u00e1roco. Durante a Missa ainda teve apresenta\u00e7\u00e3o das demais comunidades que comp\u00f5em a Par\u00f3quia de S\u00e3o Francisco de Assis, sauda\u00e7\u00e3o ao padre empossado por um membro da comunidade. Na oportunidade, o prefeito Paulo C\u00e9sar tamb\u00e9m fez a entrega da chave da cidade ao p\u00e1roco como sinal de acolhimento.<\/p>\n<p>O Arcebispo Metropolitano de Teresina, Dom Juarez, falou da cria\u00e7\u00e3o da par\u00f3quia e posse do p\u00e1roco, bem como da grata surpresa desse momento est\u00e1 acontecendo dentro da festividade de anivers\u00e1rio da cidade.<\/p>\n<p>\u201cUma noite especial e uma feliz coincid\u00eancia a cria\u00e7\u00e3o e instala\u00e7\u00e3o da Par\u00f3quia de S\u00e3o Francisco de Assis e o anivers\u00e1rio da cidade Francin\u00f3polis, por isso quero dizer que \u00e9 uma grande satisfa\u00e7\u00e3o pra gente poder estar aqui e celebrar este momento, celebrar na f\u00e9\u201d, destacou o arcebispo, parabenizando a cidade, sua administra\u00e7\u00e3o e tamb\u00e9m o p\u00e1roco nomeado.<\/p>\n<p>\u201cParab\u00e9ns pela maturidade de ter se tornado cidade e agora uma cidade com a sua hist\u00f3ria bonita e agora Par\u00f3quia, portanto agora come\u00e7a, abre-se aqui uma nova p\u00e1gina na hist\u00f3ria bonita de Francin\u00f3polis, parab\u00e9ns a todo o povo de Deus que est\u00e1 aqui, parab\u00e9ns a administra\u00e7\u00e3o, sa\u00fado e cumprimento ao padre Raimundo Nonato dos Santos que \u00e9 o novo e primeiro p\u00e1roco aqui da Par\u00f3quia\u201d, externou Dom Juarez.<\/p>\n<p>Entusiasmado com sua nova miss\u00e3o, o p\u00e1roco padre Raimundo Nonato, conta que o momento \u00e9 sobretudo de gratid\u00e3o. \u201cHoje um dia de muita alegria, de muita festa e acima de tudo de muita gratid\u00e3o a Deus, ao povo de Deus e a tantas e tantas pessoas que se desdobraram nesta festa t\u00e3o bonita no dia da eleva\u00e7\u00e3o a Par\u00f3quia S\u00e3o Francisco de Assis e alegria tamb\u00e9m por ser o primeiro p\u00e1roco dessa cidade, hoje come\u00e7o uma nova caminhada, come\u00e7a os novos desafios que precisamos enfrentar\u201d, ressalta o sacerdote que acrescentou.<\/p>\n<p>\u201cN\u00f3s estamos aqui para abrir as portas de Francin\u00f3polis para servir, para ajudar, para acolher o povo de Deus, para amar e para que todos se sintam bem, se sintam acolhidos e caminhemos juntos, a nossa miss\u00e3o, a minha aqui \u00e9 unir, \u00e9 caminhar junto com este povo\u201d, frisou padre Raimundo Nonato.<\/p>\n<p>Feliz com o acontecimento, o prefeito Paulo C\u00e9sar, conta que o momento \u00e9 de celebra\u00e7\u00e3o por tudo isso est\u00e1 se concretizando dentro das comemora\u00e7\u00f5es de anivers\u00e1rio da cidade.<\/p>\n<p>\u201cFazendo parte da programa\u00e7\u00e3o de anivers\u00e1rio de 62 anos de Francin\u00f3polis, hoje foi instalada a Par\u00f3quia de Francin\u00f3polis, S\u00e3o Francisco de Assis que \u00e9 o nosso padroeiro e juntamente tomou posse hoje o novo e primeiro p\u00e1roco que \u00e9 o padre Raimundo Nonato dos Santos, ent\u00e3o, a gente deu boas vindas a ele aqui e que essa nova miss\u00e3o dele seja um sucesso tanto para ele como para a comunidade de Francin\u00f3polis\u201d, desejou o prefeito.<\/p>\n<p>O prefeito ainda falou do encerramento da programa\u00e7\u00e3o de anivers\u00e1rio com a festa em pra\u00e7a p\u00fablica para toda comunidade do munic\u00edpio e regi\u00e3o. \u201cDaqui h\u00e1 dois dias vai encerrar com chave de ouro que \u00e9 o grande show de Tarc\u00edsio do Acordeon [&#8230;], esse grande show que \u00e9 um presente para a nossa comunidade de Francin\u00f3polis\u201d, afirmou o gestor.<\/p>\n<p>Ap\u00f3s a Missa, foi oferecido um jantar para o p\u00e1roco padre Raimundo Nonato, para o arcebispo e tamb\u00e9m para toda a comitiva que veio para a posse.<\/p>\n<p><div class=\"content-iframe\" data-content-width=\"600\"><iframe loading=\"lazy\" title=\"YouTube video player\" src=\"https:\/\/www.youtube.com\/embed\/ZO846RID9vs?si=0yeAshalMpCWs59O\" width=\"560\" height=\"315\" frameborder=\"0\" allowfullscreen=\"allowfullscreen\"><\/iframe><\/div>&nbsp;<\/p>\n<p>&nbsp;<\/p>\n<div class=\"ngg-galleryoverview\" id=\"1\">\n                    <div data-widget=\"Galeria\" data-props=\"{&quot;galeria&quot;:{&quot;max_page&quot;:9,&quot;total&quot;:169,&quot;gallery_id&quot;:1,&quot;images&quot;:[{&quot;thumbcode&quot;:&quot;https:\\\/\\\/portalv1.com.br\\\/app\\\/wp-content\\\/uploads\\\/2024\\\/04\\\/20240501165253_IMG_0013-Copy-400x250.jpg&quot;,&quot;imageURL&quot;:&quot;https:\\\/\\\/portalv1.com.br\\\/app\\\/wp-content\\\/uploads\\\/2024\\\/04\\\/20240501165253_IMG_0013-Copy.jpg&quot;,&quot;pid&quot;:199331,&quot;galleryid&quot;:1,&quot;description&quot;:&quot;&quot;,&quot;alttext&quot;:&quot;Francin\\u00f3polis celebra cria\\u00e7\\u00e3o de Par\\u00f3quia e posse do 1\\u00b0 P\\u00e1roco dentro das festividades de anivers\\u00e1rio da cidade&quot;,&quot;thumbnailURL&quot;:&quot;https:\\\/\\\/portalv1.com.br\\\/app\\\/wp-content\\\/uploads\\\/2024\\\/04\\\/20240501165253_IMG_0013-Copy-400x250.jpg&quot;,&quot;style&quot;:&quot;&quot;},{&quot;thumbcode&quot;:&quot;https:\\\/\\\/portalv1.com.br\\\/app\\\/wp-content\\\/uploads\\\/2024\\\/04\\\/20240501165320_IMG_0016-Copy-400x250.jpg&quot;,&quot;imageURL&quot;:&quot;https:\\\/\\\/portalv1.com.br\\\/app\\\/wp-content\\\/uploads\\\/2024\\\/04\\\/20240501165320_IMG_0016-Copy.jpg&quot;,&quot;pid&quot;:199332,&quot;galleryid&quot;:1,&quot;description&quot;:&quot;&quot;,&quot;alttext&quot;:&quot;Francin\\u00f3polis celebra cria\\u00e7\\u00e3o de Par\\u00f3quia e posse do 1\\u00b0 P\\u00e1roco dentro das festividades de anivers\\u00e1rio da cidade&quot;,&quot;thumbnailURL&quot;:&quot;https:\\\/\\\/portalv1.com.br\\\/app\\\/wp-content\\\/uploads\\\/2024\\\/04\\\/20240501165320_IMG_0016-Copy-400x250.jpg&quot;,&quot;style&quot;:&quot;&quot;},{&quot;thumbcode&quot;:&quot;https:\\\/\\\/portalv1.com.br\\\/app\\\/wp-content\\\/uploads\\\/2024\\\/04\\\/20240501165551_IMG_0020-Copy-400x250.jpg&quot;,&quot;imageURL&quot;:&quot;https:\\\/\\\/portalv1.com.br\\\/app\\\/wp-content\\\/uploads\\\/2024\\\/04\\\/20240501165551_IMG_0020-Copy.jpg&quot;,&quot;pid&quot;:199333,&quot;galleryid&quot;:1,&quot;description&quot;:&quot;&quot;,&quot;alttext&quot;:&quot;Francin\\u00f3polis celebra cria\\u00e7\\u00e3o de Par\\u00f3quia e posse do 1\\u00b0 P\\u00e1roco dentro das festividades de anivers\\u00e1rio da cidade&quot;,&quot;thumbnailURL&quot;:&quot;https:\\\/\\\/portalv1.com.br\\\/app\\\/wp-content\\\/uploads\\\/2024\\\/04\\\/20240501165551_IMG_0020-Copy-400x250.jpg&quot;,&quot;style&quot;:&quot;&quot;},{&quot;thumbcode&quot;:&quot;https:\\\/\\\/portalv1.com.br\\\/app\\\/wp-content\\\/uploads\\\/2024\\\/04\\\/20240501170542_IMG_0022-Copy-400x250.jpg&quot;,&quot;imageURL&quot;:&quot;https:\\\/\\\/portalv1.com.br\\\/app\\\/wp-content\\\/uploads\\\/2024\\\/04\\\/20240501170542_IMG_0022-Copy.jpg&quot;,&quot;pid&quot;:199334,&quot;galleryid&quot;:1,&quot;description&quot;:&quot;&quot;,&quot;alttext&quot;:&quot;Francin\\u00f3polis celebra cria\\u00e7\\u00e3o de Par\\u00f3quia e posse do 1\\u00b0 P\\u00e1roco dentro das festividades de anivers\\u00e1rio da cidade&quot;,&quot;thumbnailURL&quot;:&quot;https:\\\/\\\/portalv1.com.br\\\/app\\\/wp-content\\\/uploads\\\/2024\\\/04\\\/20240501170542_IMG_0022-Copy-400x250.jpg&quot;,&quot;style&quot;:&quot;&quot;},{&quot;thumbcode&quot;:&quot;https:\\\/\\\/portalv1.com.br\\\/app\\\/wp-content\\\/uploads\\\/2024\\\/04\\\/20240501170843_IMG_0023-Copy-400x250.jpg&quot;,&quot;imageURL&quot;:&quot;https:\\\/\\\/portalv1.com.br\\\/app\\\/wp-content\\\/uploads\\\/2024\\\/04\\\/20240501170843_IMG_0023-Copy.jpg&quot;,&quot;pid&quot;:199335,&quot;galleryid&quot;:1,&quot;description&quot;:&quot;&quot;,&quot;alttext&quot;:&quot;Francin\\u00f3polis celebra cria\\u00e7\\u00e3o de Par\\u00f3quia e posse do 1\\u00b0 P\\u00e1roco dentro das festividades de anivers\\u00e1rio da cidade&quot;,&quot;thumbnailURL&quot;:&quot;https:\\\/\\\/portalv1.com.br\\\/app\\\/wp-content\\\/uploads\\\/2024\\\/04\\\/20240501170843_IMG_0023-Copy-400x250.jpg&quot;,&quot;style&quot;:&quot;&quot;},{&quot;thumbcode&quot;:&quot;https:\\\/\\\/portalv1.com.br\\\/app\\\/wp-content\\\/uploads\\\/2024\\\/04\\\/20240501170848_IMG_0026-Copy-400x250.jpg&quot;,&quot;imageURL&quot;:&quot;https:\\\/\\\/portalv1.com.br\\\/app\\\/wp-content\\\/uploads\\\/2024\\\/04\\\/20240501170848_IMG_0026-Copy.jpg&quot;,&quot;pid&quot;:199336,&quot;galleryid&quot;:1,&quot;description&quot;:&quot;&quot;,&quot;alttext&quot;:&quot;Francin\\u00f3polis celebra cria\\u00e7\\u00e3o de Par\\u00f3quia e posse do 1\\u00b0 P\\u00e1roco dentro das festividades de anivers\\u00e1rio da cidade&quot;,&quot;thumbnailURL&quot;:&quot;https:\\\/\\\/portalv1.com.br\\\/app\\\/wp-content\\\/uploads\\\/2024\\\/04\\\/20240501170848_IMG_0026-Copy-400x250.jpg&quot;,&quot;style&quot;:&quot;&quot;},{&quot;thumbcode&quot;:&quot;https:\\\/\\\/portalv1.com.br\\\/app\\\/wp-content\\\/uploads\\\/2024\\\/04\\\/20240501170933_IMG_0031-Copy-400x250.jpg&quot;,&quot;imageURL&quot;:&quot;https:\\\/\\\/portalv1.com.br\\\/app\\\/wp-content\\\/uploads\\\/2024\\\/04\\\/20240501170933_IMG_0031-Copy.jpg&quot;,&quot;pid&quot;:199337,&quot;galleryid&quot;:1,&quot;description&quot;:&quot;&quot;,&quot;alttext&quot;:&quot;Francin\\u00f3polis celebra cria\\u00e7\\u00e3o de Par\\u00f3quia e posse do 1\\u00b0 P\\u00e1roco dentro das festividades de anivers\\u00e1rio da cidade&quot;,&quot;thumbnailURL&quot;:&quot;https:\\\/\\\/portalv1.com.br\\\/app\\\/wp-content\\\/uploads\\\/2024\\\/04\\\/20240501170933_IMG_0031-Copy-400x250.jpg&quot;,&quot;style&quot;:&quot;&quot;},{&quot;thumbcode&quot;:&quot;https:\\\/\\\/portalv1.com.br\\\/app\\\/wp-content\\\/uploads\\\/2024\\\/04\\\/20240501171009_IMG_0035-Copy-400x250.jpg&quot;,&quot;imageURL&quot;:&quot;https:\\\/\\\/portalv1.com.br\\\/app\\\/wp-content\\\/uploads\\\/2024\\\/04\\\/20240501171009_IMG_0035-Copy.jpg&quot;,&quot;pid&quot;:199338,&quot;galleryid&quot;:1,&quot;description&quot;:&quot;&quot;,&quot;alttext&quot;:&quot;Francin\\u00f3polis celebra cria\\u00e7\\u00e3o de Par\\u00f3quia e posse do 1\\u00b0 P\\u00e1roco dentro das festividades de anivers\\u00e1rio da cidade&quot;,&quot;thumbnailURL&quot;:&quot;https:\\\/\\\/portalv1.com.br\\\/app\\\/wp-content\\\/uploads\\\/2024\\\/04\\\/20240501171009_IMG_0035-Copy-400x250.jpg&quot;,&quot;style&quot;:&quot;&quot;},{&quot;thumbcode&quot;:&quot;https:\\\/\\\/portalv1.com.br\\\/app\\\/wp-content\\\/uploads\\\/2024\\\/04\\\/20240501171016_IMG_0037-Copy-400x250.jpg&quot;,&quot;imageURL&quot;:&quot;https:\\\/\\\/portalv1.com.br\\\/app\\\/wp-content\\\/uploads\\\/2024\\\/04\\\/20240501171016_IMG_0037-Copy.jpg&quot;,&quot;pid&quot;:199339,&quot;galleryid&quot;:1,&quot;description&quot;:&quot;&quot;,&quot;alttext&quot;:&quot;Francin\\u00f3polis celebra cria\\u00e7\\u00e3o de Par\\u00f3quia e posse do 1\\u00b0 P\\u00e1roco dentro das festividades de anivers\\u00e1rio da cidade&quot;,&quot;thumbnailURL&quot;:&quot;https:\\\/\\\/portalv1.com.br\\\/app\\\/wp-content\\\/uploads\\\/2024\\\/04\\\/20240501171016_IMG_0037-Copy-400x250.jpg&quot;,&quot;style&quot;:&quot;&quot;},{&quot;thumbcode&quot;:&quot;https:\\\/\\\/portalv1.com.br\\\/app\\\/wp-content\\\/uploads\\\/2024\\\/04\\\/20240501171023_IMG_0039-Copy-400x250.jpg&quot;,&quot;imageURL&quot;:&quot;https:\\\/\\\/portalv1.com.br\\\/app\\\/wp-content\\\/uploads\\\/2024\\\/04\\\/20240501171023_IMG_0039-Copy.jpg&quot;,&quot;pid&quot;:199340,&quot;galleryid&quot;:1,&quot;description&quot;:&quot;&quot;,&quot;alttext&quot;:&quot;Francin\\u00f3polis celebra cria\\u00e7\\u00e3o de Par\\u00f3quia e posse do 1\\u00b0 P\\u00e1roco dentro das festividades de anivers\\u00e1rio da cidade&quot;,&quot;thumbnailURL&quot;:&quot;https:\\\/\\\/portalv1.com.br\\\/app\\\/wp-content\\\/uploads\\\/2024\\\/04\\\/20240501171023_IMG_0039-Copy-400x250.jpg&quot;,&quot;style&quot;:&quot;&quot;},{&quot;thumbcode&quot;:&quot;https:\\\/\\\/portalv1.com.br\\\/app\\\/wp-content\\\/uploads\\\/2024\\\/04\\\/20240501171033_IMG_0041-Copy-400x250.jpg&quot;,&quot;imageURL&quot;:&quot;https:\\\/\\\/portalv1.com.br\\\/app\\\/wp-content\\\/uploads\\\/2024\\\/04\\\/20240501171033_IMG_0041-Copy.jpg&quot;,&quot;pid&quot;:199341,&quot;galleryid&quot;:1,&quot;description&quot;:&quot;&quot;,&quot;alttext&quot;:&quot;Francin\\u00f3polis celebra cria\\u00e7\\u00e3o de Par\\u00f3quia e posse do 1\\u00b0 P\\u00e1roco dentro das festividades de anivers\\u00e1rio da cidade&quot;,&quot;thumbnailURL&quot;:&quot;https:\\\/\\\/portalv1.com.br\\\/app\\\/wp-content\\\/uploads\\\/2024\\\/04\\\/20240501171033_IMG_0041-Copy-400x250.jpg&quot;,&quot;style&quot;:&quot;&quot;},{&quot;thumbcode&quot;:&quot;https:\\\/\\\/portalv1.com.br\\\/app\\\/wp-content\\\/uploads\\\/2024\\\/04\\\/20240501171041_IMG_0043-Copy-400x250.jpg&quot;,&quot;imageURL&quot;:&quot;https:\\\/\\\/portalv1.com.br\\\/app\\\/wp-content\\\/uploads\\\/2024\\\/04\\\/20240501171041_IMG_0043-Copy.jpg&quot;,&quot;pid&quot;:199342,&quot;galleryid&quot;:1,&quot;description&quot;:&quot;&quot;,&quot;alttext&quot;:&quot;Francin\\u00f3polis celebra cria\\u00e7\\u00e3o de Par\\u00f3quia e posse do 1\\u00b0 P\\u00e1roco dentro das festividades de anivers\\u00e1rio da cidade&quot;,&quot;thumbnailURL&quot;:&quot;https:\\\/\\\/portalv1.com.br\\\/app\\\/wp-content\\\/uploads\\\/2024\\\/04\\\/20240501171041_IMG_0043-Copy-400x250.jpg&quot;,&quot;style&quot;:&quot;&quot;},{&quot;thumbcode&quot;:&quot;https:\\\/\\\/portalv1.com.br\\\/app\\\/wp-content\\\/uploads\\\/2024\\\/04\\\/20240501171044_IMG_0044-Copy-400x250.jpg&quot;,&quot;imageURL&quot;:&quot;https:\\\/\\\/portalv1.com.br\\\/app\\\/wp-content\\\/uploads\\\/2024\\\/04\\\/20240501171044_IMG_0044-Copy.jpg&quot;,&quot;pid&quot;:199343,&quot;galleryid&quot;:1,&quot;description&quot;:&quot;&quot;,&quot;alttext&quot;:&quot;Francin\\u00f3polis celebra cria\\u00e7\\u00e3o de Par\\u00f3quia e posse do 1\\u00b0 P\\u00e1roco dentro das festividades de anivers\\u00e1rio da cidade&quot;,&quot;thumbnailURL&quot;:&quot;https:\\\/\\\/portalv1.com.br\\\/app\\\/wp-content\\\/uploads\\\/2024\\\/04\\\/20240501171044_IMG_0044-Copy-400x250.jpg&quot;,&quot;style&quot;:&quot;&quot;},{&quot;thumbcode&quot;:&quot;https:\\\/\\\/portalv1.com.br\\\/app\\\/wp-content\\\/uploads\\\/2024\\\/04\\\/20240501171136_IMG_0050-Copy-400x250.jpg&quot;,&quot;imageURL&quot;:&quot;https:\\\/\\\/portalv1.com.br\\\/app\\\/wp-content\\\/uploads\\\/2024\\\/04\\\/20240501171136_IMG_0050-Copy.jpg&quot;,&quot;pid&quot;:199344,&quot;galleryid&quot;:1,&quot;description&quot;:&quot;&quot;,&quot;alttext&quot;:&quot;Francin\\u00f3polis celebra cria\\u00e7\\u00e3o de Par\\u00f3quia e posse do 1\\u00b0 P\\u00e1roco dentro das festividades de anivers\\u00e1rio da cidade&quot;,&quot;thumbnailURL&quot;:&quot;https:\\\/\\\/portalv1.com.br\\\/app\\\/wp-content\\\/uploads\\\/2024\\\/04\\\/20240501171136_IMG_0050-Copy-400x250.jpg&quot;,&quot;style&quot;:&quot;&quot;},{&quot;thumbcode&quot;:&quot;https:\\\/\\\/portalv1.com.br\\\/app\\\/wp-content\\\/uploads\\\/2024\\\/04\\\/20240501171143_IMG_0051-Copy-400x250.jpg&quot;,&quot;imageURL&quot;:&quot;https:\\\/\\\/portalv1.com.br\\\/app\\\/wp-content\\\/uploads\\\/2024\\\/04\\\/20240501171143_IMG_0051-Copy.jpg&quot;,&quot;pid&quot;:199345,&quot;galleryid&quot;:1,&quot;description&quot;:&quot;&quot;,&quot;alttext&quot;:&quot;Francin\\u00f3polis celebra cria\\u00e7\\u00e3o de Par\\u00f3quia e posse do 1\\u00b0 P\\u00e1roco dentro das festividades de anivers\\u00e1rio da cidade&quot;,&quot;thumbnailURL&quot;:&quot;https:\\\/\\\/portalv1.com.br\\\/app\\\/wp-content\\\/uploads\\\/2024\\\/04\\\/20240501171143_IMG_0051-Copy-400x250.jpg&quot;,&quot;style&quot;:&quot;&quot;},{&quot;thumbcode&quot;:&quot;https:\\\/\\\/portalv1.com.br\\\/app\\\/wp-content\\\/uploads\\\/2024\\\/04\\\/20240501171158_IMG_0058-Copy-400x250.jpg&quot;,&quot;imageURL&quot;:&quot;https:\\\/\\\/portalv1.com.br\\\/app\\\/wp-content\\\/uploads\\\/2024\\\/04\\\/20240501171158_IMG_0058-Copy.jpg&quot;,&quot;pid&quot;:199346,&quot;galleryid&quot;:1,&quot;description&quot;:&quot;&quot;,&quot;alttext&quot;:&quot;Francin\\u00f3polis celebra cria\\u00e7\\u00e3o de Par\\u00f3quia e posse do 1\\u00b0 P\\u00e1roco dentro das festividades de anivers\\u00e1rio da cidade&quot;,&quot;thumbnailURL&quot;:&quot;https:\\\/\\\/portalv1.com.br\\\/app\\\/wp-content\\\/uploads\\\/2024\\\/04\\\/20240501171158_IMG_0058-Copy-400x250.jpg&quot;,&quot;style&quot;:&quot;&quot;},{&quot;thumbcode&quot;:&quot;https:\\\/\\\/portalv1.com.br\\\/app\\\/wp-content\\\/uploads\\\/2024\\\/04\\\/20240501171159_IMG_0059-Copy-400x250.jpg&quot;,&quot;imageURL&quot;:&quot;https:\\\/\\\/portalv1.com.br\\\/app\\\/wp-content\\\/uploads\\\/2024\\\/04\\\/20240501171159_IMG_0059-Copy.jpg&quot;,&quot;pid&quot;:199347,&quot;galleryid&quot;:1,&quot;description&quot;:&quot;&quot;,&quot;alttext&quot;:&quot;Francin\\u00f3polis celebra cria\\u00e7\\u00e3o de Par\\u00f3quia e posse do 1\\u00b0 P\\u00e1roco dentro das festividades de anivers\\u00e1rio da cidade&quot;,&quot;thumbnailURL&quot;:&quot;https:\\\/\\\/portalv1.com.br\\\/app\\\/wp-content\\\/uploads\\\/2024\\\/04\\\/20240501171159_IMG_0059-Copy-400x250.jpg&quot;,&quot;style&quot;:&quot;&quot;},{&quot;thumbcode&quot;:&quot;https:\\\/\\\/portalv1.com.br\\\/app\\\/wp-content\\\/uploads\\\/2024\\\/04\\\/20240501171204_IMG_0061-Copy-400x250.jpg&quot;,&quot;imageURL&quot;:&quot;https:\\\/\\\/portalv1.com.br\\\/app\\\/wp-content\\\/uploads\\\/2024\\\/04\\\/20240501171204_IMG_0061-Copy.jpg&quot;,&quot;pid&quot;:199348,&quot;galleryid&quot;:1,&quot;description&quot;:&quot;&quot;,&quot;alttext&quot;:&quot;Francin\\u00f3polis celebra cria\\u00e7\\u00e3o de Par\\u00f3quia e posse do 1\\u00b0 P\\u00e1roco dentro das festividades de anivers\\u00e1rio da cidade&quot;,&quot;thumbnailURL&quot;:&quot;https:\\\/\\\/portalv1.com.br\\\/app\\\/wp-content\\\/uploads\\\/2024\\\/04\\\/20240501171204_IMG_0061-Copy-400x250.jpg&quot;,&quot;style&quot;:&quot;&quot;},{&quot;thumbcode&quot;:&quot;https:\\\/\\\/portalv1.com.br\\\/app\\\/wp-content\\\/uploads\\\/2024\\\/04\\\/20240501171314_IMG_0068-Copy-400x250.jpg&quot;,&quot;imageURL&quot;:&quot;https:\\\/\\\/portalv1.com.br\\\/app\\\/wp-content\\\/uploads\\\/2024\\\/04\\\/20240501171314_IMG_0068-Copy.jpg&quot;,&quot;pid&quot;:199349,&quot;galleryid&quot;:1,&quot;description&quot;:&quot;&quot;,&quot;alttext&quot;:&quot;Francin\\u00f3polis celebra cria\\u00e7\\u00e3o de Par\\u00f3quia e posse do 1\\u00b0 P\\u00e1roco dentro das festividades de anivers\\u00e1rio da cidade&quot;,&quot;thumbnailURL&quot;:&quot;https:\\\/\\\/portalv1.com.br\\\/app\\\/wp-content\\\/uploads\\\/2024\\\/04\\\/20240501171314_IMG_0068-Copy-400x250.jpg&quot;,&quot;style&quot;:&quot;&quot;},{&quot;thumbcode&quot;:&quot;https:\\\/\\\/portalv1.com.br\\\/app\\\/wp-content\\\/uploads\\\/2024\\\/04\\\/20240501171332_IMG_0069-Copy-400x250.jpg&quot;,&quot;imageURL&quot;:&quot;https:\\\/\\\/portalv1.com.br\\\/app\\\/wp-content\\\/uploads\\\/2024\\\/04\\\/20240501171332_IMG_0069-Copy.jpg&quot;,&quot;pid&quot;:199350,&quot;galleryid&quot;:1,&quot;description&quot;:&quot;&quot;,&quot;alttext&quot;:&quot;Francin\\u00f3polis celebra cria\\u00e7\\u00e3o de Par\\u00f3quia e posse do 1\\u00b0 P\\u00e1roco dentro das festividades de anivers\\u00e1rio da cidade&quot;,&quot;thumbnailURL&quot;:&quot;https:\\\/\\\/portalv1.com.br\\\/app\\\/wp-content\\\/uploads\\\/2024\\\/04\\\/20240501171332_IMG_0069-Copy-400x250.jpg&quot;,&quot;style&quot;:&quot;&quot;},{&quot;thumbcode&quot;:&quot;https:\\\/\\\/portalv1.com.br\\\/app\\\/wp-content\\\/uploads\\\/2024\\\/04\\\/20240501171359_IMG_0073-Copy-400x250.jpg&quot;,&quot;imageURL&quot;:&quot;https:\\\/\\\/portalv1.com.br\\\/app\\\/wp-content\\\/uploads\\\/2024\\\/04\\\/20240501171359_IMG_0073-Copy.jpg&quot;,&quot;pid&quot;:199351,&quot;galleryid&quot;:1,&quot;description&quot;:&quot;&quot;,&quot;alttext&quot;:&quot;Francin\\u00f3polis celebra cria\\u00e7\\u00e3o de Par\\u00f3quia e posse do 1\\u00b0 P\\u00e1roco dentro das festividades de anivers\\u00e1rio da cidade&quot;,&quot;thumbnailURL&quot;:&quot;https:\\\/\\\/portalv1.com.br\\\/app\\\/wp-content\\\/uploads\\\/2024\\\/04\\\/20240501171359_IMG_0073-Copy-400x250.jpg&quot;,&quot;style&quot;:&quot;&quot;},{&quot;thumbcode&quot;:&quot;https:\\\/\\\/portalv1.com.br\\\/app\\\/wp-content\\\/uploads\\\/2024\\\/04\\\/20240501171404_IMG_0074-Copy-400x250.jpg&quot;,&quot;imageURL&quot;:&quot;https:\\\/\\\/portalv1.com.br\\\/app\\\/wp-content\\\/uploads\\\/2024\\\/04\\\/20240501171404_IMG_0074-Copy.jpg&quot;,&quot;pid&quot;:199352,&quot;galleryid&quot;:1,&quot;description&quot;:&quot;&quot;,&quot;alttext&quot;:&quot;Francin\\u00f3polis celebra cria\\u00e7\\u00e3o de Par\\u00f3quia e posse do 1\\u00b0 P\\u00e1roco dentro das festividades de anivers\\u00e1rio da cidade&quot;,&quot;thumbnailURL&quot;:&quot;https:\\\/\\\/portalv1.com.br\\\/app\\\/wp-content\\\/uploads\\\/2024\\\/04\\\/20240501171404_IMG_0074-Copy-400x250.jpg&quot;,&quot;style&quot;:&quot;&quot;},{&quot;thumbcode&quot;:&quot;https:\\\/\\\/portalv1.com.br\\\/app\\\/wp-content\\\/uploads\\\/2024\\\/04\\\/20240501171418_IMG_0075-Copy-400x250.jpg&quot;,&quot;imageURL&quot;:&quot;https:\\\/\\\/portalv1.com.br\\\/app\\\/wp-content\\\/uploads\\\/2024\\\/04\\\/20240501171418_IMG_0075-Copy.jpg&quot;,&quot;pid&quot;:199353,&quot;galleryid&quot;:1,&quot;description&quot;:&quot;&quot;,&quot;alttext&quot;:&quot;Francin\\u00f3polis celebra cria\\u00e7\\u00e3o de Par\\u00f3quia e posse do 1\\u00b0 P\\u00e1roco dentro das festividades de anivers\\u00e1rio da cidade&quot;,&quot;thumbnailURL&quot;:&quot;https:\\\/\\\/portalv1.com.br\\\/app\\\/wp-content\\\/uploads\\\/2024\\\/04\\\/20240501171418_IMG_0075-Copy-400x250.jpg&quot;,&quot;style&quot;:&quot;&quot;},{&quot;thumbcode&quot;:&quot;https:\\\/\\\/portalv1.com.br\\\/app\\\/wp-content\\\/uploads\\\/2024\\\/04\\\/20240501171512_IMG_0080-Copy-400x250.jpg&quot;,&quot;imageURL&quot;:&quot;https:\\\/\\\/portalv1.com.br\\\/app\\\/wp-content\\\/uploads\\\/2024\\\/04\\\/20240501171512_IMG_0080-Copy.jpg&quot;,&quot;pid&quot;:199354,&quot;galleryid&quot;:1,&quot;description&quot;:&quot;&quot;,&quot;alttext&quot;:&quot;Francin\\u00f3polis celebra cria\\u00e7\\u00e3o de Par\\u00f3quia e posse do 1\\u00b0 P\\u00e1roco dentro das festividades de anivers\\u00e1rio da cidade&quot;,&quot;thumbnailURL&quot;:&quot;https:\\\/\\\/portalv1.com.br\\\/app\\\/wp-content\\\/uploads\\\/2024\\\/04\\\/20240501171512_IMG_0080-Copy-400x250.jpg&quot;,&quot;style&quot;:&quot;&quot;},{&quot;thumbcode&quot;:&quot;https:\\\/\\\/portalv1.com.br\\\/app\\\/wp-content\\\/uploads\\\/2024\\\/04\\\/20240501171545_IMG_0088-Copy-400x250.jpg&quot;,&quot;imageURL&quot;:&quot;https:\\\/\\\/portalv1.com.br\\\/app\\\/wp-content\\\/uploads\\\/2024\\\/04\\\/20240501171545_IMG_0088-Copy.jpg&quot;,&quot;pid&quot;:199355,&quot;galleryid&quot;:1,&quot;description&quot;:&quot;&quot;,&quot;alttext&quot;:&quot;Francin\\u00f3polis celebra cria\\u00e7\\u00e3o de Par\\u00f3quia e posse do 1\\u00b0 P\\u00e1roco dentro das festividades de anivers\\u00e1rio da cidade&quot;,&quot;thumbnailURL&quot;:&quot;https:\\\/\\\/portalv1.com.br\\\/app\\\/wp-content\\\/uploads\\\/2024\\\/04\\\/20240501171545_IMG_0088-Copy-400x250.jpg&quot;,&quot;style&quot;:&quot;&quot;},{&quot;thumbcode&quot;:&quot;https:\\\/\\\/portalv1.com.br\\\/app\\\/wp-content\\\/uploads\\\/2024\\\/04\\\/20240501171553_IMG_0090-Copy-400x250.jpg&quot;,&quot;imageURL&quot;:&quot;https:\\\/\\\/portalv1.com.br\\\/app\\\/wp-content\\\/uploads\\\/2024\\\/04\\\/20240501171553_IMG_0090-Copy.jpg&quot;,&quot;pid&quot;:199356,&quot;galleryid&quot;:1,&quot;description&quot;:&quot;&quot;,&quot;alttext&quot;:&quot;Francin\\u00f3polis celebra cria\\u00e7\\u00e3o de Par\\u00f3quia e posse do 1\\u00b0 P\\u00e1roco dentro das festividades de anivers\\u00e1rio da cidade&quot;,&quot;thumbnailURL&quot;:&quot;https:\\\/\\\/portalv1.com.br\\\/app\\\/wp-content\\\/uploads\\\/2024\\\/04\\\/20240501171553_IMG_0090-Copy-400x250.jpg&quot;,&quot;style&quot;:&quot;&quot;},{&quot;thumbcode&quot;:&quot;https:\\\/\\\/portalv1.com.br\\\/app\\\/wp-content\\\/uploads\\\/2024\\\/04\\\/20240501171629_IMG_0094-Copy-400x250.jpg&quot;,&quot;imageURL&quot;:&quot;https:\\\/\\\/portalv1.com.br\\\/app\\\/wp-content\\\/uploads\\\/2024\\\/04\\\/20240501171629_IMG_0094-Copy.jpg&quot;,&quot;pid&quot;:199357,&quot;galleryid&quot;:1,&quot;description&quot;:&quot;&quot;,&quot;alttext&quot;:&quot;Francin\\u00f3polis celebra cria\\u00e7\\u00e3o de Par\\u00f3quia e posse do 1\\u00b0 P\\u00e1roco dentro das festividades de anivers\\u00e1rio da cidade&quot;,&quot;thumbnailURL&quot;:&quot;https:\\\/\\\/portalv1.com.br\\\/app\\\/wp-content\\\/uploads\\\/2024\\\/04\\\/20240501171629_IMG_0094-Copy-400x250.jpg&quot;,&quot;style&quot;:&quot;&quot;},{&quot;thumbcode&quot;:&quot;https:\\\/\\\/portalv1.com.br\\\/app\\\/wp-content\\\/uploads\\\/2024\\\/04\\\/20240501171642_IMG_0098-Copy-400x250.jpg&quot;,&quot;imageURL&quot;:&quot;https:\\\/\\\/portalv1.com.br\\\/app\\\/wp-content\\\/uploads\\\/2024\\\/04\\\/20240501171642_IMG_0098-Copy.jpg&quot;,&quot;pid&quot;:199358,&quot;galleryid&quot;:1,&quot;description&quot;:&quot;&quot;,&quot;alttext&quot;:&quot;Francin\\u00f3polis celebra cria\\u00e7\\u00e3o de Par\\u00f3quia e posse do 1\\u00b0 P\\u00e1roco dentro das festividades de anivers\\u00e1rio da cidade&quot;,&quot;thumbnailURL&quot;:&quot;https:\\\/\\\/portalv1.com.br\\\/app\\\/wp-content\\\/uploads\\\/2024\\\/04\\\/20240501171642_IMG_0098-Copy-400x250.jpg&quot;,&quot;style&quot;:&quot;&quot;},{&quot;thumbcode&quot;:&quot;https:\\\/\\\/portalv1.com.br\\\/app\\\/wp-content\\\/uploads\\\/2024\\\/04\\\/20240501171706_IMG_0102-Copy-400x250.jpg&quot;,&quot;imageURL&quot;:&quot;https:\\\/\\\/portalv1.com.br\\\/app\\\/wp-content\\\/uploads\\\/2024\\\/04\\\/20240501171706_IMG_0102-Copy.jpg&quot;,&quot;pid&quot;:199359,&quot;galleryid&quot;:1,&quot;description&quot;:&quot;&quot;,&quot;alttext&quot;:&quot;Francin\\u00f3polis celebra cria\\u00e7\\u00e3o de Par\\u00f3quia e posse do 1\\u00b0 P\\u00e1roco dentro das festividades de anivers\\u00e1rio da cidade&quot;,&quot;thumbnailURL&quot;:&quot;https:\\\/\\\/portalv1.com.br\\\/app\\\/wp-content\\\/uploads\\\/2024\\\/04\\\/20240501171706_IMG_0102-Copy-400x250.jpg&quot;,&quot;style&quot;:&quot;&quot;},{&quot;thumbcode&quot;:&quot;https:\\\/\\\/portalv1.com.br\\\/app\\\/wp-content\\\/uploads\\\/2024\\\/04\\\/20240501171947_IMG_0111-Copy-400x250.jpg&quot;,&quot;imageURL&quot;:&quot;https:\\\/\\\/portalv1.com.br\\\/app\\\/wp-content\\\/uploads\\\/2024\\\/04\\\/20240501171947_IMG_0111-Copy.jpg&quot;,&quot;pid&quot;:199360,&quot;galleryid&quot;:1,&quot;description&quot;:&quot;&quot;,&quot;alttext&quot;:&quot;Francin\\u00f3polis celebra cria\\u00e7\\u00e3o de Par\\u00f3quia e posse do 1\\u00b0 P\\u00e1roco dentro das festividades de anivers\\u00e1rio da cidade&quot;,&quot;thumbnailURL&quot;:&quot;https:\\\/\\\/portalv1.com.br\\\/app\\\/wp-content\\\/uploads\\\/2024\\\/04\\\/20240501171947_IMG_0111-Copy-400x250.jpg&quot;,&quot;style&quot;:&quot;&quot;},{&quot;thumbcode&quot;:&quot;https:\\\/\\\/portalv1.com.br\\\/app\\\/wp-content\\\/uploads\\\/2024\\\/04\\\/20240501172120_IMG_0119-Copy-400x250.jpg&quot;,&quot;imageURL&quot;:&quot;https:\\\/\\\/portalv1.com.br\\\/app\\\/wp-content\\\/uploads\\\/2024\\\/04\\\/20240501172120_IMG_0119-Copy.jpg&quot;,&quot;pid&quot;:199361,&quot;galleryid&quot;:1,&quot;description&quot;:&quot;&quot;,&quot;alttext&quot;:&quot;Francin\\u00f3polis celebra cria\\u00e7\\u00e3o de Par\\u00f3quia e posse do 1\\u00b0 P\\u00e1roco dentro das festividades de anivers\\u00e1rio da cidade&quot;,&quot;thumbnailURL&quot;:&quot;https:\\\/\\\/portalv1.com.br\\\/app\\\/wp-content\\\/uploads\\\/2024\\\/04\\\/20240501172120_IMG_0119-Copy-400x250.jpg&quot;,&quot;style&quot;:&quot;&quot;},{&quot;thumbcode&quot;:&quot;https:\\\/\\\/portalv1.com.br\\\/app\\\/wp-content\\\/uploads\\\/2024\\\/04\\\/20240501172533_IMG_0130-Copy-400x250.jpg&quot;,&quot;imageURL&quot;:&quot;https:\\\/\\\/portalv1.com.br\\\/app\\\/wp-content\\\/uploads\\\/2024\\\/04\\\/20240501172533_IMG_0130-Copy.jpg&quot;,&quot;pid&quot;:199362,&quot;galleryid&quot;:1,&quot;description&quot;:&quot;&quot;,&quot;alttext&quot;:&quot;Francin\\u00f3polis celebra cria\\u00e7\\u00e3o de Par\\u00f3quia e posse do 1\\u00b0 P\\u00e1roco dentro das festividades de anivers\\u00e1rio da cidade&quot;,&quot;thumbnailURL&quot;:&quot;https:\\\/\\\/portalv1.com.br\\\/app\\\/wp-content\\\/uploads\\\/2024\\\/04\\\/20240501172533_IMG_0130-Copy-400x250.jpg&quot;,&quot;style&quot;:&quot;&quot;},{&quot;thumbcode&quot;:&quot;https:\\\/\\\/portalv1.com.br\\\/app\\\/wp-content\\\/uploads\\\/2024\\\/04\\\/20240501172544_IMG_0132-Copy-400x250.jpg&quot;,&quot;imageURL&quot;:&quot;https:\\\/\\\/portalv1.com.br\\\/app\\\/wp-content\\\/uploads\\\/2024\\\/04\\\/20240501172544_IMG_0132-Copy.jpg&quot;,&quot;pid&quot;:199363,&quot;galleryid&quot;:1,&quot;description&quot;:&quot;&quot;,&quot;alttext&quot;:&quot;Francin\\u00f3polis celebra cria\\u00e7\\u00e3o de Par\\u00f3quia e posse do 1\\u00b0 P\\u00e1roco dentro das festividades de anivers\\u00e1rio da cidade&quot;,&quot;thumbnailURL&quot;:&quot;https:\\\/\\\/portalv1.com.br\\\/app\\\/wp-content\\\/uploads\\\/2024\\\/04\\\/20240501172544_IMG_0132-Copy-400x250.jpg&quot;,&quot;style&quot;:&quot;&quot;},{&quot;thumbcode&quot;:&quot;https:\\\/\\\/portalv1.com.br\\\/app\\\/wp-content\\\/uploads\\\/2024\\\/04\\\/20240501172604_IMG_0134-Copy-400x250.jpg&quot;,&quot;imageURL&quot;:&quot;https:\\\/\\\/portalv1.com.br\\\/app\\\/wp-content\\\/uploads\\\/2024\\\/04\\\/20240501172604_IMG_0134-Copy.jpg&quot;,&quot;pid&quot;:199364,&quot;galleryid&quot;:1,&quot;description&quot;:&quot;&quot;,&quot;alttext&quot;:&quot;Francin\\u00f3polis celebra cria\\u00e7\\u00e3o de Par\\u00f3quia e posse do 1\\u00b0 P\\u00e1roco dentro das festividades de anivers\\u00e1rio da cidade&quot;,&quot;thumbnailURL&quot;:&quot;https:\\\/\\\/portalv1.com.br\\\/app\\\/wp-content\\\/uploads\\\/2024\\\/04\\\/20240501172604_IMG_0134-Copy-400x250.jpg&quot;,&quot;style&quot;:&quot;&quot;},{&quot;thumbcode&quot;:&quot;https:\\\/\\\/portalv1.com.br\\\/app\\\/wp-content\\\/uploads\\\/2024\\\/04\\\/20240501172625_IMG_0135-Copy-400x250.jpg&quot;,&quot;imageURL&quot;:&quot;https:\\\/\\\/portalv1.com.br\\\/app\\\/wp-content\\\/uploads\\\/2024\\\/04\\\/20240501172625_IMG_0135-Copy.jpg&quot;,&quot;pid&quot;:199365,&quot;galleryid&quot;:1,&quot;description&quot;:&quot;&quot;,&quot;alttext&quot;:&quot;Francin\\u00f3polis celebra cria\\u00e7\\u00e3o de Par\\u00f3quia e posse do 1\\u00b0 P\\u00e1roco dentro das festividades de anivers\\u00e1rio da cidade&quot;,&quot;thumbnailURL&quot;:&quot;https:\\\/\\\/portalv1.com.br\\\/app\\\/wp-content\\\/uploads\\\/2024\\\/04\\\/20240501172625_IMG_0135-Copy-400x250.jpg&quot;,&quot;style&quot;:&quot;&quot;},{&quot;thumbcode&quot;:&quot;https:\\\/\\\/portalv1.com.br\\\/app\\\/wp-content\\\/uploads\\\/2024\\\/04\\\/20240501181626_IMG_0136-Copy-400x250.jpg&quot;,&quot;imageURL&quot;:&quot;https:\\\/\\\/portalv1.com.br\\\/app\\\/wp-content\\\/uploads\\\/2024\\\/04\\\/20240501181626_IMG_0136-Copy.jpg&quot;,&quot;pid&quot;:199366,&quot;galleryid&quot;:1,&quot;description&quot;:&quot;&quot;,&quot;alttext&quot;:&quot;Francin\\u00f3polis celebra cria\\u00e7\\u00e3o de Par\\u00f3quia e posse do 1\\u00b0 P\\u00e1roco dentro das festividades de anivers\\u00e1rio da cidade&quot;,&quot;thumbnailURL&quot;:&quot;https:\\\/\\\/portalv1.com.br\\\/app\\\/wp-content\\\/uploads\\\/2024\\\/04\\\/20240501181626_IMG_0136-Copy-400x250.jpg&quot;,&quot;style&quot;:&quot;&quot;},{&quot;thumbcode&quot;:&quot;https:\\\/\\\/portalv1.com.br\\\/app\\\/wp-content\\\/uploads\\\/2024\\\/04\\\/20240501181721_IMG_0139-Copy-400x250.jpg&quot;,&quot;imageURL&quot;:&quot;https:\\\/\\\/portalv1.com.br\\\/app\\\/wp-content\\\/uploads\\\/2024\\\/04\\\/20240501181721_IMG_0139-Copy.jpg&quot;,&quot;pid&quot;:199367,&quot;galleryid&quot;:1,&quot;description&quot;:&quot;&quot;,&quot;alttext&quot;:&quot;Francin\\u00f3polis celebra cria\\u00e7\\u00e3o de Par\\u00f3quia e posse do 1\\u00b0 P\\u00e1roco dentro das festividades de anivers\\u00e1rio da cidade&quot;,&quot;thumbnailURL&quot;:&quot;https:\\\/\\\/portalv1.com.br\\\/app\\\/wp-content\\\/uploads\\\/2024\\\/04\\\/20240501181721_IMG_0139-Copy-400x250.jpg&quot;,&quot;style&quot;:&quot;&quot;},{&quot;thumbcode&quot;:&quot;https:\\\/\\\/portalv1.com.br\\\/app\\\/wp-content\\\/uploads\\\/2024\\\/04\\\/20240501181744_IMG_0140-Copy-400x250.jpg&quot;,&quot;imageURL&quot;:&quot;https:\\\/\\\/portalv1.com.br\\\/app\\\/wp-content\\\/uploads\\\/2024\\\/04\\\/20240501181744_IMG_0140-Copy.jpg&quot;,&quot;pid&quot;:199368,&quot;galleryid&quot;:1,&quot;description&quot;:&quot;&quot;,&quot;alttext&quot;:&quot;Francin\\u00f3polis celebra cria\\u00e7\\u00e3o de Par\\u00f3quia e posse do 1\\u00b0 P\\u00e1roco dentro das festividades de anivers\\u00e1rio da cidade&quot;,&quot;thumbnailURL&quot;:&quot;https:\\\/\\\/portalv1.com.br\\\/app\\\/wp-content\\\/uploads\\\/2024\\\/04\\\/20240501181744_IMG_0140-Copy-400x250.jpg&quot;,&quot;style&quot;:&quot;&quot;},{&quot;thumbcode&quot;:&quot;https:\\\/\\\/portalv1.com.br\\\/app\\\/wp-content\\\/uploads\\\/2024\\\/04\\\/20240501181748_IMG_0142-Copy-400x250.jpg&quot;,&quot;imageURL&quot;:&quot;https:\\\/\\\/portalv1.com.br\\\/app\\\/wp-content\\\/uploads\\\/2024\\\/04\\\/20240501181748_IMG_0142-Copy.jpg&quot;,&quot;pid&quot;:199369,&quot;galleryid&quot;:1,&quot;description&quot;:&quot;&quot;,&quot;alttext&quot;:&quot;Francin\\u00f3polis celebra cria\\u00e7\\u00e3o de Par\\u00f3quia e posse do 1\\u00b0 P\\u00e1roco dentro das festividades de anivers\\u00e1rio da cidade&quot;,&quot;thumbnailURL&quot;:&quot;https:\\\/\\\/portalv1.com.br\\\/app\\\/wp-content\\\/uploads\\\/2024\\\/04\\\/20240501181748_IMG_0142-Copy-400x250.jpg&quot;,&quot;style&quot;:&quot;&quot;},{&quot;thumbcode&quot;:&quot;https:\\\/\\\/portalv1.com.br\\\/app\\\/wp-content\\\/uploads\\\/2024\\\/04\\\/20240501181755_IMG_0144-Copy-400x250.jpg&quot;,&quot;imageURL&quot;:&quot;https:\\\/\\\/portalv1.com.br\\\/app\\\/wp-content\\\/uploads\\\/2024\\\/04\\\/20240501181755_IMG_0144-Copy.jpg&quot;,&quot;pid&quot;:199370,&quot;galleryid&quot;:1,&quot;description&quot;:&quot;&quot;,&quot;alttext&quot;:&quot;Francin\\u00f3polis celebra cria\\u00e7\\u00e3o de Par\\u00f3quia e posse do 1\\u00b0 P\\u00e1roco dentro das festividades de anivers\\u00e1rio da cidade&quot;,&quot;thumbnailURL&quot;:&quot;https:\\\/\\\/portalv1.com.br\\\/app\\\/wp-content\\\/uploads\\\/2024\\\/04\\\/20240501181755_IMG_0144-Copy-400x250.jpg&quot;,&quot;style&quot;:&quot;&quot;},{&quot;thumbcode&quot;:&quot;https:\\\/\\\/portalv1.com.br\\\/app\\\/wp-content\\\/uploads\\\/2024\\\/04\\\/20240501181808_IMG_0146-Copy-400x250.jpg&quot;,&quot;imageURL&quot;:&quot;https:\\\/\\\/portalv1.com.br\\\/app\\\/wp-content\\\/uploads\\\/2024\\\/04\\\/20240501181808_IMG_0146-Copy.jpg&quot;,&quot;pid&quot;:199371,&quot;galleryid&quot;:1,&quot;description&quot;:&quot;&quot;,&quot;alttext&quot;:&quot;Francin\\u00f3polis celebra cria\\u00e7\\u00e3o de Par\\u00f3quia e posse do 1\\u00b0 P\\u00e1roco dentro das festividades de anivers\\u00e1rio da cidade&quot;,&quot;thumbnailURL&quot;:&quot;https:\\\/\\\/portalv1.com.br\\\/app\\\/wp-content\\\/uploads\\\/2024\\\/04\\\/20240501181808_IMG_0146-Copy-400x250.jpg&quot;,&quot;style&quot;:&quot;&quot;},{&quot;thumbcode&quot;:&quot;https:\\\/\\\/portalv1.com.br\\\/app\\\/wp-content\\\/uploads\\\/2024\\\/04\\\/20240501181901_IMG_0151-Copy-400x250.jpg&quot;,&quot;imageURL&quot;:&quot;https:\\\/\\\/portalv1.com.br\\\/app\\\/wp-content\\\/uploads\\\/2024\\\/04\\\/20240501181901_IMG_0151-Copy.jpg&quot;,&quot;pid&quot;:199372,&quot;galleryid&quot;:1,&quot;description&quot;:&quot;&quot;,&quot;alttext&quot;:&quot;Francin\\u00f3polis celebra cria\\u00e7\\u00e3o de Par\\u00f3quia e posse do 1\\u00b0 P\\u00e1roco dentro das festividades de anivers\\u00e1rio da cidade&quot;,&quot;thumbnailURL&quot;:&quot;https:\\\/\\\/portalv1.com.br\\\/app\\\/wp-content\\\/uploads\\\/2024\\\/04\\\/20240501181901_IMG_0151-Copy-400x250.jpg&quot;,&quot;style&quot;:&quot;&quot;},{&quot;thumbcode&quot;:&quot;https:\\\/\\\/portalv1.com.br\\\/app\\\/wp-content\\\/uploads\\\/2024\\\/04\\\/20240501181909_IMG_0153-Copy-400x250.jpg&quot;,&quot;imageURL&quot;:&quot;https:\\\/\\\/portalv1.com.br\\\/app\\\/wp-content\\\/uploads\\\/2024\\\/04\\\/20240501181909_IMG_0153-Copy.jpg&quot;,&quot;pid&quot;:199373,&quot;galleryid&quot;:1,&quot;description&quot;:&quot;&quot;,&quot;alttext&quot;:&quot;Francin\\u00f3polis celebra cria\\u00e7\\u00e3o de Par\\u00f3quia e posse do 1\\u00b0 P\\u00e1roco dentro das festividades de anivers\\u00e1rio da cidade&quot;,&quot;thumbnailURL&quot;:&quot;https:\\\/\\\/portalv1.com.br\\\/app\\\/wp-content\\\/uploads\\\/2024\\\/04\\\/20240501181909_IMG_0153-Copy-400x250.jpg&quot;,&quot;style&quot;:&quot;&quot;},{&quot;thumbcode&quot;:&quot;https:\\\/\\\/portalv1.com.br\\\/app\\\/wp-content\\\/uploads\\\/2024\\\/04\\\/20240501181939_IMG_0156-Copy-400x250.jpg&quot;,&quot;imageURL&quot;:&quot;https:\\\/\\\/portalv1.com.br\\\/app\\\/wp-content\\\/uploads\\\/2024\\\/04\\\/20240501181939_IMG_0156-Copy.jpg&quot;,&quot;pid&quot;:199374,&quot;galleryid&quot;:1,&quot;description&quot;:&quot;&quot;,&quot;alttext&quot;:&quot;Francin\\u00f3polis celebra cria\\u00e7\\u00e3o de Par\\u00f3quia e posse do 1\\u00b0 P\\u00e1roco dentro das festividades de anivers\\u00e1rio da cidade&quot;,&quot;thumbnailURL&quot;:&quot;https:\\\/\\\/portalv1.com.br\\\/app\\\/wp-content\\\/uploads\\\/2024\\\/04\\\/20240501181939_IMG_0156-Copy-400x250.jpg&quot;,&quot;style&quot;:&quot;&quot;},{&quot;thumbcode&quot;:&quot;https:\\\/\\\/portalv1.com.br\\\/app\\\/wp-content\\\/uploads\\\/2024\\\/04\\\/20240501182005_IMG_0157-Copy-400x250.jpg&quot;,&quot;imageURL&quot;:&quot;https:\\\/\\\/portalv1.com.br\\\/app\\\/wp-content\\\/uploads\\\/2024\\\/04\\\/20240501182005_IMG_0157-Copy.jpg&quot;,&quot;pid&quot;:199375,&quot;galleryid&quot;:1,&quot;description&quot;:&quot;&quot;,&quot;alttext&quot;:&quot;Francin\\u00f3polis celebra cria\\u00e7\\u00e3o de Par\\u00f3quia e posse do 1\\u00b0 P\\u00e1roco dentro das festividades de anivers\\u00e1rio da cidade&quot;,&quot;thumbnailURL&quot;:&quot;https:\\\/\\\/portalv1.com.br\\\/app\\\/wp-content\\\/uploads\\\/2024\\\/04\\\/20240501182005_IMG_0157-Copy-400x250.jpg&quot;,&quot;style&quot;:&quot;&quot;},{&quot;thumbcode&quot;:&quot;https:\\\/\\\/portalv1.com.br\\\/app\\\/wp-content\\\/uploads\\\/2024\\\/04\\\/20240501182018_IMG_0159-Copy-400x250.jpg&quot;,&quot;imageURL&quot;:&quot;https:\\\/\\\/portalv1.com.br\\\/app\\\/wp-content\\\/uploads\\\/2024\\\/04\\\/20240501182018_IMG_0159-Copy.jpg&quot;,&quot;pid&quot;:199376,&quot;galleryid&quot;:1,&quot;description&quot;:&quot;&quot;,&quot;alttext&quot;:&quot;Francin\\u00f3polis celebra cria\\u00e7\\u00e3o de Par\\u00f3quia e posse do 1\\u00b0 P\\u00e1roco dentro das festividades de anivers\\u00e1rio da cidade&quot;,&quot;thumbnailURL&quot;:&quot;https:\\\/\\\/portalv1.com.br\\\/app\\\/wp-content\\\/uploads\\\/2024\\\/04\\\/20240501182018_IMG_0159-Copy-400x250.jpg&quot;,&quot;style&quot;:&quot;&quot;},{&quot;thumbcode&quot;:&quot;https:\\\/\\\/portalv1.com.br\\\/app\\\/wp-content\\\/uploads\\\/2024\\\/04\\\/20240501182038_IMG_0160-Copy-400x250.jpg&quot;,&quot;imageURL&quot;:&quot;https:\\\/\\\/portalv1.com.br\\\/app\\\/wp-content\\\/uploads\\\/2024\\\/04\\\/20240501182038_IMG_0160-Copy.jpg&quot;,&quot;pid&quot;:199377,&quot;galleryid&quot;:1,&quot;description&quot;:&quot;&quot;,&quot;alttext&quot;:&quot;Francin\\u00f3polis celebra cria\\u00e7\\u00e3o de Par\\u00f3quia e posse do 1\\u00b0 P\\u00e1roco dentro das festividades de anivers\\u00e1rio da cidade&quot;,&quot;thumbnailURL&quot;:&quot;https:\\\/\\\/portalv1.com.br\\\/app\\\/wp-content\\\/uploads\\\/2024\\\/04\\\/20240501182038_IMG_0160-Copy-400x250.jpg&quot;,&quot;style&quot;:&quot;&quot;},{&quot;thumbcode&quot;:&quot;https:\\\/\\\/portalv1.com.br\\\/app\\\/wp-content\\\/uploads\\\/2024\\\/04\\\/20240501182112_IMG_0161-Copy-400x250.jpg&quot;,&quot;imageURL&quot;:&quot;https:\\\/\\\/portalv1.com.br\\\/app\\\/wp-content\\\/uploads\\\/2024\\\/04\\\/20240501182112_IMG_0161-Copy.jpg&quot;,&quot;pid&quot;:199378,&quot;galleryid&quot;:1,&quot;description&quot;:&quot;&quot;,&quot;alttext&quot;:&quot;Francin\\u00f3polis celebra cria\\u00e7\\u00e3o de Par\\u00f3quia e posse do 1\\u00b0 P\\u00e1roco dentro das festividades de anivers\\u00e1rio da cidade&quot;,&quot;thumbnailURL&quot;:&quot;https:\\\/\\\/portalv1.com.br\\\/app\\\/wp-content\\\/uploads\\\/2024\\\/04\\\/20240501182112_IMG_0161-Copy-400x250.jpg&quot;,&quot;style&quot;:&quot;&quot;},{&quot;thumbcode&quot;:&quot;https:\\\/\\\/portalv1.com.br\\\/app\\\/wp-content\\\/uploads\\\/2024\\\/04\\\/20240501182130_IMG_0162-Copy-400x250.jpg&quot;,&quot;imageURL&quot;:&quot;https:\\\/\\\/portalv1.com.br\\\/app\\\/wp-content\\\/uploads\\\/2024\\\/04\\\/20240501182130_IMG_0162-Copy.jpg&quot;,&quot;pid&quot;:199379,&quot;galleryid&quot;:1,&quot;description&quot;:&quot;&quot;,&quot;alttext&quot;:&quot;Francin\\u00f3polis celebra cria\\u00e7\\u00e3o de Par\\u00f3quia e posse do 1\\u00b0 P\\u00e1roco dentro das festividades de anivers\\u00e1rio da cidade&quot;,&quot;thumbnailURL&quot;:&quot;https:\\\/\\\/portalv1.com.br\\\/app\\\/wp-content\\\/uploads\\\/2024\\\/04\\\/20240501182130_IMG_0162-Copy-400x250.jpg&quot;,&quot;style&quot;:&quot;&quot;},{&quot;thumbcode&quot;:&quot;https:\\\/\\\/portalv1.com.br\\\/app\\\/wp-content\\\/uploads\\\/2024\\\/04\\\/20240501182137_IMG_0163-Copy-400x250.jpg&quot;,&quot;imageURL&quot;:&quot;https:\\\/\\\/portalv1.com.br\\\/app\\\/wp-content\\\/uploads\\\/2024\\\/04\\\/20240501182137_IMG_0163-Copy.jpg&quot;,&quot;pid&quot;:199380,&quot;galleryid&quot;:1,&quot;description&quot;:&quot;&quot;,&quot;alttext&quot;:&quot;Francin\\u00f3polis celebra cria\\u00e7\\u00e3o de Par\\u00f3quia e posse do 1\\u00b0 P\\u00e1roco dentro das festividades de anivers\\u00e1rio da cidade&quot;,&quot;thumbnailURL&quot;:&quot;https:\\\/\\\/portalv1.com.br\\\/app\\\/wp-content\\\/uploads\\\/2024\\\/04\\\/20240501182137_IMG_0163-Copy-400x250.jpg&quot;,&quot;style&quot;:&quot;&quot;},{&quot;thumbcode&quot;:&quot;https:\\\/\\\/portalv1.com.br\\\/app\\\/wp-content\\\/uploads\\\/2024\\\/04\\\/20240501182234_IMG_0164-Copy-400x250.jpg&quot;,&quot;imageURL&quot;:&quot;https:\\\/\\\/portalv1.com.br\\\/app\\\/wp-content\\\/uploads\\\/2024\\\/04\\\/20240501182234_IMG_0164-Copy.jpg&quot;,&quot;pid&quot;:199381,&quot;galleryid&quot;:1,&quot;description&quot;:&quot;&quot;,&quot;alttext&quot;:&quot;Francin\\u00f3polis celebra cria\\u00e7\\u00e3o de Par\\u00f3quia e posse do 1\\u00b0 P\\u00e1roco dentro das festividades de anivers\\u00e1rio da cidade&quot;,&quot;thumbnailURL&quot;:&quot;https:\\\/\\\/portalv1.com.br\\\/app\\\/wp-content\\\/uploads\\\/2024\\\/04\\\/20240501182234_IMG_0164-Copy-400x250.jpg&quot;,&quot;style&quot;:&quot;&quot;},{&quot;thumbcode&quot;:&quot;https:\\\/\\\/portalv1.com.br\\\/app\\\/wp-content\\\/uploads\\\/2024\\\/04\\\/20240501182525_IMG_0166-Copy-400x250.jpg&quot;,&quot;imageURL&quot;:&quot;https:\\\/\\\/portalv1.com.br\\\/app\\\/wp-content\\\/uploads\\\/2024\\\/04\\\/20240501182525_IMG_0166-Copy.jpg&quot;,&quot;pid&quot;:199382,&quot;galleryid&quot;:1,&quot;description&quot;:&quot;&quot;,&quot;alttext&quot;:&quot;Francin\\u00f3polis celebra cria\\u00e7\\u00e3o de Par\\u00f3quia e posse do 1\\u00b0 P\\u00e1roco dentro das festividades de anivers\\u00e1rio da cidade&quot;,&quot;thumbnailURL&quot;:&quot;https:\\\/\\\/portalv1.com.br\\\/app\\\/wp-content\\\/uploads\\\/2024\\\/04\\\/20240501182525_IMG_0166-Copy-400x250.jpg&quot;,&quot;style&quot;:&quot;&quot;},{&quot;thumbcode&quot;:&quot;https:\\\/\\\/portalv1.com.br\\\/app\\\/wp-content\\\/uploads\\\/2024\\\/04\\\/20240501182540_IMG_0167-Copy-400x250.jpg&quot;,&quot;imageURL&quot;:&quot;https:\\\/\\\/portalv1.com.br\\\/app\\\/wp-content\\\/uploads\\\/2024\\\/04\\\/20240501182540_IMG_0167-Copy.jpg&quot;,&quot;pid&quot;:199383,&quot;galleryid&quot;:1,&quot;description&quot;:&quot;&quot;,&quot;alttext&quot;:&quot;Francin\\u00f3polis celebra cria\\u00e7\\u00e3o de Par\\u00f3quia e posse do 1\\u00b0 P\\u00e1roco dentro das festividades de anivers\\u00e1rio da cidade&quot;,&quot;thumbnailURL&quot;:&quot;https:\\\/\\\/portalv1.com.br\\\/app\\\/wp-content\\\/uploads\\\/2024\\\/04\\\/20240501182540_IMG_0167-Copy-400x250.jpg&quot;,&quot;style&quot;:&quot;&quot;},{&quot;thumbcode&quot;:&quot;https:\\\/\\\/portalv1.com.br\\\/app\\\/wp-content\\\/uploads\\\/2024\\\/04\\\/20240501182549_IMG_0168-Copy-400x250.jpg&quot;,&quot;imageURL&quot;:&quot;https:\\\/\\\/portalv1.com.br\\\/app\\\/wp-content\\\/uploads\\\/2024\\\/04\\\/20240501182549_IMG_0168-Copy.jpg&quot;,&quot;pid&quot;:199384,&quot;galleryid&quot;:1,&quot;description&quot;:&quot;&quot;,&quot;alttext&quot;:&quot;Francin\\u00f3polis celebra cria\\u00e7\\u00e3o de Par\\u00f3quia e posse do 1\\u00b0 P\\u00e1roco dentro das festividades de anivers\\u00e1rio da cidade&quot;,&quot;thumbnailURL&quot;:&quot;https:\\\/\\\/portalv1.com.br\\\/app\\\/wp-content\\\/uploads\\\/2024\\\/04\\\/20240501182549_IMG_0168-Copy-400x250.jpg&quot;,&quot;style&quot;:&quot;&quot;},{&quot;thumbcode&quot;:&quot;https:\\\/\\\/portalv1.com.br\\\/app\\\/wp-content\\\/uploads\\\/2024\\\/04\\\/20240501182555_IMG_0169-Copy-400x250.jpg&quot;,&quot;imageURL&quot;:&quot;https:\\\/\\\/portalv1.com.br\\\/app\\\/wp-content\\\/uploads\\\/2024\\\/04\\\/20240501182555_IMG_0169-Copy.jpg&quot;,&quot;pid&quot;:199385,&quot;galleryid&quot;:1,&quot;description&quot;:&quot;&quot;,&quot;alttext&quot;:&quot;Francin\\u00f3polis celebra cria\\u00e7\\u00e3o de Par\\u00f3quia e posse do 1\\u00b0 P\\u00e1roco dentro das festividades de anivers\\u00e1rio da cidade&quot;,&quot;thumbnailURL&quot;:&quot;https:\\\/\\\/portalv1.com.br\\\/app\\\/wp-content\\\/uploads\\\/2024\\\/04\\\/20240501182555_IMG_0169-Copy-400x250.jpg&quot;,&quot;style&quot;:&quot;&quot;},{&quot;thumbcode&quot;:&quot;https:\\\/\\\/portalv1.com.br\\\/app\\\/wp-content\\\/uploads\\\/2024\\\/04\\\/20240501182606_IMG_0170-Copy-400x250.jpg&quot;,&quot;imageURL&quot;:&quot;https:\\\/\\\/portalv1.com.br\\\/app\\\/wp-content\\\/uploads\\\/2024\\\/04\\\/20240501182606_IMG_0170-Copy.jpg&quot;,&quot;pid&quot;:199386,&quot;galleryid&quot;:1,&quot;description&quot;:&quot;&quot;,&quot;alttext&quot;:&quot;Francin\\u00f3polis celebra cria\\u00e7\\u00e3o de Par\\u00f3quia e posse do 1\\u00b0 P\\u00e1roco dentro das festividades de anivers\\u00e1rio da cidade&quot;,&quot;thumbnailURL&quot;:&quot;https:\\\/\\\/portalv1.com.br\\\/app\\\/wp-content\\\/uploads\\\/2024\\\/04\\\/20240501182606_IMG_0170-Copy-400x250.jpg&quot;,&quot;style&quot;:&quot;&quot;},{&quot;thumbcode&quot;:&quot;https:\\\/\\\/portalv1.com.br\\\/app\\\/wp-content\\\/uploads\\\/2024\\\/04\\\/20240501182616_IMG_0171-Copy-400x250.jpg&quot;,&quot;imageURL&quot;:&quot;https:\\\/\\\/portalv1.com.br\\\/app\\\/wp-content\\\/uploads\\\/2024\\\/04\\\/20240501182616_IMG_0171-Copy.jpg&quot;,&quot;pid&quot;:199387,&quot;galleryid&quot;:1,&quot;description&quot;:&quot;&quot;,&quot;alttext&quot;:&quot;Francin\\u00f3polis celebra cria\\u00e7\\u00e3o de Par\\u00f3quia e posse do 1\\u00b0 P\\u00e1roco dentro das festividades de anivers\\u00e1rio da cidade&quot;,&quot;thumbnailURL&quot;:&quot;https:\\\/\\\/portalv1.com.br\\\/app\\\/wp-content\\\/uploads\\\/2024\\\/04\\\/20240501182616_IMG_0171-Copy-400x250.jpg&quot;,&quot;style&quot;:&quot;&quot;},{&quot;thumbcode&quot;:&quot;https:\\\/\\\/portalv1.com.br\\\/app\\\/wp-content\\\/uploads\\\/2024\\\/04\\\/20240501182626_IMG_0172-Copy-400x250.jpg&quot;,&quot;imageURL&quot;:&quot;https:\\\/\\\/portalv1.com.br\\\/app\\\/wp-content\\\/uploads\\\/2024\\\/04\\\/20240501182626_IMG_0172-Copy.jpg&quot;,&quot;pid&quot;:199388,&quot;galleryid&quot;:1,&quot;description&quot;:&quot;&quot;,&quot;alttext&quot;:&quot;Francin\\u00f3polis celebra cria\\u00e7\\u00e3o de Par\\u00f3quia e posse do 1\\u00b0 P\\u00e1roco dentro das festividades de anivers\\u00e1rio da cidade&quot;,&quot;thumbnailURL&quot;:&quot;https:\\\/\\\/portalv1.com.br\\\/app\\\/wp-content\\\/uploads\\\/2024\\\/04\\\/20240501182626_IMG_0172-Copy-400x250.jpg&quot;,&quot;style&quot;:&quot;&quot;},{&quot;thumbcode&quot;:&quot;https:\\\/\\\/portalv1.com.br\\\/app\\\/wp-content\\\/uploads\\\/2024\\\/04\\\/20240501182635_IMG_0173-Copy-400x250.jpg&quot;,&quot;imageURL&quot;:&quot;https:\\\/\\\/portalv1.com.br\\\/app\\\/wp-content\\\/uploads\\\/2024\\\/04\\\/20240501182635_IMG_0173-Copy.jpg&quot;,&quot;pid&quot;:199389,&quot;galleryid&quot;:1,&quot;description&quot;:&quot;&quot;,&quot;alttext&quot;:&quot;Francin\\u00f3polis celebra cria\\u00e7\\u00e3o de Par\\u00f3quia e posse do 1\\u00b0 P\\u00e1roco dentro das festividades de anivers\\u00e1rio da cidade&quot;,&quot;thumbnailURL&quot;:&quot;https:\\\/\\\/portalv1.com.br\\\/app\\\/wp-content\\\/uploads\\\/2024\\\/04\\\/20240501182635_IMG_0173-Copy-400x250.jpg&quot;,&quot;style&quot;:&quot;&quot;},{&quot;thumbcode&quot;:&quot;https:\\\/\\\/portalv1.com.br\\\/app\\\/wp-content\\\/uploads\\\/2024\\\/04\\\/20240501182645_IMG_0174-Copy-400x250.jpg&quot;,&quot;imageURL&quot;:&quot;https:\\\/\\\/portalv1.com.br\\\/app\\\/wp-content\\\/uploads\\\/2024\\\/04\\\/20240501182645_IMG_0174-Copy.jpg&quot;,&quot;pid&quot;:199390,&quot;galleryid&quot;:1,&quot;description&quot;:&quot;&quot;,&quot;alttext&quot;:&quot;Francin\\u00f3polis celebra cria\\u00e7\\u00e3o de Par\\u00f3quia e posse do 1\\u00b0 P\\u00e1roco dentro das festividades de anivers\\u00e1rio da cidade&quot;,&quot;thumbnailURL&quot;:&quot;https:\\\/\\\/portalv1.com.br\\\/app\\\/wp-content\\\/uploads\\\/2024\\\/04\\\/20240501182645_IMG_0174-Copy-400x250.jpg&quot;,&quot;style&quot;:&quot;&quot;},{&quot;thumbcode&quot;:&quot;https:\\\/\\\/portalv1.com.br\\\/app\\\/wp-content\\\/uploads\\\/2024\\\/04\\\/20240501182731_IMG_0175-Copy-400x250.jpg&quot;,&quot;imageURL&quot;:&quot;https:\\\/\\\/portalv1.com.br\\\/app\\\/wp-content\\\/uploads\\\/2024\\\/04\\\/20240501182731_IMG_0175-Copy.jpg&quot;,&quot;pid&quot;:199391,&quot;galleryid&quot;:1,&quot;description&quot;:&quot;&quot;,&quot;alttext&quot;:&quot;Francin\\u00f3polis celebra cria\\u00e7\\u00e3o de Par\\u00f3quia e posse do 1\\u00b0 P\\u00e1roco dentro das festividades de anivers\\u00e1rio da cidade&quot;,&quot;thumbnailURL&quot;:&quot;https:\\\/\\\/portalv1.com.br\\\/app\\\/wp-content\\\/uploads\\\/2024\\\/04\\\/20240501182731_IMG_0175-Copy-400x250.jpg&quot;,&quot;style&quot;:&quot;&quot;},{&quot;thumbcode&quot;:&quot;https:\\\/\\\/portalv1.com.br\\\/app\\\/wp-content\\\/uploads\\\/2024\\\/04\\\/20240501183150_IMG_0180-Copy-400x250.jpg&quot;,&quot;imageURL&quot;:&quot;https:\\\/\\\/portalv1.com.br\\\/app\\\/wp-content\\\/uploads\\\/2024\\\/04\\\/20240501183150_IMG_0180-Copy.jpg&quot;,&quot;pid&quot;:199392,&quot;galleryid&quot;:1,&quot;description&quot;:&quot;&quot;,&quot;alttext&quot;:&quot;Francin\\u00f3polis celebra cria\\u00e7\\u00e3o de Par\\u00f3quia e posse do 1\\u00b0 P\\u00e1roco dentro das festividades de anivers\\u00e1rio da cidade&quot;,&quot;thumbnailURL&quot;:&quot;https:\\\/\\\/portalv1.com.br\\\/app\\\/wp-content\\\/uploads\\\/2024\\\/04\\\/20240501183150_IMG_0180-Copy-400x250.jpg&quot;,&quot;style&quot;:&quot;&quot;},{&quot;thumbcode&quot;:&quot;https:\\\/\\\/portalv1.com.br\\\/app\\\/wp-content\\\/uploads\\\/2024\\\/04\\\/20240501183208_IMG_0181-Copy-400x250.jpg&quot;,&quot;imageURL&quot;:&quot;https:\\\/\\\/portalv1.com.br\\\/app\\\/wp-content\\\/uploads\\\/2024\\\/04\\\/20240501183208_IMG_0181-Copy.jpg&quot;,&quot;pid&quot;:199393,&quot;galleryid&quot;:1,&quot;description&quot;:&quot;&quot;,&quot;alttext&quot;:&quot;Francin\\u00f3polis celebra cria\\u00e7\\u00e3o de Par\\u00f3quia e posse do 1\\u00b0 P\\u00e1roco dentro das festividades de anivers\\u00e1rio da cidade&quot;,&quot;thumbnailURL&quot;:&quot;https:\\\/\\\/portalv1.com.br\\\/app\\\/wp-content\\\/uploads\\\/2024\\\/04\\\/20240501183208_IMG_0181-Copy-400x250.jpg&quot;,&quot;style&quot;:&quot;&quot;},{&quot;thumbcode&quot;:&quot;https:\\\/\\\/portalv1.com.br\\\/app\\\/wp-content\\\/uploads\\\/2024\\\/04\\\/20240501183215_IMG_0182-Copy-400x250.jpg&quot;,&quot;imageURL&quot;:&quot;https:\\\/\\\/portalv1.com.br\\\/app\\\/wp-content\\\/uploads\\\/2024\\\/04\\\/20240501183215_IMG_0182-Copy.jpg&quot;,&quot;pid&quot;:199394,&quot;galleryid&quot;:1,&quot;description&quot;:&quot;&quot;,&quot;alttext&quot;:&quot;Francin\\u00f3polis celebra cria\\u00e7\\u00e3o de Par\\u00f3quia e posse do 1\\u00b0 P\\u00e1roco dentro das festividades de anivers\\u00e1rio da cidade&quot;,&quot;thumbnailURL&quot;:&quot;https:\\\/\\\/portalv1.com.br\\\/app\\\/wp-content\\\/uploads\\\/2024\\\/04\\\/20240501183215_IMG_0182-Copy-400x250.jpg&quot;,&quot;style&quot;:&quot;&quot;},{&quot;thumbcode&quot;:&quot;https:\\\/\\\/portalv1.com.br\\\/app\\\/wp-content\\\/uploads\\\/2024\\\/04\\\/20240501183616_IMG_0188-Copy-400x250.jpg&quot;,&quot;imageURL&quot;:&quot;https:\\\/\\\/portalv1.com.br\\\/app\\\/wp-content\\\/uploads\\\/2024\\\/04\\\/20240501183616_IMG_0188-Copy.jpg&quot;,&quot;pid&quot;:199395,&quot;galleryid&quot;:1,&quot;description&quot;:&quot;&quot;,&quot;alttext&quot;:&quot;Francin\\u00f3polis celebra cria\\u00e7\\u00e3o de Par\\u00f3quia e posse do 1\\u00b0 P\\u00e1roco dentro das festividades de anivers\\u00e1rio da cidade&quot;,&quot;thumbnailURL&quot;:&quot;https:\\\/\\\/portalv1.com.br\\\/app\\\/wp-content\\\/uploads\\\/2024\\\/04\\\/20240501183616_IMG_0188-Copy-400x250.jpg&quot;,&quot;style&quot;:&quot;&quot;},{&quot;thumbcode&quot;:&quot;https:\\\/\\\/portalv1.com.br\\\/app\\\/wp-content\\\/uploads\\\/2024\\\/04\\\/20240501183620_IMG_0191-Copy-400x250.jpg&quot;,&quot;imageURL&quot;:&quot;https:\\\/\\\/portalv1.com.br\\\/app\\\/wp-content\\\/uploads\\\/2024\\\/04\\\/20240501183620_IMG_0191-Copy.jpg&quot;,&quot;pid&quot;:199396,&quot;galleryid&quot;:1,&quot;description&quot;:&quot;&quot;,&quot;alttext&quot;:&quot;Francin\\u00f3polis celebra cria\\u00e7\\u00e3o de Par\\u00f3quia e posse do 1\\u00b0 P\\u00e1roco dentro das festividades de anivers\\u00e1rio da cidade&quot;,&quot;thumbnailURL&quot;:&quot;https:\\\/\\\/portalv1.com.br\\\/app\\\/wp-content\\\/uploads\\\/2024\\\/04\\\/20240501183620_IMG_0191-Copy-400x250.jpg&quot;,&quot;style&quot;:&quot;&quot;},{&quot;thumbcode&quot;:&quot;https:\\\/\\\/portalv1.com.br\\\/app\\\/wp-content\\\/uploads\\\/2024\\\/04\\\/20240501183659_IMG_0195-Copy-400x250.jpg&quot;,&quot;imageURL&quot;:&quot;https:\\\/\\\/portalv1.com.br\\\/app\\\/wp-content\\\/uploads\\\/2024\\\/04\\\/20240501183659_IMG_0195-Copy.jpg&quot;,&quot;pid&quot;:199397,&quot;galleryid&quot;:1,&quot;description&quot;:&quot;&quot;,&quot;alttext&quot;:&quot;Francin\\u00f3polis celebra cria\\u00e7\\u00e3o de Par\\u00f3quia e posse do 1\\u00b0 P\\u00e1roco dentro das festividades de anivers\\u00e1rio da cidade&quot;,&quot;thumbnailURL&quot;:&quot;https:\\\/\\\/portalv1.com.br\\\/app\\\/wp-content\\\/uploads\\\/2024\\\/04\\\/20240501183659_IMG_0195-Copy-400x250.jpg&quot;,&quot;style&quot;:&quot;&quot;},{&quot;thumbcode&quot;:&quot;https:\\\/\\\/portalv1.com.br\\\/app\\\/wp-content\\\/uploads\\\/2024\\\/04\\\/20240501183736_IMG_0200-Copy-400x250.jpg&quot;,&quot;imageURL&quot;:&quot;https:\\\/\\\/portalv1.com.br\\\/app\\\/wp-content\\\/uploads\\\/2024\\\/04\\\/20240501183736_IMG_0200-Copy.jpg&quot;,&quot;pid&quot;:199398,&quot;galleryid&quot;:1,&quot;description&quot;:&quot;&quot;,&quot;alttext&quot;:&quot;Francin\\u00f3polis celebra cria\\u00e7\\u00e3o de Par\\u00f3quia e posse do 1\\u00b0 P\\u00e1roco dentro das festividades de anivers\\u00e1rio da cidade&quot;,&quot;thumbnailURL&quot;:&quot;https:\\\/\\\/portalv1.com.br\\\/app\\\/wp-content\\\/uploads\\\/2024\\\/04\\\/20240501183736_IMG_0200-Copy-400x250.jpg&quot;,&quot;style&quot;:&quot;&quot;},{&quot;thumbcode&quot;:&quot;https:\\\/\\\/portalv1.com.br\\\/app\\\/wp-content\\\/uploads\\\/2024\\\/04\\\/20240501184017_IMG_0203-Copy-400x250.jpg&quot;,&quot;imageURL&quot;:&quot;https:\\\/\\\/portalv1.com.br\\\/app\\\/wp-content\\\/uploads\\\/2024\\\/04\\\/20240501184017_IMG_0203-Copy.jpg&quot;,&quot;pid&quot;:199399,&quot;galleryid&quot;:1,&quot;description&quot;:&quot;&quot;,&quot;alttext&quot;:&quot;Francin\\u00f3polis celebra cria\\u00e7\\u00e3o de Par\\u00f3quia e posse do 1\\u00b0 P\\u00e1roco dentro das festividades de anivers\\u00e1rio da cidade&quot;,&quot;thumbnailURL&quot;:&quot;https:\\\/\\\/portalv1.com.br\\\/app\\\/wp-content\\\/uploads\\\/2024\\\/04\\\/20240501184017_IMG_0203-Copy-400x250.jpg&quot;,&quot;style&quot;:&quot;&quot;},{&quot;thumbcode&quot;:&quot;https:\\\/\\\/portalv1.com.br\\\/app\\\/wp-content\\\/uploads\\\/2024\\\/04\\\/20240501184232_IMG_0207-Copy-400x250.jpg&quot;,&quot;imageURL&quot;:&quot;https:\\\/\\\/portalv1.com.br\\\/app\\\/wp-content\\\/uploads\\\/2024\\\/04\\\/20240501184232_IMG_0207-Copy.jpg&quot;,&quot;pid&quot;:199400,&quot;galleryid&quot;:1,&quot;description&quot;:&quot;&quot;,&quot;alttext&quot;:&quot;Francin\\u00f3polis celebra cria\\u00e7\\u00e3o de Par\\u00f3quia e posse do 1\\u00b0 P\\u00e1roco dentro das festividades de anivers\\u00e1rio da cidade&quot;,&quot;thumbnailURL&quot;:&quot;https:\\\/\\\/portalv1.com.br\\\/app\\\/wp-content\\\/uploads\\\/2024\\\/04\\\/20240501184232_IMG_0207-Copy-400x250.jpg&quot;,&quot;style&quot;:&quot;&quot;},{&quot;thumbcode&quot;:&quot;https:\\\/\\\/portalv1.com.br\\\/app\\\/wp-content\\\/uploads\\\/2024\\\/04\\\/20240501184236_IMG_0208-Copy-400x250.jpg&quot;,&quot;imageURL&quot;:&quot;https:\\\/\\\/portalv1.com.br\\\/app\\\/wp-content\\\/uploads\\\/2024\\\/04\\\/20240501184236_IMG_0208-Copy.jpg&quot;,&quot;pid&quot;:199401,&quot;galleryid&quot;:1,&quot;description&quot;:&quot;&quot;,&quot;alttext&quot;:&quot;Francin\\u00f3polis celebra cria\\u00e7\\u00e3o de Par\\u00f3quia e posse do 1\\u00b0 P\\u00e1roco dentro das festividades de anivers\\u00e1rio da cidade&quot;,&quot;thumbnailURL&quot;:&quot;https:\\\/\\\/portalv1.com.br\\\/app\\\/wp-content\\\/uploads\\\/2024\\\/04\\\/20240501184236_IMG_0208-Copy-400x250.jpg&quot;,&quot;style&quot;:&quot;&quot;},{&quot;thumbcode&quot;:&quot;https:\\\/\\\/portalv1.com.br\\\/app\\\/wp-content\\\/uploads\\\/2024\\\/04\\\/20240501184321_IMG_0210-Copy-400x250.jpg&quot;,&quot;imageURL&quot;:&quot;https:\\\/\\\/portalv1.com.br\\\/app\\\/wp-content\\\/uploads\\\/2024\\\/04\\\/20240501184321_IMG_0210-Copy.jpg&quot;,&quot;pid&quot;:199402,&quot;galleryid&quot;:1,&quot;description&quot;:&quot;&quot;,&quot;alttext&quot;:&quot;Francin\\u00f3polis celebra cria\\u00e7\\u00e3o de Par\\u00f3quia e posse do 1\\u00b0 P\\u00e1roco dentro das festividades de anivers\\u00e1rio da cidade&quot;,&quot;thumbnailURL&quot;:&quot;https:\\\/\\\/portalv1.com.br\\\/app\\\/wp-content\\\/uploads\\\/2024\\\/04\\\/20240501184321_IMG_0210-Copy-400x250.jpg&quot;,&quot;style&quot;:&quot;&quot;},{&quot;thumbcode&quot;:&quot;https:\\\/\\\/portalv1.com.br\\\/app\\\/wp-content\\\/uploads\\\/2024\\\/04\\\/20240501184402_IMG_0212-Copy-400x250.jpg&quot;,&quot;imageURL&quot;:&quot;https:\\\/\\\/portalv1.com.br\\\/app\\\/wp-content\\\/uploads\\\/2024\\\/04\\\/20240501184402_IMG_0212-Copy.jpg&quot;,&quot;pid&quot;:199403,&quot;galleryid&quot;:1,&quot;description&quot;:&quot;&quot;,&quot;alttext&quot;:&quot;Francin\\u00f3polis celebra cria\\u00e7\\u00e3o de Par\\u00f3quia e posse do 1\\u00b0 P\\u00e1roco dentro das festividades de anivers\\u00e1rio da cidade&quot;,&quot;thumbnailURL&quot;:&quot;https:\\\/\\\/portalv1.com.br\\\/app\\\/wp-content\\\/uploads\\\/2024\\\/04\\\/20240501184402_IMG_0212-Copy-400x250.jpg&quot;,&quot;style&quot;:&quot;&quot;},{&quot;thumbcode&quot;:&quot;https:\\\/\\\/portalv1.com.br\\\/app\\\/wp-content\\\/uploads\\\/2024\\\/04\\\/20240501184409_IMG_0214-Copy-400x250.jpg&quot;,&quot;imageURL&quot;:&quot;https:\\\/\\\/portalv1.com.br\\\/app\\\/wp-content\\\/uploads\\\/2024\\\/04\\\/20240501184409_IMG_0214-Copy.jpg&quot;,&quot;pid&quot;:199404,&quot;galleryid&quot;:1,&quot;description&quot;:&quot;&quot;,&quot;alttext&quot;:&quot;Francin\\u00f3polis celebra cria\\u00e7\\u00e3o de Par\\u00f3quia e posse do 1\\u00b0 P\\u00e1roco dentro das festividades de anivers\\u00e1rio da cidade&quot;,&quot;thumbnailURL&quot;:&quot;https:\\\/\\\/portalv1.com.br\\\/app\\\/wp-content\\\/uploads\\\/2024\\\/04\\\/20240501184409_IMG_0214-Copy-400x250.jpg&quot;,&quot;style&quot;:&quot;&quot;},{&quot;thumbcode&quot;:&quot;https:\\\/\\\/portalv1.com.br\\\/app\\\/wp-content\\\/uploads\\\/2024\\\/04\\\/20240501184415_IMG_0215-Copy-400x250.jpg&quot;,&quot;imageURL&quot;:&quot;https:\\\/\\\/portalv1.com.br\\\/app\\\/wp-content\\\/uploads\\\/2024\\\/04\\\/20240501184415_IMG_0215-Copy.jpg&quot;,&quot;pid&quot;:199405,&quot;galleryid&quot;:1,&quot;description&quot;:&quot;&quot;,&quot;alttext&quot;:&quot;Francin\\u00f3polis celebra cria\\u00e7\\u00e3o de Par\\u00f3quia e posse do 1\\u00b0 P\\u00e1roco dentro das festividades de anivers\\u00e1rio da cidade&quot;,&quot;thumbnailURL&quot;:&quot;https:\\\/\\\/portalv1.com.br\\\/app\\\/wp-content\\\/uploads\\\/2024\\\/04\\\/20240501184415_IMG_0215-Copy-400x250.jpg&quot;,&quot;style&quot;:&quot;&quot;},{&quot;thumbcode&quot;:&quot;https:\\\/\\\/portalv1.com.br\\\/app\\\/wp-content\\\/uploads\\\/2024\\\/04\\\/20240501184422_IMG_0216-Copy-400x250.jpg&quot;,&quot;imageURL&quot;:&quot;https:\\\/\\\/portalv1.com.br\\\/app\\\/wp-content\\\/uploads\\\/2024\\\/04\\\/20240501184422_IMG_0216-Copy.jpg&quot;,&quot;pid&quot;:199406,&quot;galleryid&quot;:1,&quot;description&quot;:&quot;&quot;,&quot;alttext&quot;:&quot;Francin\\u00f3polis celebra cria\\u00e7\\u00e3o de Par\\u00f3quia e posse do 1\\u00b0 P\\u00e1roco dentro das festividades de anivers\\u00e1rio da cidade&quot;,&quot;thumbnailURL&quot;:&quot;https:\\\/\\\/portalv1.com.br\\\/app\\\/wp-content\\\/uploads\\\/2024\\\/04\\\/20240501184422_IMG_0216-Copy-400x250.jpg&quot;,&quot;style&quot;:&quot;&quot;},{&quot;thumbcode&quot;:&quot;https:\\\/\\\/portalv1.com.br\\\/app\\\/wp-content\\\/uploads\\\/2024\\\/04\\\/20240501184501_IMG_0219-Copy-400x250.jpg&quot;,&quot;imageURL&quot;:&quot;https:\\\/\\\/portalv1.com.br\\\/app\\\/wp-content\\\/uploads\\\/2024\\\/04\\\/20240501184501_IMG_0219-Copy.jpg&quot;,&quot;pid&quot;:199407,&quot;galleryid&quot;:1,&quot;description&quot;:&quot;&quot;,&quot;alttext&quot;:&quot;Francin\\u00f3polis celebra cria\\u00e7\\u00e3o de Par\\u00f3quia e posse do 1\\u00b0 P\\u00e1roco dentro das festividades de anivers\\u00e1rio da cidade&quot;,&quot;thumbnailURL&quot;:&quot;https:\\\/\\\/portalv1.com.br\\\/app\\\/wp-content\\\/uploads\\\/2024\\\/04\\\/20240501184501_IMG_0219-Copy-400x250.jpg&quot;,&quot;style&quot;:&quot;&quot;},{&quot;thumbcode&quot;:&quot;https:\\\/\\\/portalv1.com.br\\\/app\\\/wp-content\\\/uploads\\\/2024\\\/04\\\/20240501184519_IMG_0221-Copy-400x250.jpg&quot;,&quot;imageURL&quot;:&quot;https:\\\/\\\/portalv1.com.br\\\/app\\\/wp-content\\\/uploads\\\/2024\\\/04\\\/20240501184519_IMG_0221-Copy.jpg&quot;,&quot;pid&quot;:199408,&quot;galleryid&quot;:1,&quot;description&quot;:&quot;&quot;,&quot;alttext&quot;:&quot;Francin\\u00f3polis celebra cria\\u00e7\\u00e3o de Par\\u00f3quia e posse do 1\\u00b0 P\\u00e1roco dentro das festividades de anivers\\u00e1rio da cidade&quot;,&quot;thumbnailURL&quot;:&quot;https:\\\/\\\/portalv1.com.br\\\/app\\\/wp-content\\\/uploads\\\/2024\\\/04\\\/20240501184519_IMG_0221-Copy-400x250.jpg&quot;,&quot;style&quot;:&quot;&quot;},{&quot;thumbcode&quot;:&quot;https:\\\/\\\/portalv1.com.br\\\/app\\\/wp-content\\\/uploads\\\/2024\\\/04\\\/20240501184536_IMG_0222-Copy-400x250.jpg&quot;,&quot;imageURL&quot;:&quot;https:\\\/\\\/portalv1.com.br\\\/app\\\/wp-content\\\/uploads\\\/2024\\\/04\\\/20240501184536_IMG_0222-Copy.jpg&quot;,&quot;pid&quot;:199409,&quot;galleryid&quot;:1,&quot;description&quot;:&quot;&quot;,&quot;alttext&quot;:&quot;Francin\\u00f3polis celebra cria\\u00e7\\u00e3o de Par\\u00f3quia e posse do 1\\u00b0 P\\u00e1roco dentro das festividades de anivers\\u00e1rio da cidade&quot;,&quot;thumbnailURL&quot;:&quot;https:\\\/\\\/portalv1.com.br\\\/app\\\/wp-content\\\/uploads\\\/2024\\\/04\\\/20240501184536_IMG_0222-Copy-400x250.jpg&quot;,&quot;style&quot;:&quot;&quot;},{&quot;thumbcode&quot;:&quot;https:\\\/\\\/portalv1.com.br\\\/app\\\/wp-content\\\/uploads\\\/2024\\\/04\\\/20240501184658_IMG_0225-Copy-400x250.jpg&quot;,&quot;imageURL&quot;:&quot;https:\\\/\\\/portalv1.com.br\\\/app\\\/wp-content\\\/uploads\\\/2024\\\/04\\\/20240501184658_IMG_0225-Copy.jpg&quot;,&quot;pid&quot;:199410,&quot;galleryid&quot;:1,&quot;description&quot;:&quot;&quot;,&quot;alttext&quot;:&quot;Francin\\u00f3polis celebra cria\\u00e7\\u00e3o de Par\\u00f3quia e posse do 1\\u00b0 P\\u00e1roco dentro das festividades de anivers\\u00e1rio da cidade&quot;,&quot;thumbnailURL&quot;:&quot;https:\\\/\\\/portalv1.com.br\\\/app\\\/wp-content\\\/uploads\\\/2024\\\/04\\\/20240501184658_IMG_0225-Copy-400x250.jpg&quot;,&quot;style&quot;:&quot;&quot;},{&quot;thumbcode&quot;:&quot;https:\\\/\\\/portalv1.com.br\\\/app\\\/wp-content\\\/uploads\\\/2024\\\/04\\\/20240501184833_IMG_0229-Copy-400x250.jpg&quot;,&quot;imageURL&quot;:&quot;https:\\\/\\\/portalv1.com.br\\\/app\\\/wp-content\\\/uploads\\\/2024\\\/04\\\/20240501184833_IMG_0229-Copy.jpg&quot;,&quot;pid&quot;:199411,&quot;galleryid&quot;:1,&quot;description&quot;:&quot;&quot;,&quot;alttext&quot;:&quot;Francin\\u00f3polis celebra cria\\u00e7\\u00e3o de Par\\u00f3quia e posse do 1\\u00b0 P\\u00e1roco dentro das festividades de anivers\\u00e1rio da cidade&quot;,&quot;thumbnailURL&quot;:&quot;https:\\\/\\\/portalv1.com.br\\\/app\\\/wp-content\\\/uploads\\\/2024\\\/04\\\/20240501184833_IMG_0229-Copy-400x250.jpg&quot;,&quot;style&quot;:&quot;&quot;},{&quot;thumbcode&quot;:&quot;https:\\\/\\\/portalv1.com.br\\\/app\\\/wp-content\\\/uploads\\\/2024\\\/04\\\/20240501185130_IMG_0232-Copy-400x250.jpg&quot;,&quot;imageURL&quot;:&quot;https:\\\/\\\/portalv1.com.br\\\/app\\\/wp-content\\\/uploads\\\/2024\\\/04\\\/20240501185130_IMG_0232-Copy.jpg&quot;,&quot;pid&quot;:199412,&quot;galleryid&quot;:1,&quot;description&quot;:&quot;&quot;,&quot;alttext&quot;:&quot;Francin\\u00f3polis celebra cria\\u00e7\\u00e3o de Par\\u00f3quia e posse do 1\\u00b0 P\\u00e1roco dentro das festividades de anivers\\u00e1rio da cidade&quot;,&quot;thumbnailURL&quot;:&quot;https:\\\/\\\/portalv1.com.br\\\/app\\\/wp-content\\\/uploads\\\/2024\\\/04\\\/20240501185130_IMG_0232-Copy-400x250.jpg&quot;,&quot;style&quot;:&quot;&quot;},{&quot;thumbcode&quot;:&quot;https:\\\/\\\/portalv1.com.br\\\/app\\\/wp-content\\\/uploads\\\/2024\\\/04\\\/20240501185404_IMG_0233-Copy-400x250.jpg&quot;,&quot;imageURL&quot;:&quot;https:\\\/\\\/portalv1.com.br\\\/app\\\/wp-content\\\/uploads\\\/2024\\\/04\\\/20240501185404_IMG_0233-Copy.jpg&quot;,&quot;pid&quot;:199413,&quot;galleryid&quot;:1,&quot;description&quot;:&quot;&quot;,&quot;alttext&quot;:&quot;Francin\\u00f3polis celebra cria\\u00e7\\u00e3o de Par\\u00f3quia e posse do 1\\u00b0 P\\u00e1roco dentro das festividades de anivers\\u00e1rio da cidade&quot;,&quot;thumbnailURL&quot;:&quot;https:\\\/\\\/portalv1.com.br\\\/app\\\/wp-content\\\/uploads\\\/2024\\\/04\\\/20240501185404_IMG_0233-Copy-400x250.jpg&quot;,&quot;style&quot;:&quot;&quot;},{&quot;thumbcode&quot;:&quot;https:\\\/\\\/portalv1.com.br\\\/app\\\/wp-content\\\/uploads\\\/2024\\\/04\\\/20240501185630_IMG_0238-Copy-400x250.jpg&quot;,&quot;imageURL&quot;:&quot;https:\\\/\\\/portalv1.com.br\\\/app\\\/wp-content\\\/uploads\\\/2024\\\/04\\\/20240501185630_IMG_0238-Copy.jpg&quot;,&quot;pid&quot;:199414,&quot;galleryid&quot;:1,&quot;description&quot;:&quot;&quot;,&quot;alttext&quot;:&quot;Francin\\u00f3polis celebra cria\\u00e7\\u00e3o de Par\\u00f3quia e posse do 1\\u00b0 P\\u00e1roco dentro das festividades de anivers\\u00e1rio da cidade&quot;,&quot;thumbnailURL&quot;:&quot;https:\\\/\\\/portalv1.com.br\\\/app\\\/wp-content\\\/uploads\\\/2024\\\/04\\\/20240501185630_IMG_0238-Copy-400x250.jpg&quot;,&quot;style&quot;:&quot;&quot;},{&quot;thumbcode&quot;:&quot;https:\\\/\\\/portalv1.com.br\\\/app\\\/wp-content\\\/uploads\\\/2024\\\/04\\\/20240501185641_IMG_0239-Copy-400x250.jpg&quot;,&quot;imageURL&quot;:&quot;https:\\\/\\\/portalv1.com.br\\\/app\\\/wp-content\\\/uploads\\\/2024\\\/04\\\/20240501185641_IMG_0239-Copy.jpg&quot;,&quot;pid&quot;:199415,&quot;galleryid&quot;:1,&quot;description&quot;:&quot;&quot;,&quot;alttext&quot;:&quot;Francin\\u00f3polis celebra cria\\u00e7\\u00e3o de Par\\u00f3quia e posse do 1\\u00b0 P\\u00e1roco dentro das festividades de anivers\\u00e1rio da cidade&quot;,&quot;thumbnailURL&quot;:&quot;https:\\\/\\\/portalv1.com.br\\\/app\\\/wp-content\\\/uploads\\\/2024\\\/04\\\/20240501185641_IMG_0239-Copy-400x250.jpg&quot;,&quot;style&quot;:&quot;&quot;},{&quot;thumbcode&quot;:&quot;https:\\\/\\\/portalv1.com.br\\\/app\\\/wp-content\\\/uploads\\\/2024\\\/04\\\/20240501185645_IMG_0240-Copy-400x250.jpg&quot;,&quot;imageURL&quot;:&quot;https:\\\/\\\/portalv1.com.br\\\/app\\\/wp-content\\\/uploads\\\/2024\\\/04\\\/20240501185645_IMG_0240-Copy.jpg&quot;,&quot;pid&quot;:199416,&quot;galleryid&quot;:1,&quot;description&quot;:&quot;&quot;,&quot;alttext&quot;:&quot;Francin\\u00f3polis celebra cria\\u00e7\\u00e3o de Par\\u00f3quia e posse do 1\\u00b0 P\\u00e1roco dentro das festividades de anivers\\u00e1rio da cidade&quot;,&quot;thumbnailURL&quot;:&quot;https:\\\/\\\/portalv1.com.br\\\/app\\\/wp-content\\\/uploads\\\/2024\\\/04\\\/20240501185645_IMG_0240-Copy-400x250.jpg&quot;,&quot;style&quot;:&quot;&quot;},{&quot;thumbcode&quot;:&quot;https:\\\/\\\/portalv1.com.br\\\/app\\\/wp-content\\\/uploads\\\/2024\\\/04\\\/20240501185702_IMG_0242-Copy-400x250.jpg&quot;,&quot;imageURL&quot;:&quot;https:\\\/\\\/portalv1.com.br\\\/app\\\/wp-content\\\/uploads\\\/2024\\\/04\\\/20240501185702_IMG_0242-Copy.jpg&quot;,&quot;pid&quot;:199417,&quot;galleryid&quot;:1,&quot;description&quot;:&quot;&quot;,&quot;alttext&quot;:&quot;Francin\\u00f3polis celebra cria\\u00e7\\u00e3o de Par\\u00f3quia e posse do 1\\u00b0 P\\u00e1roco dentro das festividades de anivers\\u00e1rio da cidade&quot;,&quot;thumbnailURL&quot;:&quot;https:\\\/\\\/portalv1.com.br\\\/app\\\/wp-content\\\/uploads\\\/2024\\\/04\\\/20240501185702_IMG_0242-Copy-400x250.jpg&quot;,&quot;style&quot;:&quot;&quot;},{&quot;thumbcode&quot;:&quot;https:\\\/\\\/portalv1.com.br\\\/app\\\/wp-content\\\/uploads\\\/2024\\\/04\\\/20240501185749_IMG_0246-Copy-400x250.jpg&quot;,&quot;imageURL&quot;:&quot;https:\\\/\\\/portalv1.com.br\\\/app\\\/wp-content\\\/uploads\\\/2024\\\/04\\\/20240501185749_IMG_0246-Copy.jpg&quot;,&quot;pid&quot;:199418,&quot;galleryid&quot;:1,&quot;description&quot;:&quot;&quot;,&quot;alttext&quot;:&quot;Francin\\u00f3polis celebra cria\\u00e7\\u00e3o de Par\\u00f3quia e posse do 1\\u00b0 P\\u00e1roco dentro das festividades de anivers\\u00e1rio da cidade&quot;,&quot;thumbnailURL&quot;:&quot;https:\\\/\\\/portalv1.com.br\\\/app\\\/wp-content\\\/uploads\\\/2024\\\/04\\\/20240501185749_IMG_0246-Copy-400x250.jpg&quot;,&quot;style&quot;:&quot;&quot;},{&quot;thumbcode&quot;:&quot;https:\\\/\\\/portalv1.com.br\\\/app\\\/wp-content\\\/uploads\\\/2024\\\/04\\\/20240501185813_IMG_0249-Copy-400x250.jpg&quot;,&quot;imageURL&quot;:&quot;https:\\\/\\\/portalv1.com.br\\\/app\\\/wp-content\\\/uploads\\\/2024\\\/04\\\/20240501185813_IMG_0249-Copy.jpg&quot;,&quot;pid&quot;:199419,&quot;galleryid&quot;:1,&quot;description&quot;:&quot;&quot;,&quot;alttext&quot;:&quot;Francin\\u00f3polis celebra cria\\u00e7\\u00e3o de Par\\u00f3quia e posse do 1\\u00b0 P\\u00e1roco dentro das festividades de anivers\\u00e1rio da cidade&quot;,&quot;thumbnailURL&quot;:&quot;https:\\\/\\\/portalv1.com.br\\\/app\\\/wp-content\\\/uploads\\\/2024\\\/04\\\/20240501185813_IMG_0249-Copy-400x250.jpg&quot;,&quot;style&quot;:&quot;&quot;},{&quot;thumbcode&quot;:&quot;https:\\\/\\\/portalv1.com.br\\\/app\\\/wp-content\\\/uploads\\\/2024\\\/04\\\/20240501185834_IMG_0252-Copy-400x250.jpg&quot;,&quot;imageURL&quot;:&quot;https:\\\/\\\/portalv1.com.br\\\/app\\\/wp-content\\\/uploads\\\/2024\\\/04\\\/20240501185834_IMG_0252-Copy.jpg&quot;,&quot;pid&quot;:199420,&quot;galleryid&quot;:1,&quot;description&quot;:&quot;&quot;,&quot;alttext&quot;:&quot;Francin\\u00f3polis celebra cria\\u00e7\\u00e3o de Par\\u00f3quia e posse do 1\\u00b0 P\\u00e1roco dentro das festividades de anivers\\u00e1rio da cidade&quot;,&quot;thumbnailURL&quot;:&quot;https:\\\/\\\/portalv1.com.br\\\/app\\\/wp-content\\\/uploads\\\/2024\\\/04\\\/20240501185834_IMG_0252-Copy-400x250.jpg&quot;,&quot;style&quot;:&quot;&quot;},{&quot;thumbcode&quot;:&quot;https:\\\/\\\/portalv1.com.br\\\/app\\\/wp-content\\\/uploads\\\/2024\\\/04\\\/20240501190118_IMG_0253-Copy-400x250.jpg&quot;,&quot;imageURL&quot;:&quot;https:\\\/\\\/portalv1.com.br\\\/app\\\/wp-content\\\/uploads\\\/2024\\\/04\\\/20240501190118_IMG_0253-Copy.jpg&quot;,&quot;pid&quot;:199421,&quot;galleryid&quot;:1,&quot;description&quot;:&quot;&quot;,&quot;alttext&quot;:&quot;Francin\\u00f3polis celebra cria\\u00e7\\u00e3o de Par\\u00f3quia e posse do 1\\u00b0 P\\u00e1roco dentro das festividades de anivers\\u00e1rio da cidade&quot;,&quot;thumbnailURL&quot;:&quot;https:\\\/\\\/portalv1.com.br\\\/app\\\/wp-content\\\/uploads\\\/2024\\\/04\\\/20240501190118_IMG_0253-Copy-400x250.jpg&quot;,&quot;style&quot;:&quot;&quot;},{&quot;thumbcode&quot;:&quot;https:\\\/\\\/portalv1.com.br\\\/app\\\/wp-content\\\/uploads\\\/2024\\\/04\\\/20240501190317_IMG_0265-Copy-400x250.jpg&quot;,&quot;imageURL&quot;:&quot;https:\\\/\\\/portalv1.com.br\\\/app\\\/wp-content\\\/uploads\\\/2024\\\/04\\\/20240501190317_IMG_0265-Copy.jpg&quot;,&quot;pid&quot;:199422,&quot;galleryid&quot;:1,&quot;description&quot;:&quot;&quot;,&quot;alttext&quot;:&quot;Francin\\u00f3polis celebra cria\\u00e7\\u00e3o de Par\\u00f3quia e posse do 1\\u00b0 P\\u00e1roco dentro das festividades de anivers\\u00e1rio da cidade&quot;,&quot;thumbnailURL&quot;:&quot;https:\\\/\\\/portalv1.com.br\\\/app\\\/wp-content\\\/uploads\\\/2024\\\/04\\\/20240501190317_IMG_0265-Copy-400x250.jpg&quot;,&quot;style&quot;:&quot;&quot;},{&quot;thumbcode&quot;:&quot;https:\\\/\\\/portalv1.com.br\\\/app\\\/wp-content\\\/uploads\\\/2024\\\/04\\\/20240501190331_IMG_0266-Copy-400x250.jpg&quot;,&quot;imageURL&quot;:&quot;https:\\\/\\\/portalv1.com.br\\\/app\\\/wp-content\\\/uploads\\\/2024\\\/04\\\/20240501190331_IMG_0266-Copy.jpg&quot;,&quot;pid&quot;:199423,&quot;galleryid&quot;:1,&quot;description&quot;:&quot;&quot;,&quot;alttext&quot;:&quot;Francin\\u00f3polis celebra cria\\u00e7\\u00e3o de Par\\u00f3quia e posse do 1\\u00b0 P\\u00e1roco dentro das festividades de anivers\\u00e1rio da cidade&quot;,&quot;thumbnailURL&quot;:&quot;https:\\\/\\\/portalv1.com.br\\\/app\\\/wp-content\\\/uploads\\\/2024\\\/04\\\/20240501190331_IMG_0266-Copy-400x250.jpg&quot;,&quot;style&quot;:&quot;&quot;},{&quot;thumbcode&quot;:&quot;https:\\\/\\\/portalv1.com.br\\\/app\\\/wp-content\\\/uploads\\\/2024\\\/04\\\/20240501192402_IMG_0267-Copy-400x250.jpg&quot;,&quot;imageURL&quot;:&quot;https:\\\/\\\/portalv1.com.br\\\/app\\\/wp-content\\\/uploads\\\/2024\\\/04\\\/20240501192402_IMG_0267-Copy.jpg&quot;,&quot;pid&quot;:199424,&quot;galleryid&quot;:1,&quot;description&quot;:&quot;&quot;,&quot;alttext&quot;:&quot;Francin\\u00f3polis celebra cria\\u00e7\\u00e3o de Par\\u00f3quia e posse do 1\\u00b0 P\\u00e1roco dentro das festividades de anivers\\u00e1rio da cidade&quot;,&quot;thumbnailURL&quot;:&quot;https:\\\/\\\/portalv1.com.br\\\/app\\\/wp-content\\\/uploads\\\/2024\\\/04\\\/20240501192402_IMG_0267-Copy-400x250.jpg&quot;,&quot;style&quot;:&quot;&quot;},{&quot;thumbcode&quot;:&quot;https:\\\/\\\/portalv1.com.br\\\/app\\\/wp-content\\\/uploads\\\/2024\\\/04\\\/20240501192419_IMG_0270-Copy-400x250.jpg&quot;,&quot;imageURL&quot;:&quot;https:\\\/\\\/portalv1.com.br\\\/app\\\/wp-content\\\/uploads\\\/2024\\\/04\\\/20240501192419_IMG_0270-Copy.jpg&quot;,&quot;pid&quot;:199425,&quot;galleryid&quot;:1,&quot;description&quot;:&quot;&quot;,&quot;alttext&quot;:&quot;Francin\\u00f3polis celebra cria\\u00e7\\u00e3o de Par\\u00f3quia e posse do 1\\u00b0 P\\u00e1roco dentro das festividades de anivers\\u00e1rio da cidade&quot;,&quot;thumbnailURL&quot;:&quot;https:\\\/\\\/portalv1.com.br\\\/app\\\/wp-content\\\/uploads\\\/2024\\\/04\\\/20240501192419_IMG_0270-Copy-400x250.jpg&quot;,&quot;style&quot;:&quot;&quot;},{&quot;thumbcode&quot;:&quot;https:\\\/\\\/portalv1.com.br\\\/app\\\/wp-content\\\/uploads\\\/2024\\\/04\\\/20240501192436_IMG_0271-Copy-400x250.jpg&quot;,&quot;imageURL&quot;:&quot;https:\\\/\\\/portalv1.com.br\\\/app\\\/wp-content\\\/uploads\\\/2024\\\/04\\\/20240501192436_IMG_0271-Copy.jpg&quot;,&quot;pid&quot;:199426,&quot;galleryid&quot;:1,&quot;description&quot;:&quot;&quot;,&quot;alttext&quot;:&quot;Francin\\u00f3polis celebra cria\\u00e7\\u00e3o de Par\\u00f3quia e posse do 1\\u00b0 P\\u00e1roco dentro das festividades de anivers\\u00e1rio da cidade&quot;,&quot;thumbnailURL&quot;:&quot;https:\\\/\\\/portalv1.com.br\\\/app\\\/wp-content\\\/uploads\\\/2024\\\/04\\\/20240501192436_IMG_0271-Copy-400x250.jpg&quot;,&quot;style&quot;:&quot;&quot;},{&quot;thumbcode&quot;:&quot;https:\\\/\\\/portalv1.com.br\\\/app\\\/wp-content\\\/uploads\\\/2024\\\/04\\\/20240501192457_IMG_0275-Copy-400x250.jpg&quot;,&quot;imageURL&quot;:&quot;https:\\\/\\\/portalv1.com.br\\\/app\\\/wp-content\\\/uploads\\\/2024\\\/04\\\/20240501192457_IMG_0275-Copy.jpg&quot;,&quot;pid&quot;:199427,&quot;galleryid&quot;:1,&quot;description&quot;:&quot;&quot;,&quot;alttext&quot;:&quot;Francin\\u00f3polis celebra cria\\u00e7\\u00e3o de Par\\u00f3quia e posse do 1\\u00b0 P\\u00e1roco dentro das festividades de anivers\\u00e1rio da cidade&quot;,&quot;thumbnailURL&quot;:&quot;https:\\\/\\\/portalv1.com.br\\\/app\\\/wp-content\\\/uploads\\\/2024\\\/04\\\/20240501192457_IMG_0275-Copy-400x250.jpg&quot;,&quot;style&quot;:&quot;&quot;},{&quot;thumbcode&quot;:&quot;https:\\\/\\\/portalv1.com.br\\\/app\\\/wp-content\\\/uploads\\\/2024\\\/04\\\/20240501192459_IMG_0276-Copy-400x250.jpg&quot;,&quot;imageURL&quot;:&quot;https:\\\/\\\/portalv1.com.br\\\/app\\\/wp-content\\\/uploads\\\/2024\\\/04\\\/20240501192459_IMG_0276-Copy.jpg&quot;,&quot;pid&quot;:199428,&quot;galleryid&quot;:1,&quot;description&quot;:&quot;&quot;,&quot;alttext&quot;:&quot;Francin\\u00f3polis celebra cria\\u00e7\\u00e3o de Par\\u00f3quia e posse do 1\\u00b0 P\\u00e1roco dentro das festividades de anivers\\u00e1rio da cidade&quot;,&quot;thumbnailURL&quot;:&quot;https:\\\/\\\/portalv1.com.br\\\/app\\\/wp-content\\\/uploads\\\/2024\\\/04\\\/20240501192459_IMG_0276-Copy-400x250.jpg&quot;,&quot;style&quot;:&quot;&quot;},{&quot;thumbcode&quot;:&quot;https:\\\/\\\/portalv1.com.br\\\/app\\\/wp-content\\\/uploads\\\/2024\\\/04\\\/20240501192507_IMG_0278-Copy-400x250.jpg&quot;,&quot;imageURL&quot;:&quot;https:\\\/\\\/portalv1.com.br\\\/app\\\/wp-content\\\/uploads\\\/2024\\\/04\\\/20240501192507_IMG_0278-Copy.jpg&quot;,&quot;pid&quot;:199429,&quot;galleryid&quot;:1,&quot;description&quot;:&quot;&quot;,&quot;alttext&quot;:&quot;Francin\\u00f3polis celebra cria\\u00e7\\u00e3o de Par\\u00f3quia e posse do 1\\u00b0 P\\u00e1roco dentro das festividades de anivers\\u00e1rio da cidade&quot;,&quot;thumbnailURL&quot;:&quot;https:\\\/\\\/portalv1.com.br\\\/app\\\/wp-content\\\/uploads\\\/2024\\\/04\\\/20240501192507_IMG_0278-Copy-400x250.jpg&quot;,&quot;style&quot;:&quot;&quot;},{&quot;thumbcode&quot;:&quot;https:\\\/\\\/portalv1.com.br\\\/app\\\/wp-content\\\/uploads\\\/2024\\\/04\\\/20240501192613_IMG_0280-Copy-400x250.jpg&quot;,&quot;imageURL&quot;:&quot;https:\\\/\\\/portalv1.com.br\\\/app\\\/wp-content\\\/uploads\\\/2024\\\/04\\\/20240501192613_IMG_0280-Copy.jpg&quot;,&quot;pid&quot;:199430,&quot;galleryid&quot;:1,&quot;description&quot;:&quot;&quot;,&quot;alttext&quot;:&quot;Francin\\u00f3polis celebra cria\\u00e7\\u00e3o de Par\\u00f3quia e posse do 1\\u00b0 P\\u00e1roco dentro das festividades de anivers\\u00e1rio da cidade&quot;,&quot;thumbnailURL&quot;:&quot;https:\\\/\\\/portalv1.com.br\\\/app\\\/wp-content\\\/uploads\\\/2024\\\/04\\\/20240501192613_IMG_0280-Copy-400x250.jpg&quot;,&quot;style&quot;:&quot;&quot;},{&quot;thumbcode&quot;:&quot;https:\\\/\\\/portalv1.com.br\\\/app\\\/wp-content\\\/uploads\\\/2024\\\/04\\\/20240501192615_IMG_0281-Copy-400x250.jpg&quot;,&quot;imageURL&quot;:&quot;https:\\\/\\\/portalv1.com.br\\\/app\\\/wp-content\\\/uploads\\\/2024\\\/04\\\/20240501192615_IMG_0281-Copy.jpg&quot;,&quot;pid&quot;:199431,&quot;galleryid&quot;:1,&quot;description&quot;:&quot;&quot;,&quot;alttext&quot;:&quot;Francin\\u00f3polis celebra cria\\u00e7\\u00e3o de Par\\u00f3quia e posse do 1\\u00b0 P\\u00e1roco dentro das festividades de anivers\\u00e1rio da cidade&quot;,&quot;thumbnailURL&quot;:&quot;https:\\\/\\\/portalv1.com.br\\\/app\\\/wp-content\\\/uploads\\\/2024\\\/04\\\/20240501192615_IMG_0281-Copy-400x250.jpg&quot;,&quot;style&quot;:&quot;&quot;},{&quot;thumbcode&quot;:&quot;https:\\\/\\\/portalv1.com.br\\\/app\\\/wp-content\\\/uploads\\\/2024\\\/04\\\/20240501192653_IMG_0285-Copy-400x250.jpg&quot;,&quot;imageURL&quot;:&quot;https:\\\/\\\/portalv1.com.br\\\/app\\\/wp-content\\\/uploads\\\/2024\\\/04\\\/20240501192653_IMG_0285-Copy.jpg&quot;,&quot;pid&quot;:199432,&quot;galleryid&quot;:1,&quot;description&quot;:&quot;&quot;,&quot;alttext&quot;:&quot;Francin\\u00f3polis celebra cria\\u00e7\\u00e3o de Par\\u00f3quia e posse do 1\\u00b0 P\\u00e1roco dentro das festividades de anivers\\u00e1rio da cidade&quot;,&quot;thumbnailURL&quot;:&quot;https:\\\/\\\/portalv1.com.br\\\/app\\\/wp-content\\\/uploads\\\/2024\\\/04\\\/20240501192653_IMG_0285-Copy-400x250.jpg&quot;,&quot;style&quot;:&quot;&quot;},{&quot;thumbcode&quot;:&quot;https:\\\/\\\/portalv1.com.br\\\/app\\\/wp-content\\\/uploads\\\/2024\\\/04\\\/20240501192709_IMG_0287-Copy-400x250.jpg&quot;,&quot;imageURL&quot;:&quot;https:\\\/\\\/portalv1.com.br\\\/app\\\/wp-content\\\/uploads\\\/2024\\\/04\\\/20240501192709_IMG_0287-Copy.jpg&quot;,&quot;pid&quot;:199433,&quot;galleryid&quot;:1,&quot;description&quot;:&quot;&quot;,&quot;alttext&quot;:&quot;Francin\\u00f3polis celebra cria\\u00e7\\u00e3o de Par\\u00f3quia e posse do 1\\u00b0 P\\u00e1roco dentro das festividades de anivers\\u00e1rio da cidade&quot;,&quot;thumbnailURL&quot;:&quot;https:\\\/\\\/portalv1.com.br\\\/app\\\/wp-content\\\/uploads\\\/2024\\\/04\\\/20240501192709_IMG_0287-Copy-400x250.jpg&quot;,&quot;style&quot;:&quot;&quot;},{&quot;thumbcode&quot;:&quot;https:\\\/\\\/portalv1.com.br\\\/app\\\/wp-content\\\/uploads\\\/2024\\\/04\\\/20240501192759_IMG_0288-Copy-400x250.jpg&quot;,&quot;imageURL&quot;:&quot;https:\\\/\\\/portalv1.com.br\\\/app\\\/wp-content\\\/uploads\\\/2024\\\/04\\\/20240501192759_IMG_0288-Copy.jpg&quot;,&quot;pid&quot;:199434,&quot;galleryid&quot;:1,&quot;description&quot;:&quot;&quot;,&quot;alttext&quot;:&quot;Francin\\u00f3polis celebra cria\\u00e7\\u00e3o de Par\\u00f3quia e posse do 1\\u00b0 P\\u00e1roco dentro das festividades de anivers\\u00e1rio da cidade&quot;,&quot;thumbnailURL&quot;:&quot;https:\\\/\\\/portalv1.com.br\\\/app\\\/wp-content\\\/uploads\\\/2024\\\/04\\\/20240501192759_IMG_0288-Copy-400x250.jpg&quot;,&quot;style&quot;:&quot;&quot;},{&quot;thumbcode&quot;:&quot;https:\\\/\\\/portalv1.com.br\\\/app\\\/wp-content\\\/uploads\\\/2024\\\/04\\\/20240501192807_IMG_0289-Copy-400x250.jpg&quot;,&quot;imageURL&quot;:&quot;https:\\\/\\\/portalv1.com.br\\\/app\\\/wp-content\\\/uploads\\\/2024\\\/04\\\/20240501192807_IMG_0289-Copy.jpg&quot;,&quot;pid&quot;:199435,&quot;galleryid&quot;:1,&quot;description&quot;:&quot;&quot;,&quot;alttext&quot;:&quot;Francin\\u00f3polis celebra cria\\u00e7\\u00e3o de Par\\u00f3quia e posse do 1\\u00b0 P\\u00e1roco dentro das festividades de anivers\\u00e1rio da cidade&quot;,&quot;thumbnailURL&quot;:&quot;https:\\\/\\\/portalv1.com.br\\\/app\\\/wp-content\\\/uploads\\\/2024\\\/04\\\/20240501192807_IMG_0289-Copy-400x250.jpg&quot;,&quot;style&quot;:&quot;&quot;},{&quot;thumbcode&quot;:&quot;https:\\\/\\\/portalv1.com.br\\\/app\\\/wp-content\\\/uploads\\\/2024\\\/04\\\/20240501192848_IMG_0295-Copy-400x250.jpg&quot;,&quot;imageURL&quot;:&quot;https:\\\/\\\/portalv1.com.br\\\/app\\\/wp-content\\\/uploads\\\/2024\\\/04\\\/20240501192848_IMG_0295-Copy.jpg&quot;,&quot;pid&quot;:199436,&quot;galleryid&quot;:1,&quot;description&quot;:&quot;&quot;,&quot;alttext&quot;:&quot;Francin\\u00f3polis celebra cria\\u00e7\\u00e3o de Par\\u00f3quia e posse do 1\\u00b0 P\\u00e1roco dentro das festividades de anivers\\u00e1rio da cidade&quot;,&quot;thumbnailURL&quot;:&quot;https:\\\/\\\/portalv1.com.br\\\/app\\\/wp-content\\\/uploads\\\/2024\\\/04\\\/20240501192848_IMG_0295-Copy-400x250.jpg&quot;,&quot;style&quot;:&quot;&quot;},{&quot;thumbcode&quot;:&quot;https:\\\/\\\/portalv1.com.br\\\/app\\\/wp-content\\\/uploads\\\/2024\\\/04\\\/20240501192853_IMG_0296-Copy-400x250.jpg&quot;,&quot;imageURL&quot;:&quot;https:\\\/\\\/portalv1.com.br\\\/app\\\/wp-content\\\/uploads\\\/2024\\\/04\\\/20240501192853_IMG_0296-Copy.jpg&quot;,&quot;pid&quot;:199437,&quot;galleryid&quot;:1,&quot;description&quot;:&quot;&quot;,&quot;alttext&quot;:&quot;Francin\\u00f3polis celebra cria\\u00e7\\u00e3o de Par\\u00f3quia e posse do 1\\u00b0 P\\u00e1roco dentro das festividades de anivers\\u00e1rio da cidade&quot;,&quot;thumbnailURL&quot;:&quot;https:\\\/\\\/portalv1.com.br\\\/app\\\/wp-content\\\/uploads\\\/2024\\\/04\\\/20240501192853_IMG_0296-Copy-400x250.jpg&quot;,&quot;style&quot;:&quot;&quot;},{&quot;thumbcode&quot;:&quot;https:\\\/\\\/portalv1.com.br\\\/app\\\/wp-content\\\/uploads\\\/2024\\\/04\\\/20240501192911_IMG_0298-Copy-400x250.jpg&quot;,&quot;imageURL&quot;:&quot;https:\\\/\\\/portalv1.com.br\\\/app\\\/wp-content\\\/uploads\\\/2024\\\/04\\\/20240501192911_IMG_0298-Copy.jpg&quot;,&quot;pid&quot;:199438,&quot;galleryid&quot;:1,&quot;description&quot;:&quot;&quot;,&quot;alttext&quot;:&quot;Francin\\u00f3polis celebra cria\\u00e7\\u00e3o de Par\\u00f3quia e posse do 1\\u00b0 P\\u00e1roco dentro das festividades de anivers\\u00e1rio da cidade&quot;,&quot;thumbnailURL&quot;:&quot;https:\\\/\\\/portalv1.com.br\\\/app\\\/wp-content\\\/uploads\\\/2024\\\/04\\\/20240501192911_IMG_0298-Copy-400x250.jpg&quot;,&quot;style&quot;:&quot;&quot;},{&quot;thumbcode&quot;:&quot;https:\\\/\\\/portalv1.com.br\\\/app\\\/wp-content\\\/uploads\\\/2024\\\/04\\\/20240501193003_IMG_0301-Copy-400x250.jpg&quot;,&quot;imageURL&quot;:&quot;https:\\\/\\\/portalv1.com.br\\\/app\\\/wp-content\\\/uploads\\\/2024\\\/04\\\/20240501193003_IMG_0301-Copy.jpg&quot;,&quot;pid&quot;:199439,&quot;galleryid&quot;:1,&quot;description&quot;:&quot;&quot;,&quot;alttext&quot;:&quot;Francin\\u00f3polis celebra cria\\u00e7\\u00e3o de Par\\u00f3quia e posse do 1\\u00b0 P\\u00e1roco dentro das festividades de anivers\\u00e1rio da cidade&quot;,&quot;thumbnailURL&quot;:&quot;https:\\\/\\\/portalv1.com.br\\\/app\\\/wp-content\\\/uploads\\\/2024\\\/04\\\/20240501193003_IMG_0301-Copy-400x250.jpg&quot;,&quot;style&quot;:&quot;&quot;},{&quot;thumbcode&quot;:&quot;https:\\\/\\\/portalv1.com.br\\\/app\\\/wp-content\\\/uploads\\\/2024\\\/04\\\/20240501193011_IMG_0302-Copy-400x250.jpg&quot;,&quot;imageURL&quot;:&quot;https:\\\/\\\/portalv1.com.br\\\/app\\\/wp-content\\\/uploads\\\/2024\\\/04\\\/20240501193011_IMG_0302-Copy.jpg&quot;,&quot;pid&quot;:199440,&quot;galleryid&quot;:1,&quot;description&quot;:&quot;&quot;,&quot;alttext&quot;:&quot;Francin\\u00f3polis celebra cria\\u00e7\\u00e3o de Par\\u00f3quia e posse do 1\\u00b0 P\\u00e1roco dentro das festividades de anivers\\u00e1rio da cidade&quot;,&quot;thumbnailURL&quot;:&quot;https:\\\/\\\/portalv1.com.br\\\/app\\\/wp-content\\\/uploads\\\/2024\\\/04\\\/20240501193011_IMG_0302-Copy-400x250.jpg&quot;,&quot;style&quot;:&quot;&quot;},{&quot;thumbcode&quot;:&quot;https:\\\/\\\/portalv1.com.br\\\/app\\\/wp-content\\\/uploads\\\/2024\\\/04\\\/20240501193014_IMG_0305-Copy-400x250.jpg&quot;,&quot;imageURL&quot;:&quot;https:\\\/\\\/portalv1.com.br\\\/app\\\/wp-content\\\/uploads\\\/2024\\\/04\\\/20240501193014_IMG_0305-Copy.jpg&quot;,&quot;pid&quot;:199441,&quot;galleryid&quot;:1,&quot;description&quot;:&quot;&quot;,&quot;alttext&quot;:&quot;Francin\\u00f3polis celebra cria\\u00e7\\u00e3o de Par\\u00f3quia e posse do 1\\u00b0 P\\u00e1roco dentro das festividades de anivers\\u00e1rio da cidade&quot;,&quot;thumbnailURL&quot;:&quot;https:\\\/\\\/portalv1.com.br\\\/app\\\/wp-content\\\/uploads\\\/2024\\\/04\\\/20240501193014_IMG_0305-Copy-400x250.jpg&quot;,&quot;style&quot;:&quot;&quot;},{&quot;thumbcode&quot;:&quot;https:\\\/\\\/portalv1.com.br\\\/app\\\/wp-content\\\/uploads\\\/2024\\\/04\\\/20240501193024_IMG_0309-Copy-400x250.jpg&quot;,&quot;imageURL&quot;:&quot;https:\\\/\\\/portalv1.com.br\\\/app\\\/wp-content\\\/uploads\\\/2024\\\/04\\\/20240501193024_IMG_0309-Copy.jpg&quot;,&quot;pid&quot;:199442,&quot;galleryid&quot;:1,&quot;description&quot;:&quot;&quot;,&quot;alttext&quot;:&quot;Francin\\u00f3polis celebra cria\\u00e7\\u00e3o de Par\\u00f3quia e posse do 1\\u00b0 P\\u00e1roco dentro das festividades de anivers\\u00e1rio da cidade&quot;,&quot;thumbnailURL&quot;:&quot;https:\\\/\\\/portalv1.com.br\\\/app\\\/wp-content\\\/uploads\\\/2024\\\/04\\\/20240501193024_IMG_0309-Copy-400x250.jpg&quot;,&quot;style&quot;:&quot;&quot;},{&quot;thumbcode&quot;:&quot;https:\\\/\\\/portalv1.com.br\\\/app\\\/wp-content\\\/uploads\\\/2024\\\/04\\\/20240501193028_IMG_0311-Copy-400x250.jpg&quot;,&quot;imageURL&quot;:&quot;https:\\\/\\\/portalv1.com.br\\\/app\\\/wp-content\\\/uploads\\\/2024\\\/04\\\/20240501193028_IMG_0311-Copy.jpg&quot;,&quot;pid&quot;:199443,&quot;galleryid&quot;:1,&quot;description&quot;:&quot;&quot;,&quot;alttext&quot;:&quot;Francin\\u00f3polis celebra cria\\u00e7\\u00e3o de Par\\u00f3quia e posse do 1\\u00b0 P\\u00e1roco dentro das festividades de anivers\\u00e1rio da cidade&quot;,&quot;thumbnailURL&quot;:&quot;https:\\\/\\\/portalv1.com.br\\\/app\\\/wp-content\\\/uploads\\\/2024\\\/04\\\/20240501193028_IMG_0311-Copy-400x250.jpg&quot;,&quot;style&quot;:&quot;&quot;},{&quot;thumbcode&quot;:&quot;https:\\\/\\\/portalv1.com.br\\\/app\\\/wp-content\\\/uploads\\\/2024\\\/04\\\/20240501193151_IMG_0312-Copy-400x250.jpg&quot;,&quot;imageURL&quot;:&quot;https:\\\/\\\/portalv1.com.br\\\/app\\\/wp-content\\\/uploads\\\/2024\\\/04\\\/20240501193151_IMG_0312-Copy.jpg&quot;,&quot;pid&quot;:199444,&quot;galleryid&quot;:1,&quot;description&quot;:&quot;&quot;,&quot;alttext&quot;:&quot;Francin\\u00f3polis celebra cria\\u00e7\\u00e3o de Par\\u00f3quia e posse do 1\\u00b0 P\\u00e1roco dentro das festividades de anivers\\u00e1rio da cidade&quot;,&quot;thumbnailURL&quot;:&quot;https:\\\/\\\/portalv1.com.br\\\/app\\\/wp-content\\\/uploads\\\/2024\\\/04\\\/20240501193151_IMG_0312-Copy-400x250.jpg&quot;,&quot;style&quot;:&quot;&quot;},{&quot;thumbcode&quot;:&quot;https:\\\/\\\/portalv1.com.br\\\/app\\\/wp-content\\\/uploads\\\/2024\\\/04\\\/20240501193503_IMG_0313-Copy-400x250.jpg&quot;,&quot;imageURL&quot;:&quot;https:\\\/\\\/portalv1.com.br\\\/app\\\/wp-content\\\/uploads\\\/2024\\\/04\\\/20240501193503_IMG_0313-Copy.jpg&quot;,&quot;pid&quot;:199445,&quot;galleryid&quot;:1,&quot;description&quot;:&quot;&quot;,&quot;alttext&quot;:&quot;Francin\\u00f3polis celebra cria\\u00e7\\u00e3o de Par\\u00f3quia e posse do 1\\u00b0 P\\u00e1roco dentro das festividades de anivers\\u00e1rio da cidade&quot;,&quot;thumbnailURL&quot;:&quot;https:\\\/\\\/portalv1.com.br\\\/app\\\/wp-content\\\/uploads\\\/2024\\\/04\\\/20240501193503_IMG_0313-Copy-400x250.jpg&quot;,&quot;style&quot;:&quot;&quot;},{&quot;thumbcode&quot;:&quot;https:\\\/\\\/portalv1.com.br\\\/app\\\/wp-content\\\/uploads\\\/2024\\\/04\\\/20240501193535_IMG_0314-Copy-400x250.jpg&quot;,&quot;imageURL&quot;:&quot;https:\\\/\\\/portalv1.com.br\\\/app\\\/wp-content\\\/uploads\\\/2024\\\/04\\\/20240501193535_IMG_0314-Copy.jpg&quot;,&quot;pid&quot;:199446,&quot;galleryid&quot;:1,&quot;description&quot;:&quot;&quot;,&quot;alttext&quot;:&quot;Francin\\u00f3polis celebra cria\\u00e7\\u00e3o de Par\\u00f3quia e posse do 1\\u00b0 P\\u00e1roco dentro das festividades de anivers\\u00e1rio da cidade&quot;,&quot;thumbnailURL&quot;:&quot;https:\\\/\\\/portalv1.com.br\\\/app\\\/wp-content\\\/uploads\\\/2024\\\/04\\\/20240501193535_IMG_0314-Copy-400x250.jpg&quot;,&quot;style&quot;:&quot;&quot;},{&quot;thumbcode&quot;:&quot;https:\\\/\\\/portalv1.com.br\\\/app\\\/wp-content\\\/uploads\\\/2024\\\/04\\\/20240501193616_IMG_0315-Copy-400x250.jpg&quot;,&quot;imageURL&quot;:&quot;https:\\\/\\\/portalv1.com.br\\\/app\\\/wp-content\\\/uploads\\\/2024\\\/04\\\/20240501193616_IMG_0315-Copy.jpg&quot;,&quot;pid&quot;:199447,&quot;galleryid&quot;:1,&quot;description&quot;:&quot;&quot;,&quot;alttext&quot;:&quot;Francin\\u00f3polis celebra cria\\u00e7\\u00e3o de Par\\u00f3quia e posse do 1\\u00b0 P\\u00e1roco dentro das festividades de anivers\\u00e1rio da cidade&quot;,&quot;thumbnailURL&quot;:&quot;https:\\\/\\\/portalv1.com.br\\\/app\\\/wp-content\\\/uploads\\\/2024\\\/04\\\/20240501193616_IMG_0315-Copy-400x250.jpg&quot;,&quot;style&quot;:&quot;&quot;},{&quot;thumbcode&quot;:&quot;https:\\\/\\\/portalv1.com.br\\\/app\\\/wp-content\\\/uploads\\\/2024\\\/04\\\/20240501193635_IMG_0316-Copy-400x250.jpg&quot;,&quot;imageURL&quot;:&quot;https:\\\/\\\/portalv1.com.br\\\/app\\\/wp-content\\\/uploads\\\/2024\\\/04\\\/20240501193635_IMG_0316-Copy.jpg&quot;,&quot;pid&quot;:199448,&quot;galleryid&quot;:1,&quot;description&quot;:&quot;&quot;,&quot;alttext&quot;:&quot;Francin\\u00f3polis celebra cria\\u00e7\\u00e3o de Par\\u00f3quia e posse do 1\\u00b0 P\\u00e1roco dentro das festividades de anivers\\u00e1rio da cidade&quot;,&quot;thumbnailURL&quot;:&quot;https:\\\/\\\/portalv1.com.br\\\/app\\\/wp-content\\\/uploads\\\/2024\\\/04\\\/20240501193635_IMG_0316-Copy-400x250.jpg&quot;,&quot;style&quot;:&quot;&quot;},{&quot;thumbcode&quot;:&quot;https:\\\/\\\/portalv1.com.br\\\/app\\\/wp-content\\\/uploads\\\/2024\\\/04\\\/20240501193702_IMG_0317-Copy-400x250.jpg&quot;,&quot;imageURL&quot;:&quot;https:\\\/\\\/portalv1.com.br\\\/app\\\/wp-content\\\/uploads\\\/2024\\\/04\\\/20240501193702_IMG_0317-Copy.jpg&quot;,&quot;pid&quot;:199449,&quot;galleryid&quot;:1,&quot;description&quot;:&quot;&quot;,&quot;alttext&quot;:&quot;Francin\\u00f3polis celebra cria\\u00e7\\u00e3o de Par\\u00f3quia e posse do 1\\u00b0 P\\u00e1roco dentro das festividades de anivers\\u00e1rio da cidade&quot;,&quot;thumbnailURL&quot;:&quot;https:\\\/\\\/portalv1.com.br\\\/app\\\/wp-content\\\/uploads\\\/2024\\\/04\\\/20240501193702_IMG_0317-Copy-400x250.jpg&quot;,&quot;style&quot;:&quot;&quot;},{&quot;thumbcode&quot;:&quot;https:\\\/\\\/portalv1.com.br\\\/app\\\/wp-content\\\/uploads\\\/2024\\\/04\\\/20240501193726_IMG_0318-Copy-400x250.jpg&quot;,&quot;imageURL&quot;:&quot;https:\\\/\\\/portalv1.com.br\\\/app\\\/wp-content\\\/uploads\\\/2024\\\/04\\\/20240501193726_IMG_0318-Copy.jpg&quot;,&quot;pid&quot;:199450,&quot;galleryid&quot;:1,&quot;description&quot;:&quot;&quot;,&quot;alttext&quot;:&quot;Francin\\u00f3polis celebra cria\\u00e7\\u00e3o de Par\\u00f3quia e posse do 1\\u00b0 P\\u00e1roco dentro das festividades de anivers\\u00e1rio da cidade&quot;,&quot;thumbnailURL&quot;:&quot;https:\\\/\\\/portalv1.com.br\\\/app\\\/wp-content\\\/uploads\\\/2024\\\/04\\\/20240501193726_IMG_0318-Copy-400x250.jpg&quot;,&quot;style&quot;:&quot;&quot;},{&quot;thumbcode&quot;:&quot;https:\\\/\\\/portalv1.com.br\\\/app\\\/wp-content\\\/uploads\\\/2024\\\/04\\\/20240501193908_IMG_0320-Copy-400x250.jpg&quot;,&quot;imageURL&quot;:&quot;https:\\\/\\\/portalv1.com.br\\\/app\\\/wp-content\\\/uploads\\\/2024\\\/04\\\/20240501193908_IMG_0320-Copy.jpg&quot;,&quot;pid&quot;:199451,&quot;galleryid&quot;:1,&quot;description&quot;:&quot;&quot;,&quot;alttext&quot;:&quot;Francin\\u00f3polis celebra cria\\u00e7\\u00e3o de Par\\u00f3quia e posse do 1\\u00b0 P\\u00e1roco dentro das festividades de anivers\\u00e1rio da cidade&quot;,&quot;thumbnailURL&quot;:&quot;https:\\\/\\\/portalv1.com.br\\\/app\\\/wp-content\\\/uploads\\\/2024\\\/04\\\/20240501193908_IMG_0320-Copy-400x250.jpg&quot;,&quot;style&quot;:&quot;&quot;},{&quot;thumbcode&quot;:&quot;https:\\\/\\\/portalv1.com.br\\\/app\\\/wp-content\\\/uploads\\\/2024\\\/04\\\/20240501194725_IMG_0324-Copy-400x250.jpg&quot;,&quot;imageURL&quot;:&quot;https:\\\/\\\/portalv1.com.br\\\/app\\\/wp-content\\\/uploads\\\/2024\\\/04\\\/20240501194725_IMG_0324-Copy.jpg&quot;,&quot;pid&quot;:199452,&quot;galleryid&quot;:1,&quot;description&quot;:&quot;&quot;,&quot;alttext&quot;:&quot;Francin\\u00f3polis celebra cria\\u00e7\\u00e3o de Par\\u00f3quia e posse do 1\\u00b0 P\\u00e1roco dentro das festividades de anivers\\u00e1rio da cidade&quot;,&quot;thumbnailURL&quot;:&quot;https:\\\/\\\/portalv1.com.br\\\/app\\\/wp-content\\\/uploads\\\/2024\\\/04\\\/20240501194725_IMG_0324-Copy-400x250.jpg&quot;,&quot;style&quot;:&quot;&quot;},{&quot;thumbcode&quot;:&quot;https:\\\/\\\/portalv1.com.br\\\/app\\\/wp-content\\\/uploads\\\/2024\\\/04\\\/20240501194740_IMG_0326-Copy-400x250.jpg&quot;,&quot;imageURL&quot;:&quot;https:\\\/\\\/portalv1.com.br\\\/app\\\/wp-content\\\/uploads\\\/2024\\\/04\\\/20240501194740_IMG_0326-Copy.jpg&quot;,&quot;pid&quot;:199453,&quot;galleryid&quot;:1,&quot;description&quot;:&quot;&quot;,&quot;alttext&quot;:&quot;Francin\\u00f3polis celebra cria\\u00e7\\u00e3o de Par\\u00f3quia e posse do 1\\u00b0 P\\u00e1roco dentro das festividades de anivers\\u00e1rio da cidade&quot;,&quot;thumbnailURL&quot;:&quot;https:\\\/\\\/portalv1.com.br\\\/app\\\/wp-content\\\/uploads\\\/2024\\\/04\\\/20240501194740_IMG_0326-Copy-400x250.jpg&quot;,&quot;style&quot;:&quot;&quot;},{&quot;thumbcode&quot;:&quot;https:\\\/\\\/portalv1.com.br\\\/app\\\/wp-content\\\/uploads\\\/2024\\\/04\\\/20240501194818_IMG_0330-Copy-400x250.jpg&quot;,&quot;imageURL&quot;:&quot;https:\\\/\\\/portalv1.com.br\\\/app\\\/wp-content\\\/uploads\\\/2024\\\/04\\\/20240501194818_IMG_0330-Copy.jpg&quot;,&quot;pid&quot;:199454,&quot;galleryid&quot;:1,&quot;description&quot;:&quot;&quot;,&quot;alttext&quot;:&quot;Francin\\u00f3polis celebra cria\\u00e7\\u00e3o de Par\\u00f3quia e posse do 1\\u00b0 P\\u00e1roco dentro das festividades de anivers\\u00e1rio da cidade&quot;,&quot;thumbnailURL&quot;:&quot;https:\\\/\\\/portalv1.com.br\\\/app\\\/wp-content\\\/uploads\\\/2024\\\/04\\\/20240501194818_IMG_0330-Copy-400x250.jpg&quot;,&quot;style&quot;:&quot;&quot;},{&quot;thumbcode&quot;:&quot;https:\\\/\\\/portalv1.com.br\\\/app\\\/wp-content\\\/uploads\\\/2024\\\/04\\\/20240501194825_IMG_0331-Copy-400x250.jpg&quot;,&quot;imageURL&quot;:&quot;https:\\\/\\\/portalv1.com.br\\\/app\\\/wp-content\\\/uploads\\\/2024\\\/04\\\/20240501194825_IMG_0331-Copy.jpg&quot;,&quot;pid&quot;:199455,&quot;galleryid&quot;:1,&quot;description&quot;:&quot;&quot;,&quot;alttext&quot;:&quot;Francin\\u00f3polis celebra cria\\u00e7\\u00e3o de Par\\u00f3quia e posse do 1\\u00b0 P\\u00e1roco dentro das festividades de anivers\\u00e1rio da cidade&quot;,&quot;thumbnailURL&quot;:&quot;https:\\\/\\\/portalv1.com.br\\\/app\\\/wp-content\\\/uploads\\\/2024\\\/04\\\/20240501194825_IMG_0331-Copy-400x250.jpg&quot;,&quot;style&quot;:&quot;&quot;},{&quot;thumbcode&quot;:&quot;https:\\\/\\\/portalv1.com.br\\\/app\\\/wp-content\\\/uploads\\\/2024\\\/04\\\/20240501194830_IMG_0332-Copy-400x250.jpg&quot;,&quot;imageURL&quot;:&quot;https:\\\/\\\/portalv1.com.br\\\/app\\\/wp-content\\\/uploads\\\/2024\\\/04\\\/20240501194830_IMG_0332-Copy.jpg&quot;,&quot;pid&quot;:199456,&quot;galleryid&quot;:1,&quot;description&quot;:&quot;&quot;,&quot;alttext&quot;:&quot;Francin\\u00f3polis celebra cria\\u00e7\\u00e3o de Par\\u00f3quia e posse do 1\\u00b0 P\\u00e1roco dentro das festividades de anivers\\u00e1rio da cidade&quot;,&quot;thumbnailURL&quot;:&quot;https:\\\/\\\/portalv1.com.br\\\/app\\\/wp-content\\\/uploads\\\/2024\\\/04\\\/20240501194830_IMG_0332-Copy-400x250.jpg&quot;,&quot;style&quot;:&quot;&quot;},{&quot;thumbcode&quot;:&quot;https:\\\/\\\/portalv1.com.br\\\/app\\\/wp-content\\\/uploads\\\/2024\\\/04\\\/20240501194839_IMG_0333-Copy-400x250.jpg&quot;,&quot;imageURL&quot;:&quot;https:\\\/\\\/portalv1.com.br\\\/app\\\/wp-content\\\/uploads\\\/2024\\\/04\\\/20240501194839_IMG_0333-Copy.jpg&quot;,&quot;pid&quot;:199457,&quot;galleryid&quot;:1,&quot;description&quot;:&quot;&quot;,&quot;alttext&quot;:&quot;Francin\\u00f3polis celebra cria\\u00e7\\u00e3o de Par\\u00f3quia e posse do 1\\u00b0 P\\u00e1roco dentro das festividades de anivers\\u00e1rio da cidade&quot;,&quot;thumbnailURL&quot;:&quot;https:\\\/\\\/portalv1.com.br\\\/app\\\/wp-content\\\/uploads\\\/2024\\\/04\\\/20240501194839_IMG_0333-Copy-400x250.jpg&quot;,&quot;style&quot;:&quot;&quot;},{&quot;thumbcode&quot;:&quot;https:\\\/\\\/portalv1.com.br\\\/app\\\/wp-content\\\/uploads\\\/2024\\\/04\\\/20240501195227_IMG_0334-Copy-400x250.jpg&quot;,&quot;imageURL&quot;:&quot;https:\\\/\\\/portalv1.com.br\\\/app\\\/wp-content\\\/uploads\\\/2024\\\/04\\\/20240501195227_IMG_0334-Copy.jpg&quot;,&quot;pid&quot;:199458,&quot;galleryid&quot;:1,&quot;description&quot;:&quot;&quot;,&quot;alttext&quot;:&quot;Francin\\u00f3polis celebra cria\\u00e7\\u00e3o de Par\\u00f3quia e posse do 1\\u00b0 P\\u00e1roco dentro das festividades de anivers\\u00e1rio da cidade&quot;,&quot;thumbnailURL&quot;:&quot;https:\\\/\\\/portalv1.com.br\\\/app\\\/wp-content\\\/uploads\\\/2024\\\/04\\\/20240501195227_IMG_0334-Copy-400x250.jpg&quot;,&quot;style&quot;:&quot;&quot;},{&quot;thumbcode&quot;:&quot;https:\\\/\\\/portalv1.com.br\\\/app\\\/wp-content\\\/uploads\\\/2024\\\/04\\\/20240501195248_IMG_0335-Copy-400x250.jpg&quot;,&quot;imageURL&quot;:&quot;https:\\\/\\\/portalv1.com.br\\\/app\\\/wp-content\\\/uploads\\\/2024\\\/04\\\/20240501195248_IMG_0335-Copy.jpg&quot;,&quot;pid&quot;:199459,&quot;galleryid&quot;:1,&quot;description&quot;:&quot;&quot;,&quot;alttext&quot;:&quot;Francin\\u00f3polis celebra cria\\u00e7\\u00e3o de Par\\u00f3quia e posse do 1\\u00b0 P\\u00e1roco dentro das festividades de anivers\\u00e1rio da cidade&quot;,&quot;thumbnailURL&quot;:&quot;https:\\\/\\\/portalv1.com.br\\\/app\\\/wp-content\\\/uploads\\\/2024\\\/04\\\/20240501195248_IMG_0335-Copy-400x250.jpg&quot;,&quot;style&quot;:&quot;&quot;},{&quot;thumbcode&quot;:&quot;https:\\\/\\\/portalv1.com.br\\\/app\\\/wp-content\\\/uploads\\\/2024\\\/04\\\/20240501195304_IMG_0337-Copy-400x250.jpg&quot;,&quot;imageURL&quot;:&quot;https:\\\/\\\/portalv1.com.br\\\/app\\\/wp-content\\\/uploads\\\/2024\\\/04\\\/20240501195304_IMG_0337-Copy.jpg&quot;,&quot;pid&quot;:199460,&quot;galleryid&quot;:1,&quot;description&quot;:&quot;&quot;,&quot;alttext&quot;:&quot;Francin\\u00f3polis celebra cria\\u00e7\\u00e3o de Par\\u00f3quia e posse do 1\\u00b0 P\\u00e1roco dentro das festividades de anivers\\u00e1rio da cidade&quot;,&quot;thumbnailURL&quot;:&quot;https:\\\/\\\/portalv1.com.br\\\/app\\\/wp-content\\\/uploads\\\/2024\\\/04\\\/20240501195304_IMG_0337-Copy-400x250.jpg&quot;,&quot;style&quot;:&quot;&quot;},{&quot;thumbcode&quot;:&quot;https:\\\/\\\/portalv1.com.br\\\/app\\\/wp-content\\\/uploads\\\/2024\\\/04\\\/20240501195310_IMG_0338-Copy-400x250.jpg&quot;,&quot;imageURL&quot;:&quot;https:\\\/\\\/portalv1.com.br\\\/app\\\/wp-content\\\/uploads\\\/2024\\\/04\\\/20240501195310_IMG_0338-Copy.jpg&quot;,&quot;pid&quot;:199461,&quot;galleryid&quot;:1,&quot;description&quot;:&quot;&quot;,&quot;alttext&quot;:&quot;Francin\\u00f3polis celebra cria\\u00e7\\u00e3o de Par\\u00f3quia e posse do 1\\u00b0 P\\u00e1roco dentro das festividades de anivers\\u00e1rio da cidade&quot;,&quot;thumbnailURL&quot;:&quot;https:\\\/\\\/portalv1.com.br\\\/app\\\/wp-content\\\/uploads\\\/2024\\\/04\\\/20240501195310_IMG_0338-Copy-400x250.jpg&quot;,&quot;style&quot;:&quot;&quot;},{&quot;thumbcode&quot;:&quot;https:\\\/\\\/portalv1.com.br\\\/app\\\/wp-content\\\/uploads\\\/2024\\\/04\\\/20240501195313_IMG_0339-Copy-400x250.jpg&quot;,&quot;imageURL&quot;:&quot;https:\\\/\\\/portalv1.com.br\\\/app\\\/wp-content\\\/uploads\\\/2024\\\/04\\\/20240501195313_IMG_0339-Copy.jpg&quot;,&quot;pid&quot;:199462,&quot;galleryid&quot;:1,&quot;description&quot;:&quot;&quot;,&quot;alttext&quot;:&quot;Francin\\u00f3polis celebra cria\\u00e7\\u00e3o de Par\\u00f3quia e posse do 1\\u00b0 P\\u00e1roco dentro das festividades de anivers\\u00e1rio da cidade&quot;,&quot;thumbnailURL&quot;:&quot;https:\\\/\\\/portalv1.com.br\\\/app\\\/wp-content\\\/uploads\\\/2024\\\/04\\\/20240501195313_IMG_0339-Copy-400x250.jpg&quot;,&quot;style&quot;:&quot;&quot;},{&quot;thumbcode&quot;:&quot;https:\\\/\\\/portalv1.com.br\\\/app\\\/wp-content\\\/uploads\\\/2024\\\/04\\\/20240501195322_IMG_0340-Copy-400x250.jpg&quot;,&quot;imageURL&quot;:&quot;https:\\\/\\\/portalv1.com.br\\\/app\\\/wp-content\\\/uploads\\\/2024\\\/04\\\/20240501195322_IMG_0340-Copy.jpg&quot;,&quot;pid&quot;:199463,&quot;galleryid&quot;:1,&quot;description&quot;:&quot;&quot;,&quot;alttext&quot;:&quot;Francin\\u00f3polis celebra cria\\u00e7\\u00e3o de Par\\u00f3quia e posse do 1\\u00b0 P\\u00e1roco dentro das festividades de anivers\\u00e1rio da cidade&quot;,&quot;thumbnailURL&quot;:&quot;https:\\\/\\\/portalv1.com.br\\\/app\\\/wp-content\\\/uploads\\\/2024\\\/04\\\/20240501195322_IMG_0340-Copy-400x250.jpg&quot;,&quot;style&quot;:&quot;&quot;},{&quot;thumbcode&quot;:&quot;https:\\\/\\\/portalv1.com.br\\\/app\\\/wp-content\\\/uploads\\\/2024\\\/04\\\/20240501195329_IMG_0341-Copy-400x250.jpg&quot;,&quot;imageURL&quot;:&quot;https:\\\/\\\/portalv1.com.br\\\/app\\\/wp-content\\\/uploads\\\/2024\\\/04\\\/20240501195329_IMG_0341-Copy.jpg&quot;,&quot;pid&quot;:199464,&quot;galleryid&quot;:1,&quot;description&quot;:&quot;&quot;,&quot;alttext&quot;:&quot;Francin\\u00f3polis celebra cria\\u00e7\\u00e3o de Par\\u00f3quia e posse do 1\\u00b0 P\\u00e1roco dentro das festividades de anivers\\u00e1rio da cidade&quot;,&quot;thumbnailURL&quot;:&quot;https:\\\/\\\/portalv1.com.br\\\/app\\\/wp-content\\\/uploads\\\/2024\\\/04\\\/20240501195329_IMG_0341-Copy-400x250.jpg&quot;,&quot;style&quot;:&quot;&quot;},{&quot;thumbcode&quot;:&quot;https:\\\/\\\/portalv1.com.br\\\/app\\\/wp-content\\\/uploads\\\/2024\\\/04\\\/20240501195416_IMG_0342-Copy-400x250.jpg&quot;,&quot;imageURL&quot;:&quot;https:\\\/\\\/portalv1.com.br\\\/app\\\/wp-content\\\/uploads\\\/2024\\\/04\\\/20240501195416_IMG_0342-Copy.jpg&quot;,&quot;pid&quot;:199465,&quot;galleryid&quot;:1,&quot;description&quot;:&quot;&quot;,&quot;alttext&quot;:&quot;Francin\\u00f3polis celebra cria\\u00e7\\u00e3o de Par\\u00f3quia e posse do 1\\u00b0 P\\u00e1roco dentro das festividades de anivers\\u00e1rio da cidade&quot;,&quot;thumbnailURL&quot;:&quot;https:\\\/\\\/portalv1.com.br\\\/app\\\/wp-content\\\/uploads\\\/2024\\\/04\\\/20240501195416_IMG_0342-Copy-400x250.jpg&quot;,&quot;style&quot;:&quot;&quot;},{&quot;thumbcode&quot;:&quot;https:\\\/\\\/portalv1.com.br\\\/app\\\/wp-content\\\/uploads\\\/2024\\\/04\\\/20240501195426_IMG_0343-Copy-400x250.jpg&quot;,&quot;imageURL&quot;:&quot;https:\\\/\\\/portalv1.com.br\\\/app\\\/wp-content\\\/uploads\\\/2024\\\/04\\\/20240501195426_IMG_0343-Copy.jpg&quot;,&quot;pid&quot;:199466,&quot;galleryid&quot;:1,&quot;description&quot;:&quot;&quot;,&quot;alttext&quot;:&quot;Francin\\u00f3polis celebra cria\\u00e7\\u00e3o de Par\\u00f3quia e posse do 1\\u00b0 P\\u00e1roco dentro das festividades de anivers\\u00e1rio da cidade&quot;,&quot;thumbnailURL&quot;:&quot;https:\\\/\\\/portalv1.com.br\\\/app\\\/wp-content\\\/uploads\\\/2024\\\/04\\\/20240501195426_IMG_0343-Copy-400x250.jpg&quot;,&quot;style&quot;:&quot;&quot;},{&quot;thumbcode&quot;:&quot;https:\\\/\\\/portalv1.com.br\\\/app\\\/wp-content\\\/uploads\\\/2024\\\/04\\\/20240501195536_IMG_0346-Copy-400x250.jpg&quot;,&quot;imageURL&quot;:&quot;https:\\\/\\\/portalv1.com.br\\\/app\\\/wp-content\\\/uploads\\\/2024\\\/04\\\/20240501195536_IMG_0346-Copy.jpg&quot;,&quot;pid&quot;:199467,&quot;galleryid&quot;:1,&quot;description&quot;:&quot;&quot;,&quot;alttext&quot;:&quot;Francin\\u00f3polis celebra cria\\u00e7\\u00e3o de Par\\u00f3quia e posse do 1\\u00b0 P\\u00e1roco dentro das festividades de anivers\\u00e1rio da cidade&quot;,&quot;thumbnailURL&quot;:&quot;https:\\\/\\\/portalv1.com.br\\\/app\\\/wp-content\\\/uploads\\\/2024\\\/04\\\/20240501195536_IMG_0346-Copy-400x250.jpg&quot;,&quot;style&quot;:&quot;&quot;},{&quot;thumbcode&quot;:&quot;https:\\\/\\\/portalv1.com.br\\\/app\\\/wp-content\\\/uploads\\\/2024\\\/04\\\/20240501195717_IMG_0348-Copy-400x250.jpg&quot;,&quot;imageURL&quot;:&quot;https:\\\/\\\/portalv1.com.br\\\/app\\\/wp-content\\\/uploads\\\/2024\\\/04\\\/20240501195717_IMG_0348-Copy.jpg&quot;,&quot;pid&quot;:199468,&quot;galleryid&quot;:1,&quot;description&quot;:&quot;&quot;,&quot;alttext&quot;:&quot;Francin\\u00f3polis celebra cria\\u00e7\\u00e3o de Par\\u00f3quia e posse do 1\\u00b0 P\\u00e1roco dentro das festividades de anivers\\u00e1rio da cidade&quot;,&quot;thumbnailURL&quot;:&quot;https:\\\/\\\/portalv1.com.br\\\/app\\\/wp-content\\\/uploads\\\/2024\\\/04\\\/20240501195717_IMG_0348-Copy-400x250.jpg&quot;,&quot;style&quot;:&quot;&quot;},{&quot;thumbcode&quot;:&quot;https:\\\/\\\/portalv1.com.br\\\/app\\\/wp-content\\\/uploads\\\/2024\\\/04\\\/20240501195718_IMG_0349-Copy-400x250.jpg&quot;,&quot;imageURL&quot;:&quot;https:\\\/\\\/portalv1.com.br\\\/app\\\/wp-content\\\/uploads\\\/2024\\\/04\\\/20240501195718_IMG_0349-Copy.jpg&quot;,&quot;pid&quot;:199469,&quot;galleryid&quot;:1,&quot;description&quot;:&quot;&quot;,&quot;alttext&quot;:&quot;Francin\\u00f3polis celebra cria\\u00e7\\u00e3o de Par\\u00f3quia e posse do 1\\u00b0 P\\u00e1roco dentro das festividades de anivers\\u00e1rio da cidade&quot;,&quot;thumbnailURL&quot;:&quot;https:\\\/\\\/portalv1.com.br\\\/app\\\/wp-content\\\/uploads\\\/2024\\\/04\\\/20240501195718_IMG_0349-Copy-400x250.jpg&quot;,&quot;style&quot;:&quot;&quot;},{&quot;thumbcode&quot;:&quot;https:\\\/\\\/portalv1.com.br\\\/app\\\/wp-content\\\/uploads\\\/2024\\\/04\\\/20240501195723_IMG_0350-Copy-400x250.jpg&quot;,&quot;imageURL&quot;:&quot;https:\\\/\\\/portalv1.com.br\\\/app\\\/wp-content\\\/uploads\\\/2024\\\/04\\\/20240501195723_IMG_0350-Copy.jpg&quot;,&quot;pid&quot;:199470,&quot;galleryid&quot;:1,&quot;description&quot;:&quot;&quot;,&quot;alttext&quot;:&quot;Francin\\u00f3polis celebra cria\\u00e7\\u00e3o de Par\\u00f3quia e posse do 1\\u00b0 P\\u00e1roco dentro das festividades de anivers\\u00e1rio da cidade&quot;,&quot;thumbnailURL&quot;:&quot;https:\\\/\\\/portalv1.com.br\\\/app\\\/wp-content\\\/uploads\\\/2024\\\/04\\\/20240501195723_IMG_0350-Copy-400x250.jpg&quot;,&quot;style&quot;:&quot;&quot;},{&quot;thumbcode&quot;:&quot;https:\\\/\\\/portalv1.com.br\\\/app\\\/wp-content\\\/uploads\\\/2024\\\/04\\\/20240501195807_IMG_0351-Copy-400x250.jpg&quot;,&quot;imageURL&quot;:&quot;https:\\\/\\\/portalv1.com.br\\\/app\\\/wp-content\\\/uploads\\\/2024\\\/04\\\/20240501195807_IMG_0351-Copy.jpg&quot;,&quot;pid&quot;:199471,&quot;galleryid&quot;:1,&quot;description&quot;:&quot;&quot;,&quot;alttext&quot;:&quot;Francin\\u00f3polis celebra cria\\u00e7\\u00e3o de Par\\u00f3quia e posse do 1\\u00b0 P\\u00e1roco dentro das festividades de anivers\\u00e1rio da cidade&quot;,&quot;thumbnailURL&quot;:&quot;https:\\\/\\\/portalv1.com.br\\\/app\\\/wp-content\\\/uploads\\\/2024\\\/04\\\/20240501195807_IMG_0351-Copy-400x250.jpg&quot;,&quot;style&quot;:&quot;&quot;},{&quot;thumbcode&quot;:&quot;https:\\\/\\\/portalv1.com.br\\\/app\\\/wp-content\\\/uploads\\\/2024\\\/04\\\/20240501195819_IMG_0352-Copy-400x250.jpg&quot;,&quot;imageURL&quot;:&quot;https:\\\/\\\/portalv1.com.br\\\/app\\\/wp-content\\\/uploads\\\/2024\\\/04\\\/20240501195819_IMG_0352-Copy.jpg&quot;,&quot;pid&quot;:199472,&quot;galleryid&quot;:1,&quot;description&quot;:&quot;&quot;,&quot;alttext&quot;:&quot;Francin\\u00f3polis celebra cria\\u00e7\\u00e3o de Par\\u00f3quia e posse do 1\\u00b0 P\\u00e1roco dentro das festividades de anivers\\u00e1rio da cidade&quot;,&quot;thumbnailURL&quot;:&quot;https:\\\/\\\/portalv1.com.br\\\/app\\\/wp-content\\\/uploads\\\/2024\\\/04\\\/20240501195819_IMG_0352-Copy-400x250.jpg&quot;,&quot;style&quot;:&quot;&quot;},{&quot;thumbcode&quot;:&quot;https:\\\/\\\/portalv1.com.br\\\/app\\\/wp-content\\\/uploads\\\/2024\\\/04\\\/20240501195852_IMG_0356-Copy-400x250.jpg&quot;,&quot;imageURL&quot;:&quot;https:\\\/\\\/portalv1.com.br\\\/app\\\/wp-content\\\/uploads\\\/2024\\\/04\\\/20240501195852_IMG_0356-Copy.jpg&quot;,&quot;pid&quot;:199473,&quot;galleryid&quot;:1,&quot;description&quot;:&quot;&quot;,&quot;alttext&quot;:&quot;Francin\\u00f3polis celebra cria\\u00e7\\u00e3o de Par\\u00f3quia e posse do 1\\u00b0 P\\u00e1roco dentro das festividades de anivers\\u00e1rio da cidade&quot;,&quot;thumbnailURL&quot;:&quot;https:\\\/\\\/portalv1.com.br\\\/app\\\/wp-content\\\/uploads\\\/2024\\\/04\\\/20240501195852_IMG_0356-Copy-400x250.jpg&quot;,&quot;style&quot;:&quot;&quot;},{&quot;thumbcode&quot;:&quot;https:\\\/\\\/portalv1.com.br\\\/app\\\/wp-content\\\/uploads\\\/2024\\\/04\\\/20240501200236_IMG_0358-Copy-400x250.jpg&quot;,&quot;imageURL&quot;:&quot;https:\\\/\\\/portalv1.com.br\\\/app\\\/wp-content\\\/uploads\\\/2024\\\/04\\\/20240501200236_IMG_0358-Copy.jpg&quot;,&quot;pid&quot;:199474,&quot;galleryid&quot;:1,&quot;description&quot;:&quot;&quot;,&quot;alttext&quot;:&quot;Francin\\u00f3polis celebra cria\\u00e7\\u00e3o de Par\\u00f3quia e posse do 1\\u00b0 P\\u00e1roco dentro das festividades de anivers\\u00e1rio da cidade&quot;,&quot;thumbnailURL&quot;:&quot;https:\\\/\\\/portalv1.com.br\\\/app\\\/wp-content\\\/uploads\\\/2024\\\/04\\\/20240501200236_IMG_0358-Copy-400x250.jpg&quot;,&quot;style&quot;:&quot;&quot;},{&quot;thumbcode&quot;:&quot;https:\\\/\\\/portalv1.com.br\\\/app\\\/wp-content\\\/uploads\\\/2024\\\/04\\\/20240501200903_IMG_0366-Copy-400x250.jpg&quot;,&quot;imageURL&quot;:&quot;https:\\\/\\\/portalv1.com.br\\\/app\\\/wp-content\\\/uploads\\\/2024\\\/04\\\/20240501200903_IMG_0366-Copy.jpg&quot;,&quot;pid&quot;:199475,&quot;galleryid&quot;:1,&quot;description&quot;:&quot;&quot;,&quot;alttext&quot;:&quot;Francin\\u00f3polis celebra cria\\u00e7\\u00e3o de Par\\u00f3quia e posse do 1\\u00b0 P\\u00e1roco dentro das festividades de anivers\\u00e1rio da cidade&quot;,&quot;thumbnailURL&quot;:&quot;https:\\\/\\\/portalv1.com.br\\\/app\\\/wp-content\\\/uploads\\\/2024\\\/04\\\/20240501200903_IMG_0366-Copy-400x250.jpg&quot;,&quot;style&quot;:&quot;&quot;},{&quot;thumbcode&quot;:&quot;https:\\\/\\\/portalv1.com.br\\\/app\\\/wp-content\\\/uploads\\\/2024\\\/04\\\/20240501201354_IMG_0371-Copy-400x250.jpg&quot;,&quot;imageURL&quot;:&quot;https:\\\/\\\/portalv1.com.br\\\/app\\\/wp-content\\\/uploads\\\/2024\\\/04\\\/20240501201354_IMG_0371-Copy.jpg&quot;,&quot;pid&quot;:199476,&quot;galleryid&quot;:1,&quot;description&quot;:&quot;&quot;,&quot;alttext&quot;:&quot;Francin\\u00f3polis celebra cria\\u00e7\\u00e3o de Par\\u00f3quia e posse do 1\\u00b0 P\\u00e1roco dentro das festividades de anivers\\u00e1rio da cidade&quot;,&quot;thumbnailURL&quot;:&quot;https:\\\/\\\/portalv1.com.br\\\/app\\\/wp-content\\\/uploads\\\/2024\\\/04\\\/20240501201354_IMG_0371-Copy-400x250.jpg&quot;,&quot;style&quot;:&quot;&quot;},{&quot;thumbcode&quot;:&quot;https:\\\/\\\/portalv1.com.br\\\/app\\\/wp-content\\\/uploads\\\/2024\\\/04\\\/20240501201412_IMG_0373-Copy-400x250.jpg&quot;,&quot;imageURL&quot;:&quot;https:\\\/\\\/portalv1.com.br\\\/app\\\/wp-content\\\/uploads\\\/2024\\\/04\\\/20240501201412_IMG_0373-Copy.jpg&quot;,&quot;pid&quot;:199477,&quot;galleryid&quot;:1,&quot;description&quot;:&quot;&quot;,&quot;alttext&quot;:&quot;Francin\\u00f3polis celebra cria\\u00e7\\u00e3o de Par\\u00f3quia e posse do 1\\u00b0 P\\u00e1roco dentro das festividades de anivers\\u00e1rio da cidade&quot;,&quot;thumbnailURL&quot;:&quot;https:\\\/\\\/portalv1.com.br\\\/app\\\/wp-content\\\/uploads\\\/2024\\\/04\\\/20240501201412_IMG_0373-Copy-400x250.jpg&quot;,&quot;style&quot;:&quot;&quot;},{&quot;thumbcode&quot;:&quot;https:\\\/\\\/portalv1.com.br\\\/app\\\/wp-content\\\/uploads\\\/2024\\\/04\\\/20240501201413_IMG_0374-Copy-400x250.jpg&quot;,&quot;imageURL&quot;:&quot;https:\\\/\\\/portalv1.com.br\\\/app\\\/wp-content\\\/uploads\\\/2024\\\/04\\\/20240501201413_IMG_0374-Copy.jpg&quot;,&quot;pid&quot;:199478,&quot;galleryid&quot;:1,&quot;description&quot;:&quot;&quot;,&quot;alttext&quot;:&quot;Francin\\u00f3polis celebra cria\\u00e7\\u00e3o de Par\\u00f3quia e posse do 1\\u00b0 P\\u00e1roco dentro das festividades de anivers\\u00e1rio da cidade&quot;,&quot;thumbnailURL&quot;:&quot;https:\\\/\\\/portalv1.com.br\\\/app\\\/wp-content\\\/uploads\\\/2024\\\/04\\\/20240501201413_IMG_0374-Copy-400x250.jpg&quot;,&quot;style&quot;:&quot;&quot;},{&quot;thumbcode&quot;:&quot;https:\\\/\\\/portalv1.com.br\\\/app\\\/wp-content\\\/uploads\\\/2024\\\/04\\\/20240501201420_IMG_0376-Copy-400x250.jpg&quot;,&quot;imageURL&quot;:&quot;https:\\\/\\\/portalv1.com.br\\\/app\\\/wp-content\\\/uploads\\\/2024\\\/04\\\/20240501201420_IMG_0376-Copy.jpg&quot;,&quot;pid&quot;:199479,&quot;galleryid&quot;:1,&quot;description&quot;:&quot;&quot;,&quot;alttext&quot;:&quot;Francin\\u00f3polis celebra cria\\u00e7\\u00e3o de Par\\u00f3quia e posse do 1\\u00b0 P\\u00e1roco dentro das festividades de anivers\\u00e1rio da cidade&quot;,&quot;thumbnailURL&quot;:&quot;https:\\\/\\\/portalv1.com.br\\\/app\\\/wp-content\\\/uploads\\\/2024\\\/04\\\/20240501201420_IMG_0376-Copy-400x250.jpg&quot;,&quot;style&quot;:&quot;&quot;},{&quot;thumbcode&quot;:&quot;https:\\\/\\\/portalv1.com.br\\\/app\\\/wp-content\\\/uploads\\\/2024\\\/04\\\/20240501201428_IMG_0378-Copy-400x250.jpg&quot;,&quot;imageURL&quot;:&quot;https:\\\/\\\/portalv1.com.br\\\/app\\\/wp-content\\\/uploads\\\/2024\\\/04\\\/20240501201428_IMG_0378-Copy.jpg&quot;,&quot;pid&quot;:199480,&quot;galleryid&quot;:1,&quot;description&quot;:&quot;&quot;,&quot;alttext&quot;:&quot;Francin\\u00f3polis celebra cria\\u00e7\\u00e3o de Par\\u00f3quia e posse do 1\\u00b0 P\\u00e1roco dentro das festividades de anivers\\u00e1rio da cidade&quot;,&quot;thumbnailURL&quot;:&quot;https:\\\/\\\/portalv1.com.br\\\/app\\\/wp-content\\\/uploads\\\/2024\\\/04\\\/20240501201428_IMG_0378-Copy-400x250.jpg&quot;,&quot;style&quot;:&quot;&quot;},{&quot;thumbcode&quot;:&quot;https:\\\/\\\/portalv1.com.br\\\/app\\\/wp-content\\\/uploads\\\/2024\\\/04\\\/20240501201500_IMG_0383-Copy-400x250.jpg&quot;,&quot;imageURL&quot;:&quot;https:\\\/\\\/portalv1.com.br\\\/app\\\/wp-content\\\/uploads\\\/2024\\\/04\\\/20240501201500_IMG_0383-Copy.jpg&quot;,&quot;pid&quot;:199481,&quot;galleryid&quot;:1,&quot;description&quot;:&quot;&quot;,&quot;alttext&quot;:&quot;Francin\\u00f3polis celebra cria\\u00e7\\u00e3o de Par\\u00f3quia e posse do 1\\u00b0 P\\u00e1roco dentro das festividades de anivers\\u00e1rio da cidade&quot;,&quot;thumbnailURL&quot;:&quot;https:\\\/\\\/portalv1.com.br\\\/app\\\/wp-content\\\/uploads\\\/2024\\\/04\\\/20240501201500_IMG_0383-Copy-400x250.jpg&quot;,&quot;style&quot;:&quot;&quot;},{&quot;thumbcode&quot;:&quot;https:\\\/\\\/portalv1.com.br\\\/app\\\/wp-content\\\/uploads\\\/2024\\\/04\\\/20240501201529_IMG_0385-Copy-400x250.jpg&quot;,&quot;imageURL&quot;:&quot;https:\\\/\\\/portalv1.com.br\\\/app\\\/wp-content\\\/uploads\\\/2024\\\/04\\\/20240501201529_IMG_0385-Copy.jpg&quot;,&quot;pid&quot;:199482,&quot;galleryid&quot;:1,&quot;description&quot;:&quot;&quot;,&quot;alttext&quot;:&quot;Francin\\u00f3polis celebra cria\\u00e7\\u00e3o de Par\\u00f3quia e posse do 1\\u00b0 P\\u00e1roco dentro das festividades de anivers\\u00e1rio da cidade&quot;,&quot;thumbnailURL&quot;:&quot;https:\\\/\\\/portalv1.com.br\\\/app\\\/wp-content\\\/uploads\\\/2024\\\/04\\\/20240501201529_IMG_0385-Copy-400x250.jpg&quot;,&quot;style&quot;:&quot;&quot;},{&quot;thumbcode&quot;:&quot;https:\\\/\\\/portalv1.com.br\\\/app\\\/wp-content\\\/uploads\\\/2024\\\/04\\\/20240501203204_IMG_0387-Copy-400x250.jpg&quot;,&quot;imageURL&quot;:&quot;https:\\\/\\\/portalv1.com.br\\\/app\\\/wp-content\\\/uploads\\\/2024\\\/04\\\/20240501203204_IMG_0387-Copy.jpg&quot;,&quot;pid&quot;:199483,&quot;galleryid&quot;:1,&quot;description&quot;:&quot;&quot;,&quot;alttext&quot;:&quot;Francin\\u00f3polis celebra cria\\u00e7\\u00e3o de Par\\u00f3quia e posse do 1\\u00b0 P\\u00e1roco dentro das festividades de anivers\\u00e1rio da cidade&quot;,&quot;thumbnailURL&quot;:&quot;https:\\\/\\\/portalv1.com.br\\\/app\\\/wp-content\\\/uploads\\\/2024\\\/04\\\/20240501203204_IMG_0387-Copy-400x250.jpg&quot;,&quot;style&quot;:&quot;&quot;},{&quot;thumbcode&quot;:&quot;https:\\\/\\\/portalv1.com.br\\\/app\\\/wp-content\\\/uploads\\\/2024\\\/04\\\/20240501203536_IMG_0390-Copy-400x250.jpg&quot;,&quot;imageURL&quot;:&quot;https:\\\/\\\/portalv1.com.br\\\/app\\\/wp-content\\\/uploads\\\/2024\\\/04\\\/20240501203536_IMG_0390-Copy.jpg&quot;,&quot;pid&quot;:199484,&quot;galleryid&quot;:1,&quot;description&quot;:&quot;&quot;,&quot;alttext&quot;:&quot;Francin\\u00f3polis celebra cria\\u00e7\\u00e3o de Par\\u00f3quia e posse do 1\\u00b0 P\\u00e1roco dentro das festividades de anivers\\u00e1rio da cidade&quot;,&quot;thumbnailURL&quot;:&quot;https:\\\/\\\/portalv1.com.br\\\/app\\\/wp-content\\\/uploads\\\/2024\\\/04\\\/20240501203536_IMG_0390-Copy-400x250.jpg&quot;,&quot;style&quot;:&quot;&quot;},{&quot;thumbcode&quot;:&quot;https:\\\/\\\/portalv1.com.br\\\/app\\\/wp-content\\\/uploads\\\/2024\\\/04\\\/20240501203544_IMG_0391-Copy-400x250.jpg&quot;,&quot;imageURL&quot;:&quot;https:\\\/\\\/portalv1.com.br\\\/app\\\/wp-content\\\/uploads\\\/2024\\\/04\\\/20240501203544_IMG_0391-Copy.jpg&quot;,&quot;pid&quot;:199485,&quot;galleryid&quot;:1,&quot;description&quot;:&quot;&quot;,&quot;alttext&quot;:&quot;Francin\\u00f3polis celebra cria\\u00e7\\u00e3o de Par\\u00f3quia e posse do 1\\u00b0 P\\u00e1roco dentro das festividades de anivers\\u00e1rio da cidade&quot;,&quot;thumbnailURL&quot;:&quot;https:\\\/\\\/portalv1.com.br\\\/app\\\/wp-content\\\/uploads\\\/2024\\\/04\\\/20240501203544_IMG_0391-Copy-400x250.jpg&quot;,&quot;style&quot;:&quot;&quot;},{&quot;thumbcode&quot;:&quot;https:\\\/\\\/portalv1.com.br\\\/app\\\/wp-content\\\/uploads\\\/2024\\\/04\\\/20240501203548_IMG_0392-Copy-400x250.jpg&quot;,&quot;imageURL&quot;:&quot;https:\\\/\\\/portalv1.com.br\\\/app\\\/wp-content\\\/uploads\\\/2024\\\/04\\\/20240501203548_IMG_0392-Copy.jpg&quot;,&quot;pid&quot;:199486,&quot;galleryid&quot;:1,&quot;description&quot;:&quot;&quot;,&quot;alttext&quot;:&quot;Francin\\u00f3polis celebra cria\\u00e7\\u00e3o de Par\\u00f3quia e posse do 1\\u00b0 P\\u00e1roco dentro das festividades de anivers\\u00e1rio da cidade&quot;,&quot;thumbnailURL&quot;:&quot;https:\\\/\\\/portalv1.com.br\\\/app\\\/wp-content\\\/uploads\\\/2024\\\/04\\\/20240501203548_IMG_0392-Copy-400x250.jpg&quot;,&quot;style&quot;:&quot;&quot;},{&quot;thumbcode&quot;:&quot;https:\\\/\\\/portalv1.com.br\\\/app\\\/wp-content\\\/uploads\\\/2024\\\/04\\\/20240501203607_IMG_0393-Copy-400x250.jpg&quot;,&quot;imageURL&quot;:&quot;https:\\\/\\\/portalv1.com.br\\\/app\\\/wp-content\\\/uploads\\\/2024\\\/04\\\/20240501203607_IMG_0393-Copy.jpg&quot;,&quot;pid&quot;:199487,&quot;galleryid&quot;:1,&quot;description&quot;:&quot;&quot;,&quot;alttext&quot;:&quot;Francin\\u00f3polis celebra cria\\u00e7\\u00e3o de Par\\u00f3quia e posse do 1\\u00b0 P\\u00e1roco dentro das festividades de anivers\\u00e1rio da cidade&quot;,&quot;thumbnailURL&quot;:&quot;https:\\\/\\\/portalv1.com.br\\\/app\\\/wp-content\\\/uploads\\\/2024\\\/04\\\/20240501203607_IMG_0393-Copy-400x250.jpg&quot;,&quot;style&quot;:&quot;&quot;},{&quot;thumbcode&quot;:&quot;https:\\\/\\\/portalv1.com.br\\\/app\\\/wp-content\\\/uploads\\\/2024\\\/04\\\/20240501204457_IMG_0395-Copy-400x250.jpg&quot;,&quot;imageURL&quot;:&quot;https:\\\/\\\/portalv1.com.br\\\/app\\\/wp-content\\\/uploads\\\/2024\\\/04\\\/20240501204457_IMG_0395-Copy.jpg&quot;,&quot;pid&quot;:199488,&quot;galleryid&quot;:1,&quot;description&quot;:&quot;&quot;,&quot;alttext&quot;:&quot;Francin\\u00f3polis celebra cria\\u00e7\\u00e3o de Par\\u00f3quia e posse do 1\\u00b0 P\\u00e1roco dentro das festividades de anivers\\u00e1rio da cidade&quot;,&quot;thumbnailURL&quot;:&quot;https:\\\/\\\/portalv1.com.br\\\/app\\\/wp-content\\\/uploads\\\/2024\\\/04\\\/20240501204457_IMG_0395-Copy-400x250.jpg&quot;,&quot;style&quot;:&quot;&quot;},{&quot;thumbcode&quot;:&quot;https:\\\/\\\/portalv1.com.br\\\/app\\\/wp-content\\\/uploads\\\/2024\\\/04\\\/20240501204541_IMG_0398-Copy-400x250.jpg&quot;,&quot;imageURL&quot;:&quot;https:\\\/\\\/portalv1.com.br\\\/app\\\/wp-content\\\/uploads\\\/2024\\\/04\\\/20240501204541_IMG_0398-Copy.jpg&quot;,&quot;pid&quot;:199489,&quot;galleryid&quot;:1,&quot;description&quot;:&quot;&quot;,&quot;alttext&quot;:&quot;Francin\\u00f3polis celebra cria\\u00e7\\u00e3o de Par\\u00f3quia e posse do 1\\u00b0 P\\u00e1roco dentro das festividades de anivers\\u00e1rio da cidade&quot;,&quot;thumbnailURL&quot;:&quot;https:\\\/\\\/portalv1.com.br\\\/app\\\/wp-content\\\/uploads\\\/2024\\\/04\\\/20240501204541_IMG_0398-Copy-400x250.jpg&quot;,&quot;style&quot;:&quot;&quot;},{&quot;thumbcode&quot;:&quot;https:\\\/\\\/portalv1.com.br\\\/app\\\/wp-content\\\/uploads\\\/2024\\\/04\\\/20240501211705_IMG_0408-Copy-400x250.jpg&quot;,&quot;imageURL&quot;:&quot;https:\\\/\\\/portalv1.com.br\\\/app\\\/wp-content\\\/uploads\\\/2024\\\/04\\\/20240501211705_IMG_0408-Copy.jpg&quot;,&quot;pid&quot;:199490,&quot;galleryid&quot;:1,&quot;description&quot;:&quot;&quot;,&quot;alttext&quot;:&quot;Francin\\u00f3polis celebra cria\\u00e7\\u00e3o de Par\\u00f3quia e posse do 1\\u00b0 P\\u00e1roco dentro das festividades de anivers\\u00e1rio da cidade&quot;,&quot;thumbnailURL&quot;:&quot;https:\\\/\\\/portalv1.com.br\\\/app\\\/wp-content\\\/uploads\\\/2024\\\/04\\\/20240501211705_IMG_0408-Copy-400x250.jpg&quot;,&quot;style&quot;:&quot;&quot;},{&quot;thumbcode&quot;:&quot;https:\\\/\\\/portalv1.com.br\\\/app\\\/wp-content\\\/uploads\\\/2024\\\/04\\\/20240501211708_IMG_0410-Copy-400x250.jpg&quot;,&quot;imageURL&quot;:&quot;https:\\\/\\\/portalv1.com.br\\\/app\\\/wp-content\\\/uploads\\\/2024\\\/04\\\/20240501211708_IMG_0410-Copy.jpg&quot;,&quot;pid&quot;:199491,&quot;galleryid&quot;:1,&quot;description&quot;:&quot;&quot;,&quot;alttext&quot;:&quot;Francin\\u00f3polis celebra cria\\u00e7\\u00e3o de Par\\u00f3quia e posse do 1\\u00b0 P\\u00e1roco dentro das festividades de anivers\\u00e1rio da cidade&quot;,&quot;thumbnailURL&quot;:&quot;https:\\\/\\\/portalv1.com.br\\\/app\\\/wp-content\\\/uploads\\\/2024\\\/04\\\/20240501211708_IMG_0410-Copy-400x250.jpg&quot;,&quot;style&quot;:&quot;&quot;},{&quot;thumbcode&quot;:&quot;https:\\\/\\\/portalv1.com.br\\\/app\\\/wp-content\\\/uploads\\\/2024\\\/04\\\/20240501211734_IMG_0415-Copy-400x250.jpg&quot;,&quot;imageURL&quot;:&quot;https:\\\/\\\/portalv1.com.br\\\/app\\\/wp-content\\\/uploads\\\/2024\\\/04\\\/20240501211734_IMG_0415-Copy.jpg&quot;,&quot;pid&quot;:199492,&quot;galleryid&quot;:1,&quot;description&quot;:&quot;&quot;,&quot;alttext&quot;:&quot;Francin\\u00f3polis celebra cria\\u00e7\\u00e3o de Par\\u00f3quia e posse do 1\\u00b0 P\\u00e1roco dentro das festividades de anivers\\u00e1rio da cidade&quot;,&quot;thumbnailURL&quot;:&quot;https:\\\/\\\/portalv1.com.br\\\/app\\\/wp-content\\\/uploads\\\/2024\\\/04\\\/20240501211734_IMG_0415-Copy-400x250.jpg&quot;,&quot;style&quot;:&quot;&quot;},{&quot;thumbcode&quot;:&quot;https:\\\/\\\/portalv1.com.br\\\/app\\\/wp-content\\\/uploads\\\/2024\\\/04\\\/20240501212020_IMG_0416-Copy-400x250.jpg&quot;,&quot;imageURL&quot;:&quot;https:\\\/\\\/portalv1.com.br\\\/app\\\/wp-content\\\/uploads\\\/2024\\\/04\\\/20240501212020_IMG_0416-Copy.jpg&quot;,&quot;pid&quot;:199493,&quot;galleryid&quot;:1,&quot;description&quot;:&quot;&quot;,&quot;alttext&quot;:&quot;Francin\\u00f3polis celebra cria\\u00e7\\u00e3o de Par\\u00f3quia e posse do 1\\u00b0 P\\u00e1roco dentro das festividades de anivers\\u00e1rio da cidade&quot;,&quot;thumbnailURL&quot;:&quot;https:\\\/\\\/portalv1.com.br\\\/app\\\/wp-content\\\/uploads\\\/2024\\\/04\\\/20240501212020_IMG_0416-Copy-400x250.jpg&quot;,&quot;style&quot;:&quot;&quot;},{&quot;thumbcode&quot;:&quot;https:\\\/\\\/portalv1.com.br\\\/app\\\/wp-content\\\/uploads\\\/2024\\\/04\\\/20240501212139_IMG_0418-Copy-400x250.jpg&quot;,&quot;imageURL&quot;:&quot;https:\\\/\\\/portalv1.com.br\\\/app\\\/wp-content\\\/uploads\\\/2024\\\/04\\\/20240501212139_IMG_0418-Copy.jpg&quot;,&quot;pid&quot;:199494,&quot;galleryid&quot;:1,&quot;description&quot;:&quot;&quot;,&quot;alttext&quot;:&quot;Francin\\u00f3polis celebra cria\\u00e7\\u00e3o de Par\\u00f3quia e posse do 1\\u00b0 P\\u00e1roco dentro das festividades de anivers\\u00e1rio da cidade&quot;,&quot;thumbnailURL&quot;:&quot;https:\\\/\\\/portalv1.com.br\\\/app\\\/wp-content\\\/uploads\\\/2024\\\/04\\\/20240501212139_IMG_0418-Copy-400x250.jpg&quot;,&quot;style&quot;:&quot;&quot;},{&quot;thumbcode&quot;:&quot;https:\\\/\\\/portalv1.com.br\\\/app\\\/wp-content\\\/uploads\\\/2024\\\/04\\\/20240501212143_IMG_0420-Copy-400x250.jpg&quot;,&quot;imageURL&quot;:&quot;https:\\\/\\\/portalv1.com.br\\\/app\\\/wp-content\\\/uploads\\\/2024\\\/04\\\/20240501212143_IMG_0420-Copy.jpg&quot;,&quot;pid&quot;:199495,&quot;galleryid&quot;:1,&quot;description&quot;:&quot;&quot;,&quot;alttext&quot;:&quot;Francin\\u00f3polis celebra cria\\u00e7\\u00e3o de Par\\u00f3quia e posse do 1\\u00b0 P\\u00e1roco dentro das festividades de anivers\\u00e1rio da cidade&quot;,&quot;thumbnailURL&quot;:&quot;https:\\\/\\\/portalv1.com.br\\\/app\\\/wp-content\\\/uploads\\\/2024\\\/04\\\/20240501212143_IMG_0420-Copy-400x250.jpg&quot;,&quot;style&quot;:&quot;&quot;},{&quot;thumbcode&quot;:&quot;https:\\\/\\\/portalv1.com.br\\\/app\\\/wp-content\\\/uploads\\\/2024\\\/04\\\/20240501215918_IMG_0427-Copy-400x250.jpg&quot;,&quot;imageURL&quot;:&quot;https:\\\/\\\/portalv1.com.br\\\/app\\\/wp-content\\\/uploads\\\/2024\\\/04\\\/20240501215918_IMG_0427-Copy.jpg&quot;,&quot;pid&quot;:199496,&quot;galleryid&quot;:1,&quot;description&quot;:&quot;&quot;,&quot;alttext&quot;:&quot;Francin\\u00f3polis celebra cria\\u00e7\\u00e3o de Par\\u00f3quia e posse do 1\\u00b0 P\\u00e1roco dentro das festividades de anivers\\u00e1rio da cidade&quot;,&quot;thumbnailURL&quot;:&quot;https:\\\/\\\/portalv1.com.br\\\/app\\\/wp-content\\\/uploads\\\/2024\\\/04\\\/20240501215918_IMG_0427-Copy-400x250.jpg&quot;,&quot;style&quot;:&quot;&quot;},{&quot;thumbcode&quot;:&quot;https:\\\/\\\/portalv1.com.br\\\/app\\\/wp-content\\\/uploads\\\/2024\\\/04\\\/20240501215939_IMG_0428-Copy-400x250.jpg&quot;,&quot;imageURL&quot;:&quot;https:\\\/\\\/portalv1.com.br\\\/app\\\/wp-content\\\/uploads\\\/2024\\\/04\\\/20240501215939_IMG_0428-Copy.jpg&quot;,&quot;pid&quot;:199497,&quot;galleryid&quot;:1,&quot;description&quot;:&quot;&quot;,&quot;alttext&quot;:&quot;Francin\\u00f3polis celebra cria\\u00e7\\u00e3o de Par\\u00f3quia e posse do 1\\u00b0 P\\u00e1roco dentro das festividades de anivers\\u00e1rio da cidade&quot;,&quot;thumbnailURL&quot;:&quot;https:\\\/\\\/portalv1.com.br\\\/app\\\/wp-content\\\/uploads\\\/2024\\\/04\\\/20240501215939_IMG_0428-Copy-400x250.jpg&quot;,&quot;style&quot;:&quot;&quot;},{&quot;thumbcode&quot;:&quot;https:\\\/\\\/portalv1.com.br\\\/app\\\/wp-content\\\/uploads\\\/2024\\\/04\\\/20240501220031_IMG_0430-Copy-400x250.jpg&quot;,&quot;imageURL&quot;:&quot;https:\\\/\\\/portalv1.com.br\\\/app\\\/wp-content\\\/uploads\\\/2024\\\/04\\\/20240501220031_IMG_0430-Copy.jpg&quot;,&quot;pid&quot;:199498,&quot;galleryid&quot;:1,&quot;description&quot;:&quot;&quot;,&quot;alttext&quot;:&quot;Francin\\u00f3polis celebra cria\\u00e7\\u00e3o de Par\\u00f3quia e posse do 1\\u00b0 P\\u00e1roco dentro das festividades de anivers\\u00e1rio da cidade&quot;,&quot;thumbnailURL&quot;:&quot;https:\\\/\\\/portalv1.com.br\\\/app\\\/wp-content\\\/uploads\\\/2024\\\/04\\\/20240501220031_IMG_0430-Copy-400x250.jpg&quot;,&quot;style&quot;:&quot;&quot;},{&quot;thumbcode&quot;:&quot;https:\\\/\\\/portalv1.com.br\\\/app\\\/wp-content\\\/uploads\\\/2024\\\/04\\\/20240501221234_IMG_0441-Copy-400x250.jpg&quot;,&quot;imageURL&quot;:&quot;https:\\\/\\\/portalv1.com.br\\\/app\\\/wp-content\\\/uploads\\\/2024\\\/04\\\/20240501221234_IMG_0441-Copy.jpg&quot;,&quot;pid&quot;:199499,&quot;galleryid&quot;:1,&quot;description&quot;:&quot;&quot;,&quot;alttext&quot;:&quot;Francin\\u00f3polis celebra cria\\u00e7\\u00e3o de Par\\u00f3quia e posse do 1\\u00b0 P\\u00e1roco dentro das festividades de anivers\\u00e1rio da cidade&quot;,&quot;thumbnailURL&quot;:&quot;https:\\\/\\\/portalv1.com.br\\\/app\\\/wp-content\\\/uploads\\\/2024\\\/04\\\/20240501221234_IMG_0441-Copy-400x250.jpg&quot;,&quot;style&quot;:&quot;&quot;}]}}\"><\/div>\n                  <\/div>\n<p>&nbsp;<\/p>\n<p>&nbsp;<\/p>\n<p>&nbsp;<\/p>\n<p>&nbsp;<\/p>\n","protected":false},"excerpt":{"rendered":"<p>A cidade de Francin\u00f3polis do Piau\u00ed celebrou neste domingo (28), a Cria\u00e7\u00e3o da Par\u00f3quia de S\u00e3o Francisco de Assis e apresenta\u00e7\u00e3o e posse do 1\u00b0 P\u00e1roco. A instala\u00e7\u00e3o da par\u00f3quia&#8230;<\/p>\n","protected":false},"author":1,"featured_media":199500,"comment_status":"open","ping_status":"open","sticky":false,"template":"","format":"standard","meta":{"ngg_post_thumbnail":0,"footnotes":""},"categories":[243],"tags":[],"class_list":["post-199330","post","type-post","status-publish","format-standard","has-post-thumbnail","hentry","category-geral"],"views":834,"meta_data":{"thumb":"https:\/\/portalv1.com.br\/app\/wp-content\/uploads\/2024\/04\/padre-raimundo.jpg","imagem":{"fullsize":{"url":"https:\/\/portalv1.com.br\/app\/wp-content\/uploads\/2024\/04\/padre-raimundo.jpg","width":1280,"height":720},"medium":{"url":"https:\/\/portalv1.com.br\/app\/wp-content\/uploads\/2024\/04\/padre-raimundo-300x169.jpg","width":300,"height":169},"large":{"url":"https:\/\/portalv1.com.br\/app\/wp-content\/uploads\/2024\/04\/padre-raimundo-640x360.jpg","width":640,"height":360},"thumbnail":{"url":"https:\/\/portalv1.com.br\/app\/wp-content\/uploads\/2024\/04\/padre-raimundo-100x100.jpg","width":100,"height":100},"medium_large":{"url":"https:\/\/portalv1.com.br\/app\/wp-content\/uploads\/2024\/04\/padre-raimundo-768x432.jpg","width":768,"height":432}},"data":{"simple":"29\/04\/2024","date_time":"29\/04\/2024 16:56:36","date":"h\u00e1 2 anos"},"chapeu":"Fotos e video","source":"slide"},"_links":{"self":[{"href":"https:\/\/portalv1.com.br\/api\/wp\/v2\/posts\/199330","targetHints":{"allow":["GET"]}}],"collection":[{"href":"https:\/\/portalv1.com.br\/api\/wp\/v2\/posts"}],"about":[{"href":"https:\/\/portalv1.com.br\/api\/wp\/v2\/types\/post"}],"author":[{"embeddable":true,"href":"https:\/\/portalv1.com.br\/api\/wp\/v2\/users\/1"}],"replies":[{"embeddable":true,"href":"https:\/\/portalv1.com.br\/api\/wp\/v2\/comments?post=199330"}],"version-history":[{"count":0,"href":"https:\/\/portalv1.com.br\/api\/wp\/v2\/posts\/199330\/revisions"}],"wp:featuredmedia":[{"embeddable":true,"href":"https:\/\/portalv1.com.br\/api\/wp\/v2\/media\/199500"}],"wp:attachment":[{"href":"https:\/\/portalv1.com.br\/api\/wp\/v2\/media?parent=199330"}],"wp:term":[{"taxonomy":"category","embeddable":true,"href":"https:\/\/portalv1.com.br\/api\/wp\/v2\/categories?post=199330"},{"taxonomy":"post_tag","embeddable":true,"href":"https:\/\/portalv1.com.br\/api\/wp\/v2\/tags?post=199330"}],"curies":[{"name":"wp","href":"https:\/\/api.w.org\/{rel}","templated":true}]}}